{"id":770,"date":"2019-02-15T15:04:48","date_gmt":"2019-02-15T17:04:48","guid":{"rendered":"http:\/\/www.santaritadopassaquatro.sp.gov.br\/portal\/?p=770"},"modified":"2019-02-15T15:04:48","modified_gmt":"2019-02-15T17:04:48","slug":"antes-da-aprecesp-prefeito-esteve-em-reuniao-com-secretarios-de-estado","status":"publish","type":"post","link":"https:\/\/www.santaritadopassaquatro.sp.gov.br\/portal\/antes-da-aprecesp-prefeito-esteve-em-reuniao-com-secretarios-de-estado\/","title":{"rendered":"Antes da Aprecesp, prefeito esteve em reuni\u00e3o com secret\u00e1rios de Estado"},"content":{"rendered":"<p><strong><em>Encontro aconteceu no Pal\u00e1cio dos bandeirantes em S\u00e3o Paulo tamb\u00e9m com presidentes da Amitesp e APM<\/em><\/strong><\/p>\n<p style=\"text-align: center;\">\n<figure id=\"attachment_772\" aria-describedby=\"caption-attachment-772\" style=\"width: 345px\" class=\"wp-caption alignleft\"><img decoding=\"async\" class=\"wp-image-772\" src=\"http:\/\/www.santaritadopassaquatro.sp.gov.br\/portal\/wp-content\/uploads\/2019\/02\/Prefeito_reuniao_sexta_SP-300x146.jpeg\" alt=\"\" width=\"345\" height=\"168\" srcset=\"https:\/\/www.santaritadopassaquatro.sp.gov.br\/portal\/wp-content\/uploads\/2019\/02\/Prefeito_reuniao_sexta_SP-300x146.jpeg 300w, https:\/\/www.santaritadopassaquatro.sp.gov.br\/portal\/wp-content\/uploads\/2019\/02\/Prefeito_reuniao_sexta_SP-768x373.jpeg 768w, https:\/\/www.santaritadopassaquatro.sp.gov.br\/portal\/wp-content\/uploads\/2019\/02\/Prefeito_reuniao_sexta_SP-1024x498.jpeg 1024w, https:\/\/www.santaritadopassaquatro.sp.gov.br\/portal\/wp-content\/uploads\/2019\/02\/Prefeito_reuniao_sexta_SP.jpeg 1280w\" sizes=\"(max-width: 345px) 100vw, 345px\" \/><figcaption id=\"caption-attachment-772\" class=\"wp-caption-text\"><span style=\"font-size: 8pt; color: #999999;\"><em>Secret\u00e1rios de Estado, presidente e diretoria da Aprecesp, Amistesp e APM em reuni\u00e3o em S\u00e3o Paulo (Divulga\u00e7\u00e3o)<\/em><\/span><\/figcaption><\/figure>\n<p>Antes de presidir a 1\u00aa Reuni\u00e3o Ordin\u00e1ria de Prefeitos da Aprecesp (Associa\u00e7\u00e3o das Prefeituras Est\u00e2ncias do Estado de S\u00e3o Paulo), o prefeito de Santa Rita do Passa Quatro, Leandro Luciano dos Santos, esteve na tarde sexta-feira (8\/2), em S\u00e3o Paulo, para uma reuni\u00e3o com secret\u00e1rios de Estado do governo paulista.<\/p>\n<p>A reuni\u00e3o no Pal\u00e1cio dos Bandeirantes contou com demais membros da diretoria da Aprecesp, com os secret\u00e1rios estaduais de Desenvolvimento Regional, Marco Vinholi, e de Turismo, Vinicius Lummertz, e o presidente da Associa\u00e7\u00e3o Paulista dos Munic\u00edpios &#8211; APM, Carlos Cruz.<\/p>\n<p>Al\u00e9m do prefeito santa-ritense, presidente da Aprecesp, estiveram presentes na reuni\u00e3o em S\u00e3o Paulo, o vice-presidente da entidade e prefeito de Canan\u00e9ia, Gabriel Rosa, e os prefeitos de Holambra, Fernando Fiori, de Itanha\u00e9m, Marco Aur\u00e9lio, e de Campos de Jord\u00e3o, Fred Guidoni, a presidente da Amitesp (Associa\u00e7\u00e3o dos Munic\u00edpios de Interesse Tur\u00edstico do Estado de S\u00e3o Paulo), a prefeita de Monteiro Lobato, Daniela de C\u00e1ssia Santos Brito. Na ocasi\u00e3o, os secret\u00e1rios estaduais garantiram que as prefeituras est\u00e2ncias e os MITs n\u00e3o ir\u00e3o perder os recursos dos conv\u00eanios Dadetur 2018.<\/p>\n<p>Logo ap\u00f3s a reuni\u00e3o, diretoria da Aprecesp, o presidente da APM e o secret\u00e1rio de Desenvolvimento Regional se dirigiram para em \u00c1guas de Lind\u00f3ia, para o evento do fim de semana.<\/p>\n<p><strong>\u00a0<\/strong><\/p>\n<p>&nbsp;<\/p>\n","protected":false},"excerpt":{"rendered":"<p>Encontro aconteceu no Pal\u00e1cio dos bandeirantes em S\u00e3o Paulo tamb\u00e9m com presidentes da Amitesp e APM Antes de presidir a<\/p>\n","protected":false},"author":1,"featured_media":0,"comment_status":"closed","ping_status":"open","sticky":false,"template":"","format":"standard","meta":{"footnotes":""},"categories":[44,48,57,60],"tags":[],"class_list":["post-770","post","type-post","status-publish","format-standard","hentry","category-cidades","category-featured","category-politics","category-turismo"],"_links":{"self":[{"href":"https:\/\/www.santaritadopassaquatro.sp.gov.br\/portal\/wp-json\/wp\/v2\/posts\/770","targetHints":{"allow":["GET"]}}],"collection":[{"href":"https:\/\/www.santaritadopassaquatro.sp.gov.br\/portal\/wp-json\/wp\/v2\/posts"}],"about":[{"href":"https:\/\/www.santaritadopassaquatro.sp.gov.br\/portal\/wp-json\/wp\/v2\/types\/post"}],"author":[{"embeddable":true,"href":"https:\/\/www.santaritadopassaquatro.sp.gov.br\/portal\/wp-json\/wp\/v2\/users\/1"}],"replies":[{"embeddable":true,"href":"https:\/\/www.santaritadopassaquatro.sp.gov.br\/portal\/wp-json\/wp\/v2\/comments?post=770"}],"version-history":[{"count":0,"href":"https:\/\/www.santaritadopassaquatro.sp.gov.br\/portal\/wp-json\/wp\/v2\/posts\/770\/revisions"}],"wp:attachment":[{"href":"https:\/\/www.santaritadopassaquatro.sp.gov.br\/portal\/wp-json\/wp\/v2\/media?parent=770"}],"wp:term":[{"taxonomy":"category","embeddable":true,"href":"https:\/\/www.santaritadopassaquatro.sp.gov.br\/portal\/wp-json\/wp\/v2\/categories?post=770"},{"taxonomy":"post_tag","embeddable":true,"href":"https:\/\/www.santaritadopassaquatro.sp.gov.br\/portal\/wp-json\/wp\/v2\/tags?post=770"}],"curies":[{"name":"wp","href":"https:\/\/api.w.org\/{rel}","templated":true}]}}