{"id":7713,"date":"2022-09-01T15:33:11","date_gmt":"2022-09-01T18:33:11","guid":{"rendered":"http:\/\/www.santaritadopassaquatro.sp.gov.br\/portal\/?p=7713"},"modified":"2022-09-05T15:35:05","modified_gmt":"2022-09-05T18:35:05","slug":"pedal-ecologico-parceria-entre-prefeitura-municipal-e-usina-santa-rita","status":"publish","type":"post","link":"https:\/\/www.santaritadopassaquatro.sp.gov.br\/portal\/pedal-ecologico-parceria-entre-prefeitura-municipal-e-usina-santa-rita\/","title":{"rendered":"Pedal Ecol\u00f3gico \u2013 Parceria entre Prefeitura Municipal e Usina Santa Rita"},"content":{"rendered":"<p>No dia 21 de agosto de 2022, \u00e0s 07:00H, o Departamento de Agricultura e Meio Ambiente, Departamento de Turismo, Cultura, Esporte e Lazer e Usina Santa Rita, juntamente com os grupos de Pedais de Santa Rita do Passa Quatro, organizaram um pedal em pr\u00f3 \u00e0 campanha de combate ao fogo (Opera\u00e7\u00e3o Corta- Fogo).<\/p>\n<p>O evento teve como ponto de encontro \u00e0 Pra\u00e7a M\u00e1rio Mattoso (Esta\u00e7\u00e3o) e contou com o apoio da equipe da UNIMED, para aferi\u00e7\u00e3o de press\u00e3o e glicose, al\u00e9m de entrega de kits e um sorteio realizado para os ciclistas presentes. O trajeto contemplou a \u00e1rea rural do munic\u00edpio descendo a serra da Fazenda Concei\u00e7\u00e3o, e retornando pelo trajeto da Fazenda Jequitib\u00e1. Durante o percurso os ciclistas tiveram um carro de apoio do DAMA e uma ambul\u00e2ncia para eventuais emerg\u00eancias.<\/p>\n<p><img decoding=\"async\" class=\"aligncenter size-full wp-image-7714\" src=\"http:\/\/www.santaritadopassaquatro.sp.gov.br\/portal\/wp-content\/uploads\/2022\/09\/0859c42f-3fa7-4d7d-8f6e-c3040a801ad0.jpg\" alt=\"\" width=\"1200\" height=\"628\" \/> <img decoding=\"async\" class=\"aligncenter size-large wp-image-7715\" src=\"http:\/\/www.santaritadopassaquatro.sp.gov.br\/portal\/wp-content\/uploads\/2022\/09\/ab844b5b-8232-4894-881a-cef9b3f9e4f3.jpg\" alt=\"\" width=\"800\" height=\"419\" \/><\/p>\n","protected":false},"excerpt":{"rendered":"<p>No dia 21 de agosto de 2022, \u00e0s 07:00H, o Departamento de Agricultura e Meio Ambiente, Departamento de Turismo, Cultura,<\/p>\n","protected":false},"author":1,"featured_media":7716,"comment_status":"closed","ping_status":"open","sticky":false,"template":"","format":"standard","meta":{"footnotes":""},"categories":[53],"tags":[],"class_list":["post-7713","post","type-post","status-publish","format-standard","has-post-thumbnail","hentry","category-meio-ambiente"],"_links":{"self":[{"href":"https:\/\/www.santaritadopassaquatro.sp.gov.br\/portal\/wp-json\/wp\/v2\/posts\/7713","targetHints":{"allow":["GET"]}}],"collection":[{"href":"https:\/\/www.santaritadopassaquatro.sp.gov.br\/portal\/wp-json\/wp\/v2\/posts"}],"about":[{"href":"https:\/\/www.santaritadopassaquatro.sp.gov.br\/portal\/wp-json\/wp\/v2\/types\/post"}],"author":[{"embeddable":true,"href":"https:\/\/www.santaritadopassaquatro.sp.gov.br\/portal\/wp-json\/wp\/v2\/users\/1"}],"replies":[{"embeddable":true,"href":"https:\/\/www.santaritadopassaquatro.sp.gov.br\/portal\/wp-json\/wp\/v2\/comments?post=7713"}],"version-history":[{"count":1,"href":"https:\/\/www.santaritadopassaquatro.sp.gov.br\/portal\/wp-json\/wp\/v2\/posts\/7713\/revisions"}],"predecessor-version":[{"id":7717,"href":"https:\/\/www.santaritadopassaquatro.sp.gov.br\/portal\/wp-json\/wp\/v2\/posts\/7713\/revisions\/7717"}],"wp:featuredmedia":[{"embeddable":true,"href":"https:\/\/www.santaritadopassaquatro.sp.gov.br\/portal\/wp-json\/wp\/v2\/media\/7716"}],"wp:attachment":[{"href":"https:\/\/www.santaritadopassaquatro.sp.gov.br\/portal\/wp-json\/wp\/v2\/media?parent=7713"}],"wp:term":[{"taxonomy":"category","embeddable":true,"href":"https:\/\/www.santaritadopassaquatro.sp.gov.br\/portal\/wp-json\/wp\/v2\/categories?post=7713"},{"taxonomy":"post_tag","embeddable":true,"href":"https:\/\/www.santaritadopassaquatro.sp.gov.br\/portal\/wp-json\/wp\/v2\/tags?post=7713"}],"curies":[{"name":"wp","href":"https:\/\/api.w.org\/{rel}","templated":true}]}}