{"id":7726,"date":"2022-09-27T14:56:02","date_gmt":"2022-09-27T17:56:02","guid":{"rendered":"http:\/\/www.santaritadopassaquatro.sp.gov.br\/portal\/?p=7726"},"modified":"2022-09-27T14:56:02","modified_gmt":"2022-09-27T17:56:02","slug":"edital-de-atribuicao2022-2","status":"publish","type":"post","link":"https:\/\/www.santaritadopassaquatro.sp.gov.br\/portal\/edital-de-atribuicao2022-2\/","title":{"rendered":"EDITAL DE ATRIBUI\u00c7\u00c3O\/2022."},"content":{"rendered":"<p>Baixe o Edital no link: <a href=\"http:\/\/www.santaritadopassaquatro.sp.gov.br\/portal\/wp-content\/uploads\/2022\/09\/EDITAL-DE-ATRIBUI\u00c7\u00c3O-EMEF-PEB-II-MATEM\u00c1TICA.pdf\" target=\"_blank\" rel=\"noopener\">EDITAL DE ATRIBUI\u00c7\u00c3O EMEF &#8211; PEB II &#8211; MATEM\u00c1TICA<\/a><\/p>\n<p>Baixe o CRONOGRAMA no link: <a href=\"http:\/\/www.santaritadopassaquatro.sp.gov.br\/portal\/wp-content\/uploads\/2022\/09\/CRONOGRAMA-ATRIBUI\u00c7\u00c3O-DE-AULAS-2022-28-09.pdf\" target=\"_blank\" rel=\"noopener\">CRONOGRAMA ATRIBUI\u00c7\u00c3O DE AULAS 2022 28-09<\/a><\/p>\n","protected":false},"excerpt":{"rendered":"<p>Baixe o Edital no link: EDITAL DE ATRIBUI\u00c7\u00c3O EMEF &#8211; PEB II &#8211; MATEM\u00c1TICA Baixe o CRONOGRAMA no link: CRONOGRAMA<\/p>\n","protected":false},"author":1,"featured_media":0,"comment_status":"closed","ping_status":"open","sticky":false,"template":"","format":"standard","meta":{"footnotes":""},"categories":[33],"tags":[],"class_list":["post-7726","post","type-post","status-publish","format-standard","hentry","category-atribuicao-de-aulas"],"_links":{"self":[{"href":"https:\/\/www.santaritadopassaquatro.sp.gov.br\/portal\/wp-json\/wp\/v2\/posts\/7726","targetHints":{"allow":["GET"]}}],"collection":[{"href":"https:\/\/www.santaritadopassaquatro.sp.gov.br\/portal\/wp-json\/wp\/v2\/posts"}],"about":[{"href":"https:\/\/www.santaritadopassaquatro.sp.gov.br\/portal\/wp-json\/wp\/v2\/types\/post"}],"author":[{"embeddable":true,"href":"https:\/\/www.santaritadopassaquatro.sp.gov.br\/portal\/wp-json\/wp\/v2\/users\/1"}],"replies":[{"embeddable":true,"href":"https:\/\/www.santaritadopassaquatro.sp.gov.br\/portal\/wp-json\/wp\/v2\/comments?post=7726"}],"version-history":[{"count":1,"href":"https:\/\/www.santaritadopassaquatro.sp.gov.br\/portal\/wp-json\/wp\/v2\/posts\/7726\/revisions"}],"predecessor-version":[{"id":7729,"href":"https:\/\/www.santaritadopassaquatro.sp.gov.br\/portal\/wp-json\/wp\/v2\/posts\/7726\/revisions\/7729"}],"wp:attachment":[{"href":"https:\/\/www.santaritadopassaquatro.sp.gov.br\/portal\/wp-json\/wp\/v2\/media?parent=7726"}],"wp:term":[{"taxonomy":"category","embeddable":true,"href":"https:\/\/www.santaritadopassaquatro.sp.gov.br\/portal\/wp-json\/wp\/v2\/categories?post=7726"},{"taxonomy":"post_tag","embeddable":true,"href":"https:\/\/www.santaritadopassaquatro.sp.gov.br\/portal\/wp-json\/wp\/v2\/tags?post=7726"}],"curies":[{"name":"wp","href":"https:\/\/api.w.org\/{rel}","templated":true}]}}