{"id":7744,"date":"2022-10-17T15:55:17","date_gmt":"2022-10-17T18:55:17","guid":{"rendered":"http:\/\/www.santaritadopassaquatro.sp.gov.br\/portal\/?p=7744"},"modified":"2022-10-17T15:55:17","modified_gmt":"2022-10-17T18:55:17","slug":"dama-e-comasa-realizam-palestra-sobre-a-importancia-da-ete-na-emef-madre-carmelita","status":"publish","type":"post","link":"https:\/\/www.santaritadopassaquatro.sp.gov.br\/portal\/dama-e-comasa-realizam-palestra-sobre-a-importancia-da-ete-na-emef-madre-carmelita\/","title":{"rendered":"DAMA e COMASA realizam palestra sobre a \u201cImport\u00e2ncia da ETE\u201d na EMEF \u201cMadre Carmelita\u201d"},"content":{"rendered":"<p><img decoding=\"async\" class=\"aligncenter size-full wp-image-7746\" src=\"http:\/\/www.santaritadopassaquatro.sp.gov.br\/portal\/wp-content\/uploads\/2022\/10\/palestra-comasa-4.jpg\" alt=\"\" width=\"1600\" height=\"1201\" \/>o dia 16 de agosto de 2022, o DAMA em parceria com a COMASA (CIA de \u00c1guas de Santa Rita), estiveram presentes na EMEF \u201cMadre Carmelita\u201d para realizar palestras educativas sobre \u201cA import\u00e2ncia da Esta\u00e7\u00e3o de Tratamento de Esgoto\u201d, os alunos tiveram a oportunidade de conhecer o processo de tratamento de efluentes em nosso munic\u00edpio atrav\u00e9s de fotos e v\u00eddeos explicativos, apresentados pela T\u00e9cnica Isabelly Girotto Pucci da COMASA.<\/p>\n","protected":false},"excerpt":{"rendered":"<p>o dia 16 de agosto de 2022, o DAMA em parceria com a COMASA (CIA de \u00c1guas de Santa Rita),<\/p>\n","protected":false},"author":3,"featured_media":7745,"comment_status":"closed","ping_status":"open","sticky":false,"template":"","format":"standard","meta":{"footnotes":""},"categories":[53],"tags":[66,67,65,64],"class_list":["post-7744","post","type-post","status-publish","format-standard","has-post-thumbnail","hentry","category-meio-ambiente","tag-agua","tag-comasa","tag-meio-ambiente","tag-santa-rita"],"_links":{"self":[{"href":"https:\/\/www.santaritadopassaquatro.sp.gov.br\/portal\/wp-json\/wp\/v2\/posts\/7744","targetHints":{"allow":["GET"]}}],"collection":[{"href":"https:\/\/www.santaritadopassaquatro.sp.gov.br\/portal\/wp-json\/wp\/v2\/posts"}],"about":[{"href":"https:\/\/www.santaritadopassaquatro.sp.gov.br\/portal\/wp-json\/wp\/v2\/types\/post"}],"author":[{"embeddable":true,"href":"https:\/\/www.santaritadopassaquatro.sp.gov.br\/portal\/wp-json\/wp\/v2\/users\/3"}],"replies":[{"embeddable":true,"href":"https:\/\/www.santaritadopassaquatro.sp.gov.br\/portal\/wp-json\/wp\/v2\/comments?post=7744"}],"version-history":[{"count":1,"href":"https:\/\/www.santaritadopassaquatro.sp.gov.br\/portal\/wp-json\/wp\/v2\/posts\/7744\/revisions"}],"predecessor-version":[{"id":7747,"href":"https:\/\/www.santaritadopassaquatro.sp.gov.br\/portal\/wp-json\/wp\/v2\/posts\/7744\/revisions\/7747"}],"wp:featuredmedia":[{"embeddable":true,"href":"https:\/\/www.santaritadopassaquatro.sp.gov.br\/portal\/wp-json\/wp\/v2\/media\/7745"}],"wp:attachment":[{"href":"https:\/\/www.santaritadopassaquatro.sp.gov.br\/portal\/wp-json\/wp\/v2\/media?parent=7744"}],"wp:term":[{"taxonomy":"category","embeddable":true,"href":"https:\/\/www.santaritadopassaquatro.sp.gov.br\/portal\/wp-json\/wp\/v2\/categories?post=7744"},{"taxonomy":"post_tag","embeddable":true,"href":"https:\/\/www.santaritadopassaquatro.sp.gov.br\/portal\/wp-json\/wp\/v2\/tags?post=7744"}],"curies":[{"name":"wp","href":"https:\/\/api.w.org\/{rel}","templated":true}]}}