{"id":7753,"date":"2022-10-17T17:14:43","date_gmt":"2022-10-17T20:14:43","guid":{"rendered":"http:\/\/www.santaritadopassaquatro.sp.gov.br\/portal\/?p=7753"},"modified":"2022-10-17T17:14:43","modified_gmt":"2022-10-17T20:14:43","slug":"alunos-da-creche-ana-mardegan-scorsolini-realizam-plantio-em-parceria-com-o-dama","status":"publish","type":"post","link":"https:\/\/www.santaritadopassaquatro.sp.gov.br\/portal\/alunos-da-creche-ana-mardegan-scorsolini-realizam-plantio-em-parceria-com-o-dama\/","title":{"rendered":"Alunos da Creche Ana Mardegan Scorsolini realizam plantio em parceria com o DAMA"},"content":{"rendered":"<p>No dia 27 de Setembro, em comemora\u00e7\u00e3o ao dia da \u00e1rvore (21\/07) os alunos da Creche Ana Mardegan Scorsolini receberam a visita dos funcion\u00e1rios Bruno, Amauri e Anderson do Departamento de Agricultura e Meio Ambiente, para realizar o plantio de 2 \u00e1rvores nas depend\u00eancias da escola. Os alunos tiveram a oportunidade de aprender com o Tio Amauri sobre a import\u00e2ncia da \u00e1rvore e realizaram o plantio monitorado.<img decoding=\"async\" class=\"aligncenter size-full wp-image-7754\" src=\"http:\/\/www.santaritadopassaquatro.sp.gov.br\/portal\/wp-content\/uploads\/2022\/10\/plantio-creche-1.jpg\" alt=\"\" width=\"1201\" height=\"1600\" \/> <img decoding=\"async\" class=\" wp-image-7755 aligncenter\" src=\"http:\/\/www.santaritadopassaquatro.sp.gov.br\/portal\/wp-content\/uploads\/2022\/10\/plantio-creche-2.jpg\" alt=\"\" width=\"1200\" height=\"1599\" \/> <img decoding=\"async\" class=\" wp-image-7756 aligncenter\" src=\"http:\/\/www.santaritadopassaquatro.sp.gov.br\/portal\/wp-content\/uploads\/2022\/10\/plantio-creche-3.jpg\" alt=\"\" width=\"1196\" height=\"898\" \/><\/p>\n","protected":false},"excerpt":{"rendered":"<p>No dia 27 de Setembro, em comemora\u00e7\u00e3o ao dia da \u00e1rvore (21\/07) os alunos da Creche Ana Mardegan Scorsolini receberam<\/p>\n","protected":false},"author":3,"featured_media":7755,"comment_status":"closed","ping_status":"open","sticky":false,"template":"","format":"standard","meta":{"footnotes":""},"categories":[53],"tags":[],"class_list":["post-7753","post","type-post","status-publish","format-standard","has-post-thumbnail","hentry","category-meio-ambiente"],"_links":{"self":[{"href":"https:\/\/www.santaritadopassaquatro.sp.gov.br\/portal\/wp-json\/wp\/v2\/posts\/7753","targetHints":{"allow":["GET"]}}],"collection":[{"href":"https:\/\/www.santaritadopassaquatro.sp.gov.br\/portal\/wp-json\/wp\/v2\/posts"}],"about":[{"href":"https:\/\/www.santaritadopassaquatro.sp.gov.br\/portal\/wp-json\/wp\/v2\/types\/post"}],"author":[{"embeddable":true,"href":"https:\/\/www.santaritadopassaquatro.sp.gov.br\/portal\/wp-json\/wp\/v2\/users\/3"}],"replies":[{"embeddable":true,"href":"https:\/\/www.santaritadopassaquatro.sp.gov.br\/portal\/wp-json\/wp\/v2\/comments?post=7753"}],"version-history":[{"count":1,"href":"https:\/\/www.santaritadopassaquatro.sp.gov.br\/portal\/wp-json\/wp\/v2\/posts\/7753\/revisions"}],"predecessor-version":[{"id":7757,"href":"https:\/\/www.santaritadopassaquatro.sp.gov.br\/portal\/wp-json\/wp\/v2\/posts\/7753\/revisions\/7757"}],"wp:featuredmedia":[{"embeddable":true,"href":"https:\/\/www.santaritadopassaquatro.sp.gov.br\/portal\/wp-json\/wp\/v2\/media\/7755"}],"wp:attachment":[{"href":"https:\/\/www.santaritadopassaquatro.sp.gov.br\/portal\/wp-json\/wp\/v2\/media?parent=7753"}],"wp:term":[{"taxonomy":"category","embeddable":true,"href":"https:\/\/www.santaritadopassaquatro.sp.gov.br\/portal\/wp-json\/wp\/v2\/categories?post=7753"},{"taxonomy":"post_tag","embeddable":true,"href":"https:\/\/www.santaritadopassaquatro.sp.gov.br\/portal\/wp-json\/wp\/v2\/tags?post=7753"}],"curies":[{"name":"wp","href":"https:\/\/api.w.org\/{rel}","templated":true}]}}