{"id":7758,"date":"2022-10-17T17:19:06","date_gmt":"2022-10-17T20:19:06","guid":{"rendered":"http:\/\/www.santaritadopassaquatro.sp.gov.br\/portal\/?p=7758"},"modified":"2022-10-17T17:19:09","modified_gmt":"2022-10-17T20:19:09","slug":"projeto-agua-hoje-e-amanha-da-etec-manoel-dos-reis-araujo-e-dama-realizam-acoes-de-educacao-ambiental-na-creche-romulo-bortolini","status":"publish","type":"post","link":"https:\/\/www.santaritadopassaquatro.sp.gov.br\/portal\/projeto-agua-hoje-e-amanha-da-etec-manoel-dos-reis-araujo-e-dama-realizam-acoes-de-educacao-ambiental-na-creche-romulo-bortolini\/","title":{"rendered":"Projeto \u201c\u00c1gua: hoje&#8230; e amanh\u00e3?\u201d da ETEC \u201cManoel dos Reis Ara\u00fajo e DAMA realizam a\u00e7\u00f5es de educa\u00e7\u00e3o ambiental na Creche \u201cR\u00f4mulo Bortolini\u201d"},"content":{"rendered":"<p>No dia 03 de outubro de 2022, os alunos do Projeto \u201c\u00c1gua: hoje&#8230; e amanh\u00e3?\u201d da ETEC \u201cManoel dos Reis Ara\u00fajo&#8221;, realizaram uma visita at\u00e9 a Creche Municipal \u201cR\u00f4mulo Bortolinni\u201d para realizar atividades de educa\u00e7\u00e3o ambiental com os alunos. A atividade escolhida foi o plantio de feij\u00e3o e rabanete, no algod\u00e3o e na terra, para que durante o crescimento das sementes os alunos possam acompanhar o desenvolvimento da plantinha. Durante a atividade a professora Maria Salete Zufelato Vencel com os funcion\u00e1rios do Departamento de Agricultura e Meio Ambiente falaram sobre a import\u00e2ncia do plantio de \u00e1rvores e a prote\u00e7\u00e3o ao meio ambiente.<img decoding=\"async\" class=\"aligncenter wp-image-7759 size-full\" src=\"http:\/\/www.santaritadopassaquatro.sp.gov.br\/portal\/wp-content\/uploads\/2022\/10\/visita-projeto-creche-1.jpg\" alt=\"\" width=\"1000\" height=\"748\" \/> <img decoding=\"async\" class=\"aligncenter  wp-image-7760\" src=\"http:\/\/www.santaritadopassaquatro.sp.gov.br\/portal\/wp-content\/uploads\/2022\/10\/visita-projeto-creche-2.jpg\" alt=\"\" width=\"999\" height=\"1336\" \/> <img decoding=\"async\" class=\"aligncenter  wp-image-7761\" src=\"http:\/\/www.santaritadopassaquatro.sp.gov.br\/portal\/wp-content\/uploads\/2022\/10\/visita-projeto-creche-3.jpg\" alt=\"\" width=\"1001\" height=\"748\" \/><\/p>\n","protected":false},"excerpt":{"rendered":"<p>No dia 03 de outubro de 2022, os alunos do Projeto \u201c\u00c1gua: hoje&#8230; e amanh\u00e3?\u201d da ETEC \u201cManoel dos Reis<\/p>\n","protected":false},"author":3,"featured_media":7761,"comment_status":"closed","ping_status":"open","sticky":false,"template":"","format":"standard","meta":{"footnotes":""},"categories":[53],"tags":[68,65,64,69],"class_list":["post-7758","post","type-post","status-publish","format-standard","has-post-thumbnail","hentry","category-meio-ambiente","tag-educacao","tag-meio-ambiente","tag-santa-rita","tag-ultimas-noticias"],"_links":{"self":[{"href":"https:\/\/www.santaritadopassaquatro.sp.gov.br\/portal\/wp-json\/wp\/v2\/posts\/7758","targetHints":{"allow":["GET"]}}],"collection":[{"href":"https:\/\/www.santaritadopassaquatro.sp.gov.br\/portal\/wp-json\/wp\/v2\/posts"}],"about":[{"href":"https:\/\/www.santaritadopassaquatro.sp.gov.br\/portal\/wp-json\/wp\/v2\/types\/post"}],"author":[{"embeddable":true,"href":"https:\/\/www.santaritadopassaquatro.sp.gov.br\/portal\/wp-json\/wp\/v2\/users\/3"}],"replies":[{"embeddable":true,"href":"https:\/\/www.santaritadopassaquatro.sp.gov.br\/portal\/wp-json\/wp\/v2\/comments?post=7758"}],"version-history":[{"count":1,"href":"https:\/\/www.santaritadopassaquatro.sp.gov.br\/portal\/wp-json\/wp\/v2\/posts\/7758\/revisions"}],"predecessor-version":[{"id":7762,"href":"https:\/\/www.santaritadopassaquatro.sp.gov.br\/portal\/wp-json\/wp\/v2\/posts\/7758\/revisions\/7762"}],"wp:featuredmedia":[{"embeddable":true,"href":"https:\/\/www.santaritadopassaquatro.sp.gov.br\/portal\/wp-json\/wp\/v2\/media\/7761"}],"wp:attachment":[{"href":"https:\/\/www.santaritadopassaquatro.sp.gov.br\/portal\/wp-json\/wp\/v2\/media?parent=7758"}],"wp:term":[{"taxonomy":"category","embeddable":true,"href":"https:\/\/www.santaritadopassaquatro.sp.gov.br\/portal\/wp-json\/wp\/v2\/categories?post=7758"},{"taxonomy":"post_tag","embeddable":true,"href":"https:\/\/www.santaritadopassaquatro.sp.gov.br\/portal\/wp-json\/wp\/v2\/tags?post=7758"}],"curies":[{"name":"wp","href":"https:\/\/api.w.org\/{rel}","templated":true}]}}