{"id":7764,"date":"2022-10-19T16:51:09","date_gmt":"2022-10-19T19:51:09","guid":{"rendered":"http:\/\/www.santaritadopassaquatro.sp.gov.br\/portal\/?p=7764"},"modified":"2022-10-19T16:51:09","modified_gmt":"2022-10-19T19:51:09","slug":"santa-rita-atinge-pontuacao-historica-no-programa-municipio-verdeazul-e-garante-certificacao-do-ciclo-20202021","status":"publish","type":"post","link":"https:\/\/www.santaritadopassaquatro.sp.gov.br\/portal\/santa-rita-atinge-pontuacao-historica-no-programa-municipio-verdeazul-e-garante-certificacao-do-ciclo-20202021\/","title":{"rendered":"SANTA RITA ATINGE PONTUA\u00c7\u00c3O HIST\u00d3RICA NO PROGRAMA MUNIC\u00cdPIO VERDEAZUL E GARANTE CERTIFICA\u00c7\u00c3O DO CICLO 2020\/2021"},"content":{"rendered":"<p><img decoding=\"async\" class=\"aligncenter size-full wp-image-7765\" src=\"http:\/\/www.santaritadopassaquatro.sp.gov.br\/portal\/wp-content\/uploads\/2022\/10\/IMG_8212.jpg\" alt=\"\" width=\"3984\" height=\"2656\" \/><\/p>\n<p>Nesta ter\u00e7a-feira (18), o prefeito Marcelo Sim\u00e3o, acompanhado do diretor do Departamento de Agricultura e Meio Ambiente Germano Quaglio, esteve presente na Secretaria de Infraestrutura e Meio Ambiente do Estado de S\u00e3o Paulo, para receber a Certifica\u00e7\u00e3o do Ciclo 2020\/2021 do Programa Munic\u00edpio VerdeAzul.<\/p>\n<p>&nbsp;<\/p>\n<p>Santa Rita do Passa Quatro atingiu a maior pontua\u00e7\u00e3o de sua hist\u00f3ria, com 85,32 pontos de um total de 100, ocupando assim o 41\u00ba lugar no Programa Munic\u00edpio VerdeAzul do Estado de S\u00e3o Paulo, que conta com 578 munic\u00edpios participantes do programa (dos 645 munic\u00edpios do estado). Entre os 34 munic\u00edpios da Regi\u00e3o Metropolitana de Ribeir\u00e3o Preto, figura na 2\u00aa posi\u00e7\u00e3o, atr\u00e1s apenas de Sert\u00e3ozinho que alcan\u00e7ou a pontua\u00e7\u00e3o de 86,16 neste ciclo. A Certifica\u00e7\u00e3o no Programa Munic\u00edpio VerdeAzul \u00e9 o grau mais alto de premia\u00e7\u00e3o alcan\u00e7ada por Santa Rita, assim como a classifica\u00e7\u00e3o.<\/p>\n<p><img decoding=\"async\" class=\"aligncenter size-full wp-image-7767\" src=\"http:\/\/www.santaritadopassaquatro.sp.gov.br\/portal\/wp-content\/uploads\/2022\/10\/Programa-Municipio-Verdeazuyl.jpeg\" alt=\"\" width=\"1002\" height=\"741\" \/><\/p>\n<p>Essa premia\u00e7\u00e3o \u00e9 um trabalho realizado pelos colaboradores do DAMA, Ana Vict\u00f3ria Silva, Benedito de Souza Lopes Neto, Bruno Felipe Siqueira Cesar, C\u00e9lio Vanin Rombaldo E Amauri Luizio Restaino, e sempre com o apoio do DSM, com o diretor Poti e o colaborador Dinho, empenhados em fazer de Santa Rita um amigo do meio ambiente.<\/p>\n<p>&nbsp;<\/p>\n<p>O Programa Munic\u00edpio VerdeAzul \u2013 PMVA tem o prop\u00f3sito de medir e apoiar a efici\u00eancia da gest\u00e3o ambiental com a descentraliza\u00e7\u00e3o e valoriza\u00e7\u00e3o da agenda ambiental nos munic\u00edpios.<\/p>\n<p><img decoding=\"async\" class=\"aligncenter size-full wp-image-7766\" src=\"http:\/\/www.santaritadopassaquatro.sp.gov.br\/portal\/wp-content\/uploads\/2022\/10\/WhatsApp-Image-2022-10-18-at-16.08.14.jpeg\" alt=\"\" width=\"1599\" height=\"1200\" \/><\/p>\n<p>Formado por 10 diretivas que contemplam o conselho ambiental, qualidade do ar, uso do solo, munic\u00edpio sustent\u00e1vel, res\u00edduos s\u00f3lidos, biodiversidade, gest\u00e3o das \u00e1guas, estrutura, educa\u00e7\u00e3o ambiental, esgoto tratado e arboriza\u00e7\u00e3o urbana. O principal objetivo do PMVA \u00e9 estimular e auxiliar as prefeituras paulistas na elabora\u00e7\u00e3o e execu\u00e7\u00e3o de suas pol\u00edticas p\u00fablicas estrat\u00e9gicas para o desenvolvimento sustent\u00e1vel do estado de S\u00e3o Paulo.<\/p>\n<p>&nbsp;<\/p>\n","protected":false},"excerpt":{"rendered":"<p>Nesta ter\u00e7a-feira (18), o prefeito Marcelo Sim\u00e3o, acompanhado do diretor do Departamento de Agricultura e Meio Ambiente Germano Quaglio, esteve<\/p>\n","protected":false},"author":3,"featured_media":7765,"comment_status":"closed","ping_status":"open","sticky":false,"template":"","format":"standard","meta":{"footnotes":""},"categories":[53],"tags":[65,71,70,64,72],"class_list":["post-7764","post","type-post","status-publish","format-standard","has-post-thumbnail","hentry","category-meio-ambiente","tag-meio-ambiente","tag-pmva","tag-programa-municipio-verdeazul","tag-santa-rita","tag-santa-rita-do-passa-quatro"],"_links":{"self":[{"href":"https:\/\/www.santaritadopassaquatro.sp.gov.br\/portal\/wp-json\/wp\/v2\/posts\/7764","targetHints":{"allow":["GET"]}}],"collection":[{"href":"https:\/\/www.santaritadopassaquatro.sp.gov.br\/portal\/wp-json\/wp\/v2\/posts"}],"about":[{"href":"https:\/\/www.santaritadopassaquatro.sp.gov.br\/portal\/wp-json\/wp\/v2\/types\/post"}],"author":[{"embeddable":true,"href":"https:\/\/www.santaritadopassaquatro.sp.gov.br\/portal\/wp-json\/wp\/v2\/users\/3"}],"replies":[{"embeddable":true,"href":"https:\/\/www.santaritadopassaquatro.sp.gov.br\/portal\/wp-json\/wp\/v2\/comments?post=7764"}],"version-history":[{"count":1,"href":"https:\/\/www.santaritadopassaquatro.sp.gov.br\/portal\/wp-json\/wp\/v2\/posts\/7764\/revisions"}],"predecessor-version":[{"id":7768,"href":"https:\/\/www.santaritadopassaquatro.sp.gov.br\/portal\/wp-json\/wp\/v2\/posts\/7764\/revisions\/7768"}],"wp:featuredmedia":[{"embeddable":true,"href":"https:\/\/www.santaritadopassaquatro.sp.gov.br\/portal\/wp-json\/wp\/v2\/media\/7765"}],"wp:attachment":[{"href":"https:\/\/www.santaritadopassaquatro.sp.gov.br\/portal\/wp-json\/wp\/v2\/media?parent=7764"}],"wp:term":[{"taxonomy":"category","embeddable":true,"href":"https:\/\/www.santaritadopassaquatro.sp.gov.br\/portal\/wp-json\/wp\/v2\/categories?post=7764"},{"taxonomy":"post_tag","embeddable":true,"href":"https:\/\/www.santaritadopassaquatro.sp.gov.br\/portal\/wp-json\/wp\/v2\/tags?post=7764"}],"curies":[{"name":"wp","href":"https:\/\/api.w.org\/{rel}","templated":true}]}}