{"id":7769,"date":"2022-10-19T17:03:43","date_gmt":"2022-10-19T20:03:43","guid":{"rendered":"http:\/\/www.santaritadopassaquatro.sp.gov.br\/portal\/?p=7769"},"modified":"2022-10-19T17:03:43","modified_gmt":"2022-10-19T20:03:43","slug":"4a-dose-da-vacina-contra-a-covid19-esta-liberada-para-pessoas-a-partir-de-18-anos","status":"publish","type":"post","link":"https:\/\/www.santaritadopassaquatro.sp.gov.br\/portal\/4a-dose-da-vacina-contra-a-covid19-esta-liberada-para-pessoas-a-partir-de-18-anos\/","title":{"rendered":"4\u00aa DOSE DA VACINA CONTRA A COVID19 EST\u00c1 LIBERADA PARA PESSOAS A PARTIR DE 18 ANOS"},"content":{"rendered":"<div class=\"xdj266r x11i5rnm xat24cr x1mh8g0r x1vvkbs x126k92a\">\n<div dir=\"auto\">A 4\u00aa dose da vacina contra a Covid-19 j\u00e1 est\u00e1 liberada para todos com idade a partir de 18 anos.<\/div>\n<div dir=\"auto\"><\/div>\n<\/div>\n<div class=\"x11i5rnm xat24cr x1mh8g0r x1vvkbs xtlvy1s x126k92a\">\n<div dir=\"auto\">A vacina\u00e7\u00e3o da primeira dose est\u00e1 liberada para todos com idade a partir de 03 anos.<\/div>\n<div dir=\"auto\"><\/div>\n<\/div>\n<div class=\"x11i5rnm xat24cr x1mh8g0r x1vvkbs xtlvy1s x126k92a\">\n<div dir=\"auto\">A segunda dose est\u00e1 liberada para quem tomou AstraZeneca, Pfizer e CoronaVac. Veja o prazo de espera na caderneta de vacina\u00e7\u00e3o.<\/div>\n<\/div>\n<div class=\"x11i5rnm xat24cr x1mh8g0r x1vvkbs xtlvy1s x126k92a\">\n<div dir=\"auto\"><\/div>\n<div dir=\"auto\">Todos com idade a partir de 12 anos, poder\u00e3o receber a dose de refor\u00e7o, depois de 4 meses de intervalo da segunda dose.<\/div>\n<\/div>\n<div class=\"x11i5rnm xat24cr x1mh8g0r x1vvkbs xtlvy1s x126k92a\">\n<div dir=\"auto\"><\/div>\n<div dir=\"auto\">J\u00e1 podem receber a dose adicional todos que tomaram o imunizante da JANSSEN h\u00e1 dois meses ou mais. Os imunizantes a serem aplicados ser\u00e3o Pfizer, Coronavac e Janssen.<\/div>\n<\/div>\n<div class=\"x11i5rnm xat24cr x1mh8g0r x1vvkbs xtlvy1s x126k92a\">\n<div dir=\"auto\"><img decoding=\"async\" class=\"aligncenter size-full wp-image-7770\" src=\"http:\/\/www.santaritadopassaquatro.sp.gov.br\/portal\/wp-content\/uploads\/2022\/10\/299026401_482586063876467_223970507713093451_n.jpg\" alt=\"\" width=\"526\" height=\"526\" \/><\/div>\n<div dir=\"auto\">Est\u00e1 liberada a quarta dose, para pessoas a partir de 18 anos e profissionais de sa\u00fade de qualquer idade que tenham tomado a terceira dose a 4 meses.<\/div>\n<\/div>\n<div class=\"x11i5rnm xat24cr x1mh8g0r x1vvkbs xtlvy1s x126k92a\">\n<div dir=\"auto\"><\/div>\n<div dir=\"auto\">N\u00e3o se esque\u00e7a de levar a caderneta de vacina\u00e7\u00e3o e CPF.<\/div>\n<\/div>\n<div class=\"x11i5rnm xat24cr x1mh8g0r x1vvkbs xtlvy1s x126k92a\">\n<div dir=\"auto\"><\/div>\n<div dir=\"auto\">Lembrando que, menores desacompanhados, dever\u00e3o levar um termo de assentimento assinado pelos pais ou respons\u00e1vel, autorizando a vacina\u00e7\u00e3o. Voc\u00ea pode baixar o termo clicando no link: <a class=\"x1i10hfl xjbqb8w x6umtig x1b1mbwd xaqea5y xav7gou x9f619 x1ypdohk xt0psk2 xe8uvvx xdj266r x11i5rnm xat24cr x1mh8g0r xexx8yu x4uap5 x18d9i69 xkhd6sd x16tdsg8 x1hl2dhg xggy1nq x1a2a7pz xt0b8zv x1fey0fg\" role=\"link\" href=\"https:\/\/l.facebook.com\/l.php?u=https%3A%2F%2Fdrive.google.com%2F...%2F1f3712KV4Jegxrp...%2Fview%3Ffbclid%3DIwAR2aJqBOjdGBh1xXoKjHwWret4TdInzJorrabAPvWQFc6upij1uYIwrbHVg&amp;h=AT2w-ELMZZqRSzkGsSFmvDfcU1S-iiW8KcQ043IL3DYrpsio4rlMKk4wS6nJvh1YD5Hj83PWxaSXZ8z-hYA7OQKZpF2HMx2hBncObnTEQhy2a9VVS91iC0lLByqgUInM3O-o&amp;__tn__=-UK-R&amp;c[0]=AT3JPHdiyiR1ogjl8izgj4uUrYbExZYLcCc-r4B1FRue7NXV2oKxC64a5KApn-0jsXjjTLCFjoeHrru259IrCu9J1l0_3buwh7kDY95vNZQJs9X208QW-Ph_ggYaR0E6jRgGqpbhcevta95Jnz9zkww1R0yNrOdjYhIpREdeXYfc0Ctn0A\" target=\"_blank\" rel=\"nofollow noopener\">https:\/\/drive.google.com\/&#8230;\/1f3712KV4Jegxrp&#8230;\/view<\/a>&#8230;<\/div>\n<div dir=\"auto\"><\/div>\n<div dir=\"auto\">Para agilizar o processo, fa\u00e7a o cadastro no site: <a class=\"x1i10hfl xjbqb8w x6umtig x1b1mbwd xaqea5y xav7gou x9f619 x1ypdohk xt0psk2 xe8uvvx xdj266r x11i5rnm xat24cr x1mh8g0r xexx8yu x4uap5 x18d9i69 xkhd6sd x16tdsg8 x1hl2dhg xggy1nq x1a2a7pz xt0b8zv x1fey0fg\" role=\"link\" href=\"https:\/\/l.facebook.com\/l.php?u=https%3A%2F%2Fportal.vacinaja.sp.gov.br%2Fcovid-19%2520vaccine%2F%3Ffbclid%3DIwAR3AosnUlQKUzoDrhdvD7la5zC5FGZwlxc2aJeOAkSl31Y5T_gF8-Yyn6Fs&amp;h=AT2ycV5WcPfQyQ3zO2U1-h2hElkwf_5cH-C18mnouIqRc2EY9KY8ksM1k39LTjqcQU5xA0MAxsNYXzPWwZEIHf1V8EKQnVIT3mBhZaANMU8uij8KjdYPjxQ3fD0HOqUPZ37o&amp;__tn__=-UK-R&amp;c[0]=AT3JPHdiyiR1ogjl8izgj4uUrYbExZYLcCc-r4B1FRue7NXV2oKxC64a5KApn-0jsXjjTLCFjoeHrru259IrCu9J1l0_3buwh7kDY95vNZQJs9X208QW-Ph_ggYaR0E6jRgGqpbhcevta95Jnz9zkww1R0yNrOdjYhIpREdeXYfc0Ctn0A\" target=\"_blank\" rel=\"nofollow noopener\">https:\/\/portal.vacinaja.sp.gov.br\/covid-19%20vaccine\/<\/a>&#8230;<\/div>\n<\/div>\n","protected":false},"excerpt":{"rendered":"<p>A 4\u00aa dose da vacina contra a Covid-19 j\u00e1 est\u00e1 liberada para todos com idade a partir de 18 anos.<\/p>\n","protected":false},"author":3,"featured_media":7770,"comment_status":"closed","ping_status":"open","sticky":false,"template":"","format":"standard","meta":{"footnotes":""},"categories":[58],"tags":[74,77,76,64,73,75],"class_list":["post-7769","post","type-post","status-publish","format-standard","has-post-thumbnail","hentry","category-health","tag-covid19","tag-janssen","tag-pfizer","tag-santa-rita","tag-saude","tag-vacina"],"_links":{"self":[{"href":"https:\/\/www.santaritadopassaquatro.sp.gov.br\/portal\/wp-json\/wp\/v2\/posts\/7769","targetHints":{"allow":["GET"]}}],"collection":[{"href":"https:\/\/www.santaritadopassaquatro.sp.gov.br\/portal\/wp-json\/wp\/v2\/posts"}],"about":[{"href":"https:\/\/www.santaritadopassaquatro.sp.gov.br\/portal\/wp-json\/wp\/v2\/types\/post"}],"author":[{"embeddable":true,"href":"https:\/\/www.santaritadopassaquatro.sp.gov.br\/portal\/wp-json\/wp\/v2\/users\/3"}],"replies":[{"embeddable":true,"href":"https:\/\/www.santaritadopassaquatro.sp.gov.br\/portal\/wp-json\/wp\/v2\/comments?post=7769"}],"version-history":[{"count":2,"href":"https:\/\/www.santaritadopassaquatro.sp.gov.br\/portal\/wp-json\/wp\/v2\/posts\/7769\/revisions"}],"predecessor-version":[{"id":7772,"href":"https:\/\/www.santaritadopassaquatro.sp.gov.br\/portal\/wp-json\/wp\/v2\/posts\/7769\/revisions\/7772"}],"wp:featuredmedia":[{"embeddable":true,"href":"https:\/\/www.santaritadopassaquatro.sp.gov.br\/portal\/wp-json\/wp\/v2\/media\/7770"}],"wp:attachment":[{"href":"https:\/\/www.santaritadopassaquatro.sp.gov.br\/portal\/wp-json\/wp\/v2\/media?parent=7769"}],"wp:term":[{"taxonomy":"category","embeddable":true,"href":"https:\/\/www.santaritadopassaquatro.sp.gov.br\/portal\/wp-json\/wp\/v2\/categories?post=7769"},{"taxonomy":"post_tag","embeddable":true,"href":"https:\/\/www.santaritadopassaquatro.sp.gov.br\/portal\/wp-json\/wp\/v2\/tags?post=7769"}],"curies":[{"name":"wp","href":"https:\/\/api.w.org\/{rel}","templated":true}]}}