{"id":7777,"date":"2022-10-21T13:24:24","date_gmt":"2022-10-21T16:24:24","guid":{"rendered":"http:\/\/www.santaritadopassaquatro.sp.gov.br\/portal\/?p=7777"},"modified":"2022-10-21T13:24:24","modified_gmt":"2022-10-21T16:24:24","slug":"seja-aluno-da-eja-educacao-de-jovens-e-adultos-matriculas-abertas-para-2023","status":"publish","type":"post","link":"https:\/\/www.santaritadopassaquatro.sp.gov.br\/portal\/seja-aluno-da-eja-educacao-de-jovens-e-adultos-matriculas-abertas-para-2023\/","title":{"rendered":"SEJA ALUNO DA EJA \u2013 EDUCA\u00c7\u00c3O DE JOVENS E ADULTOS; MATR\u00cdCULAS ABERTAS PARA 2023"},"content":{"rendered":"<div class=\"xdj266r x11i5rnm xat24cr x1mh8g0r x1vvkbs x126k92a\">\n<div dir=\"auto\">Nunca \u00e9 tarde para estudar! Por isso, fa\u00e7a sua matr\u00edcula na EJA \u2013 Educa\u00e7\u00e3o de Jovens e Adultos, e conclua seus estudos. As matr\u00edculas para 2023 est\u00e3o abertas.<\/div>\n<\/div>\n<div class=\"x11i5rnm xat24cr x1mh8g0r x1vvkbs xtlvy1s x126k92a\">\n<div dir=\"auto\"><\/div>\n<div dir=\"auto\">1.\u00ba AO 5.\u00ba ANO DO ENSINO FUNDAMENTAL \u2013 Procure pessoalmente a Escola EMEF Francisco Ribeiro, na Pra\u00e7a Volunt\u00e1rio Silvano (Ros\u00e1rio), ou ligue (19) 3582-2145 para mais informa\u00e7\u00f5es.<\/div>\n<\/div>\n<div class=\"x11i5rnm xat24cr x1mh8g0r x1vvkbs xtlvy1s x126k92a\">\n<div dir=\"auto\"><\/div>\n<div dir=\"auto\">6.\u00ba AO 9.\u00ba ANO DO ENSINO FUNDAMENTAL E ENSINO M\u00c9DIO \u2013 Procure pessoalmente a Escola E.E. Prof.\u00aa Ignez Giaretta Sguerra, na Rua das Cam\u00e9lias, Jardim Nova Santa Rita, ou ligue no telefone (19) 3582-2604 para mais informa\u00e7\u00f5es.<\/div>\n<\/div>\n","protected":false},"excerpt":{"rendered":"<p>Nunca \u00e9 tarde para estudar! Por isso, fa\u00e7a sua matr\u00edcula na EJA \u2013 Educa\u00e7\u00e3o de Jovens e Adultos, e conclua<\/p>\n","protected":false},"author":3,"featured_media":7778,"comment_status":"closed","ping_status":"open","sticky":false,"template":"","format":"standard","meta":{"footnotes":""},"categories":[48,28],"tags":[68,80,64,72,69],"class_list":["post-7777","post","type-post","status-publish","format-standard","has-post-thumbnail","hentry","category-featured","category-educacao","tag-educacao","tag-eja","tag-santa-rita","tag-santa-rita-do-passa-quatro","tag-ultimas-noticias"],"_links":{"self":[{"href":"https:\/\/www.santaritadopassaquatro.sp.gov.br\/portal\/wp-json\/wp\/v2\/posts\/7777","targetHints":{"allow":["GET"]}}],"collection":[{"href":"https:\/\/www.santaritadopassaquatro.sp.gov.br\/portal\/wp-json\/wp\/v2\/posts"}],"about":[{"href":"https:\/\/www.santaritadopassaquatro.sp.gov.br\/portal\/wp-json\/wp\/v2\/types\/post"}],"author":[{"embeddable":true,"href":"https:\/\/www.santaritadopassaquatro.sp.gov.br\/portal\/wp-json\/wp\/v2\/users\/3"}],"replies":[{"embeddable":true,"href":"https:\/\/www.santaritadopassaquatro.sp.gov.br\/portal\/wp-json\/wp\/v2\/comments?post=7777"}],"version-history":[{"count":1,"href":"https:\/\/www.santaritadopassaquatro.sp.gov.br\/portal\/wp-json\/wp\/v2\/posts\/7777\/revisions"}],"predecessor-version":[{"id":7779,"href":"https:\/\/www.santaritadopassaquatro.sp.gov.br\/portal\/wp-json\/wp\/v2\/posts\/7777\/revisions\/7779"}],"wp:featuredmedia":[{"embeddable":true,"href":"https:\/\/www.santaritadopassaquatro.sp.gov.br\/portal\/wp-json\/wp\/v2\/media\/7778"}],"wp:attachment":[{"href":"https:\/\/www.santaritadopassaquatro.sp.gov.br\/portal\/wp-json\/wp\/v2\/media?parent=7777"}],"wp:term":[{"taxonomy":"category","embeddable":true,"href":"https:\/\/www.santaritadopassaquatro.sp.gov.br\/portal\/wp-json\/wp\/v2\/categories?post=7777"},{"taxonomy":"post_tag","embeddable":true,"href":"https:\/\/www.santaritadopassaquatro.sp.gov.br\/portal\/wp-json\/wp\/v2\/tags?post=7777"}],"curies":[{"name":"wp","href":"https:\/\/api.w.org\/{rel}","templated":true}]}}