{"id":778,"date":"2019-02-15T15:08:37","date_gmt":"2019-02-15T17:08:37","guid":{"rendered":"http:\/\/www.santaritadopassaquatro.sp.gov.br\/portal\/?p=778"},"modified":"2019-02-15T15:08:37","modified_gmt":"2019-02-15T17:08:37","slug":"em-aguas-de-lindoia-prefeito-de-santa-rita-preside-primeira-reuniao-da-aprecesp","status":"publish","type":"post","link":"https:\/\/www.santaritadopassaquatro.sp.gov.br\/portal\/em-aguas-de-lindoia-prefeito-de-santa-rita-preside-primeira-reuniao-da-aprecesp\/","title":{"rendered":"Em \u00c1guas de Lind\u00f3ia, prefeito de Santa Rita preside primeira reuni\u00e3o da Aprecesp"},"content":{"rendered":"<p><strong><em>Com 36 prefeitos, al\u00e9m de vices e secret\u00e1rios de turismo, encontro contou com a maior representatividade entre as est\u00e2ncias paulistas dos \u00faltimos anos<\/em><\/strong><\/p>\n<p>&nbsp;<\/p>\n<figure id=\"attachment_773\" aria-describedby=\"caption-attachment-773\" style=\"width: 341px\" class=\"wp-caption alignleft\"><img decoding=\"async\" class=\"wp-image-773 \" src=\"http:\/\/www.santaritadopassaquatro.sp.gov.br\/portal\/wp-content\/uploads\/2019\/02\/Aprecesp_aguas_lindoia_foto01_presidente-300x130.jpg\" alt=\"\" width=\"341\" height=\"163\" \/><figcaption id=\"caption-attachment-773\" class=\"wp-caption-text\"><span style=\"font-size: 8pt; color: #999999;\"><em>O prefeito de Santa Rita presidindo a 1\u00ba Reuni\u00e3o Ordin\u00e1ria da Aprecesp em \u00c1guas de Lind\u00f3ia (Divulga\u00e7\u00e3o)<\/em><\/span><\/figcaption><\/figure>\n<p>O prefeito de Santa Rita do Passa Quatro, Leandro Luciano dos Santos, presidiu a primeira reuni\u00e3o de prefeitos da Associa\u00e7\u00e3o das Prefeituras Est\u00e2ncias do Estado de S\u00e3o Paulo (Aprecesp), realizada em \u00c1guas de Lindoia no \u00faltimo fim de semana. \u00a0Com a maior representatividade dos \u00faltimos anos, o encontro contou com 51 est\u00e2ncias representadas, sendo 36 prefeitos, al\u00e9m de vice-prefeitos, secret\u00e1rios e gestores de turismo. Tamb\u00e9m esteve presente o deputado estadual Edmir Chedid.<\/p>\n<p>O principal tema dos debates foi a regulariza\u00e7\u00e3o dos repasses restantes de 2018 para 35 est\u00e2ncias e 60 munic\u00edpios de interesse tur\u00edsticos (MIT) junto ao Departamento de Apoio ao Desenvolvimento dos Munic\u00edpios Tur\u00edsticos (Dadetur), \u00f3rg\u00e3o da Secretaria de Turismo.<\/p>\n<figure id=\"attachment_774\" aria-describedby=\"caption-attachment-774\" style=\"width: 300px\" class=\"wp-caption alignright\"><img decoding=\"async\" class=\"wp-image-774 size-medium\" src=\"http:\/\/www.santaritadopassaquatro.sp.gov.br\/portal\/wp-content\/uploads\/2019\/02\/Aprecesp_aguas_lindoia_foto02_abertura-300x232.jpg\" alt=\"\" width=\"300\" height=\"232\" srcset=\"https:\/\/www.santaritadopassaquatro.sp.gov.br\/portal\/wp-content\/uploads\/2019\/02\/Aprecesp_aguas_lindoia_foto02_abertura-300x232.jpg 300w, https:\/\/www.santaritadopassaquatro.sp.gov.br\/portal\/wp-content\/uploads\/2019\/02\/Aprecesp_aguas_lindoia_foto02_abertura-768x593.jpg 768w, https:\/\/www.santaritadopassaquatro.sp.gov.br\/portal\/wp-content\/uploads\/2019\/02\/Aprecesp_aguas_lindoia_foto02_abertura-1024x791.jpg 1024w\" sizes=\"(max-width: 300px) 100vw, 300px\" \/><figcaption id=\"caption-attachment-774\" class=\"wp-caption-text\"><span style=\"font-size: 8pt; color: #999999;\"><em>O presidente da entidade que representa as 70 est\u00e2ncias paulistas durante a abertura dos trabalhos no fim de semana (Divulga\u00e7\u00e3o)<\/em><\/span><\/figcaption><\/figure>\n<p>Ao abrir os trabalhos, Leandro fez um relato da reuni\u00e3o do dia anterior com os secret\u00e1rio estaduais no Pal\u00e1cio dos Bandeirantes e abriu a palavra aos representantes das 50 prefeituras est\u00e2ncias, especialmente buscando propostas de consenso para a\u00e7\u00f5es institucionais da entidade nos pr\u00f3ximos dias.<\/p>\n<p>O deputado estadual Edmir Chedid anunciou a disposi\u00e7\u00e3o de criar uma Frente Parlamentar em Defesa do Turismo na Assembleia Legislativa do Estado de S\u00e3o Paulo, al\u00e9m da realiza\u00e7\u00e3o de uma audi\u00eancia p\u00fablica no \u00e2mbito da Comiss\u00e3o Parlamentar do Turismo, presidida pelo tamb\u00e9m deputado Itamar Borges, com a presen\u00e7a do secret\u00e1rio estadual Vinicius Lemmertz.<\/p>\n<p>Entre as decis\u00f5es tomadas no evento, ficou acertado que a Aprecesp vai entregar um levantamento de todos os conv\u00eanios pendentes Dadetur 2018, juntamente com uma minuta de propostas para o pagamento de conv\u00eanios dos anos de 2016, 2017 e 2018, j\u00e1 nos pr\u00f3ximos dias.<\/p>\n<figure id=\"attachment_775\" aria-describedby=\"caption-attachment-775\" style=\"width: 300px\" class=\"wp-caption alignleft\"><img decoding=\"async\" class=\"wp-image-775 size-medium\" src=\"http:\/\/www.santaritadopassaquatro.sp.gov.br\/portal\/wp-content\/uploads\/2019\/02\/Aprecesp_aguas_lindoia_foto03_todos-300x117.jpg\" alt=\"\" width=\"300\" height=\"117\" srcset=\"https:\/\/www.santaritadopassaquatro.sp.gov.br\/portal\/wp-content\/uploads\/2019\/02\/Aprecesp_aguas_lindoia_foto03_todos-300x117.jpg 300w, https:\/\/www.santaritadopassaquatro.sp.gov.br\/portal\/wp-content\/uploads\/2019\/02\/Aprecesp_aguas_lindoia_foto03_todos-768x300.jpg 768w, https:\/\/www.santaritadopassaquatro.sp.gov.br\/portal\/wp-content\/uploads\/2019\/02\/Aprecesp_aguas_lindoia_foto03_todos-1024x400.jpg 1024w\" sizes=\"(max-width: 300px) 100vw, 300px\" \/><figcaption id=\"caption-attachment-775\" class=\"wp-caption-text\"><span style=\"font-size: 8pt; color: #999999;\"><em>Todos os presentes na reuni\u00e3o que contou com a maior representatividade dos \u00faltimos anos entre as est\u00e2ncias (Divulga\u00e7\u00e3o)<\/em><\/span><\/figcaption><\/figure>\n<p>\u201cOrgulhoso de poder ter conduzido a primeira reuni\u00e3o ordin\u00e1ria da Aprecesp e ter representado Santa Rita no mais alto cargo dessa associa\u00e7\u00e3o t\u00e3o importante para o turismo do Brasil, principalmente no momento muito delicado em virtude de v\u00e1rios cancelamentos de conv\u00eanios de 2018, da Secretaria de Turismo de SP. Mesmo sabendo que nossa cidade assinou 100% dos pleitos, preciso trabalhar para as 70 est\u00e2ncias tur\u00edsticas paulistas\u201d, disse o prefeito. \u201cFico muito feliz, apesar da reuni\u00e3o ter sido tensa, mas com humildade e simplicidade, conduzimos o processo com muito equil\u00edbrio e dessa forma conseguimos abrir um di\u00e1logo entre o Governo do Estado e as est\u00e2ncias para solucionar o problema o quanto antes\u201d, completou.<\/p>\n<figure id=\"attachment_771\" aria-describedby=\"caption-attachment-771\" style=\"width: 300px\" class=\"wp-caption alignright\"><img decoding=\"async\" class=\"wp-image-771 size-medium\" src=\"http:\/\/www.santaritadopassaquatro.sp.gov.br\/portal\/wp-content\/uploads\/2019\/02\/Aprecesp_aguas_lindoia_foto05_sexta-300x190.jpg\" alt=\"\" width=\"300\" height=\"190\" srcset=\"https:\/\/www.santaritadopassaquatro.sp.gov.br\/portal\/wp-content\/uploads\/2019\/02\/Aprecesp_aguas_lindoia_foto05_sexta-300x190.jpg 300w, https:\/\/www.santaritadopassaquatro.sp.gov.br\/portal\/wp-content\/uploads\/2019\/02\/Aprecesp_aguas_lindoia_foto05_sexta-768x485.jpg 768w, https:\/\/www.santaritadopassaquatro.sp.gov.br\/portal\/wp-content\/uploads\/2019\/02\/Aprecesp_aguas_lindoia_foto05_sexta-1024x647.jpg 1024w\" sizes=\"(max-width: 300px) 100vw, 300px\" \/><figcaption id=\"caption-attachment-771\" class=\"wp-caption-text\"><span style=\"font-size: 8pt; color: #999999;\"><em>O secret\u00e1rio de Desenvolvimento Regional, com prefeitos e presidente da APM na noite sexta-feira, em \u00c1guas de Lindoia (Divulga\u00e7\u00e3o)<\/em><\/span><\/figcaption><\/figure>\n<p>A pr\u00f3xima Reuni\u00e3o de Prefeitos da Aprecesp acontece na est\u00e2ncia balne\u00e1ria do Guaruj\u00e1, no pr\u00f3ximo dia 6 de abril.<\/p>\n<p><strong>\u00a0<\/strong><\/p>\n<p>&nbsp;<\/p>\n<p>&nbsp;<\/p>\n<p>&nbsp;<\/p>\n<p>&nbsp;<\/p>\n<p>&nbsp;<\/p>\n<p>&nbsp;<\/p>\n","protected":false},"excerpt":{"rendered":"<p>Com 36 prefeitos, al\u00e9m de vices e secret\u00e1rios de turismo, encontro contou com a maior representatividade entre as est\u00e2ncias paulistas<\/p>\n","protected":false},"author":1,"featured_media":773,"comment_status":"closed","ping_status":"open","sticky":false,"template":"","format":"standard","meta":{"footnotes":""},"categories":[48,52,60],"tags":[],"class_list":["post-778","post","type-post","status-publish","format-standard","has-post-thumbnail","hentry","category-featured","category-latest","category-turismo"],"_links":{"self":[{"href":"https:\/\/www.santaritadopassaquatro.sp.gov.br\/portal\/wp-json\/wp\/v2\/posts\/778","targetHints":{"allow":["GET"]}}],"collection":[{"href":"https:\/\/www.santaritadopassaquatro.sp.gov.br\/portal\/wp-json\/wp\/v2\/posts"}],"about":[{"href":"https:\/\/www.santaritadopassaquatro.sp.gov.br\/portal\/wp-json\/wp\/v2\/types\/post"}],"author":[{"embeddable":true,"href":"https:\/\/www.santaritadopassaquatro.sp.gov.br\/portal\/wp-json\/wp\/v2\/users\/1"}],"replies":[{"embeddable":true,"href":"https:\/\/www.santaritadopassaquatro.sp.gov.br\/portal\/wp-json\/wp\/v2\/comments?post=778"}],"version-history":[{"count":0,"href":"https:\/\/www.santaritadopassaquatro.sp.gov.br\/portal\/wp-json\/wp\/v2\/posts\/778\/revisions"}],"wp:featuredmedia":[{"embeddable":true,"href":"https:\/\/www.santaritadopassaquatro.sp.gov.br\/portal\/wp-json\/wp\/v2\/media\/773"}],"wp:attachment":[{"href":"https:\/\/www.santaritadopassaquatro.sp.gov.br\/portal\/wp-json\/wp\/v2\/media?parent=778"}],"wp:term":[{"taxonomy":"category","embeddable":true,"href":"https:\/\/www.santaritadopassaquatro.sp.gov.br\/portal\/wp-json\/wp\/v2\/categories?post=778"},{"taxonomy":"post_tag","embeddable":true,"href":"https:\/\/www.santaritadopassaquatro.sp.gov.br\/portal\/wp-json\/wp\/v2\/tags?post=778"}],"curies":[{"name":"wp","href":"https:\/\/api.w.org\/{rel}","templated":true}]}}