{"id":7784,"date":"2022-10-24T15:01:26","date_gmt":"2022-10-24T18:01:26","guid":{"rendered":"http:\/\/www.santaritadopassaquatro.sp.gov.br\/portal\/?p=7784"},"modified":"2022-10-24T15:01:26","modified_gmt":"2022-10-24T18:01:26","slug":"doacao-de-mudas-no-morro-itatiaia-em-comemoracao-ao-dia-das-criancas","status":"publish","type":"post","link":"https:\/\/www.santaritadopassaquatro.sp.gov.br\/portal\/doacao-de-mudas-no-morro-itatiaia-em-comemoracao-ao-dia-das-criancas\/","title":{"rendered":"Doa\u00e7\u00e3o de Mudas no Morro Itatiaia em comemora\u00e7\u00e3o ao Dia das Crian\u00e7as"},"content":{"rendered":"<p>No dia 16 de outubro de 2022, o Departamento de Agricultura e Meio Ambiente esteve presente no evento realizado no Morro Itatiaia em comemora\u00e7\u00e3o ao Dia das Crian\u00e7as.<\/p>\n<p><img decoding=\"async\" class=\"aligncenter size-full wp-image-7785\" src=\"http:\/\/www.santaritadopassaquatro.sp.gov.br\/portal\/wp-content\/uploads\/2022\/10\/WhatsApp-Image-2022-10-17-at-14.23.43.jpeg\" alt=\"\" width=\"963\" height=\"1280\" \/><br \/>\nEm parceria com o Parque Vassununga, o DAMA doou mudas de esp\u00e9cies nativas, enquanto o funcion\u00e1rio Waldon\u00e9sio exp\u00f4s para as crian\u00e7as presentes a biodiversidade presente no Parque Vassununga, al\u00e9m das mudas e da exposi\u00e7\u00e3o, os bombeiros da Opera\u00e7\u00e3o Corta-Fogo estiveram presentes no local com a exposi\u00e7\u00e3o de equipamentos e folhetos explicativos de combate ao fogo em nosso munic\u00edpio.<\/p>\n","protected":false},"excerpt":{"rendered":"<p>No dia 16 de outubro de 2022, o Departamento de Agricultura e Meio Ambiente esteve presente no evento realizado no<\/p>\n","protected":false},"author":3,"featured_media":7786,"comment_status":"closed","ping_status":"open","sticky":false,"template":"","format":"standard","meta":{"footnotes":""},"categories":[48,53],"tags":[81,65,83,82],"class_list":["post-7784","post","type-post","status-publish","format-standard","has-post-thumbnail","hentry","category-featured","category-meio-ambiente","tag-dia-das-criancas","tag-meio-ambiente","tag-morro-itatiaia","tag-natureza"],"_links":{"self":[{"href":"https:\/\/www.santaritadopassaquatro.sp.gov.br\/portal\/wp-json\/wp\/v2\/posts\/7784","targetHints":{"allow":["GET"]}}],"collection":[{"href":"https:\/\/www.santaritadopassaquatro.sp.gov.br\/portal\/wp-json\/wp\/v2\/posts"}],"about":[{"href":"https:\/\/www.santaritadopassaquatro.sp.gov.br\/portal\/wp-json\/wp\/v2\/types\/post"}],"author":[{"embeddable":true,"href":"https:\/\/www.santaritadopassaquatro.sp.gov.br\/portal\/wp-json\/wp\/v2\/users\/3"}],"replies":[{"embeddable":true,"href":"https:\/\/www.santaritadopassaquatro.sp.gov.br\/portal\/wp-json\/wp\/v2\/comments?post=7784"}],"version-history":[{"count":1,"href":"https:\/\/www.santaritadopassaquatro.sp.gov.br\/portal\/wp-json\/wp\/v2\/posts\/7784\/revisions"}],"predecessor-version":[{"id":7787,"href":"https:\/\/www.santaritadopassaquatro.sp.gov.br\/portal\/wp-json\/wp\/v2\/posts\/7784\/revisions\/7787"}],"wp:featuredmedia":[{"embeddable":true,"href":"https:\/\/www.santaritadopassaquatro.sp.gov.br\/portal\/wp-json\/wp\/v2\/media\/7786"}],"wp:attachment":[{"href":"https:\/\/www.santaritadopassaquatro.sp.gov.br\/portal\/wp-json\/wp\/v2\/media?parent=7784"}],"wp:term":[{"taxonomy":"category","embeddable":true,"href":"https:\/\/www.santaritadopassaquatro.sp.gov.br\/portal\/wp-json\/wp\/v2\/categories?post=7784"},{"taxonomy":"post_tag","embeddable":true,"href":"https:\/\/www.santaritadopassaquatro.sp.gov.br\/portal\/wp-json\/wp\/v2\/tags?post=7784"}],"curies":[{"name":"wp","href":"https:\/\/api.w.org\/{rel}","templated":true}]}}