{"id":7788,"date":"2022-10-24T15:07:13","date_gmt":"2022-10-24T18:07:13","guid":{"rendered":"http:\/\/www.santaritadopassaquatro.sp.gov.br\/portal\/?p=7788"},"modified":"2022-10-24T15:07:13","modified_gmt":"2022-10-24T18:07:13","slug":"dama-participa-de-acao-dine-kids-promovida-pela-usina-santa-rita-para-o-dia-das-criancas","status":"publish","type":"post","link":"https:\/\/www.santaritadopassaquatro.sp.gov.br\/portal\/dama-participa-de-acao-dine-kids-promovida-pela-usina-santa-rita-para-o-dia-das-criancas\/","title":{"rendered":"DAMA participa de a\u00e7\u00e3o Din\u00e9 Kids, promovida pela Usina Santa Rita para o Dia das Crian\u00e7as"},"content":{"rendered":"<p>No dia 14 de outubro de 2022, a equipe do DAMA, esteve presente na Usina Santa Rita para participar do &#8220;Dia das Crian\u00e7as&#8221; oferecido aos filhos dos funcion\u00e1rios da Usina. Todo ano a empresa promove esse dia especial, para que, al\u00e9m de se divertirem,\u00a0as crian\u00e7as possam reproduzir por desenhos o calend\u00e1rio da Usina Santa Rita.<img decoding=\"async\" class=\"aligncenter size-full wp-image-7789\" src=\"http:\/\/www.santaritadopassaquatro.sp.gov.br\/portal\/wp-content\/uploads\/2022\/10\/WhatsApp-Image-2022-10-17-at-14.22.39.jpeg\" alt=\"\" width=\"1280\" height=\"960\" \/><\/p>\n<p>Com o tema \u201cComo ser um Her\u00f3i para o Meio Ambiente\u201d, as crian\u00e7as foram recepcionadas com uma palestra sobre a import\u00e2ncia do meio ambiente, ministrada pela funcion\u00e1ria Ana Vict\u00f3ria, do Departamento de Agricultura e Meio Ambiente da Prefeitura Municipal de Santa Rita do Passa Quatro.<\/p>\n<p><img decoding=\"async\" class=\"aligncenter size-full wp-image-7791\" src=\"http:\/\/www.santaritadopassaquatro.sp.gov.br\/portal\/wp-content\/uploads\/2022\/10\/WhatsApp-Image-2022-10-17-at-14.22.09-2.jpeg\" alt=\"\" width=\"1156\" height=\"867\" \/><\/p>\n<p>Ap\u00f3s a palestra e o caf\u00e9 da manh\u00e3, eles foram instru\u00eddos a realizar um desenho sobre o tema debatido, ao t\u00e9rmino o Tio Gu, presente no local, foi o respons\u00e1vel por coordenar as atividades e brincadeiras programadas pela equipe da Usina Santa Rita.<\/p>\n<p><img decoding=\"async\" class=\"aligncenter size-full wp-image-7792\" src=\"http:\/\/www.santaritadopassaquatro.sp.gov.br\/portal\/wp-content\/uploads\/2022\/10\/WhatsApp-Image-2022-10-17-at-14.22.09-1.jpeg\" alt=\"\" width=\"1152\" height=\"864\" \/><\/p>\n<p><img decoding=\"async\" class=\"aligncenter  wp-image-7793\" src=\"http:\/\/www.santaritadopassaquatro.sp.gov.br\/portal\/wp-content\/uploads\/2022\/10\/WhatsApp-Image-2022-10-17-at-14.22.09.jpeg\" alt=\"\" width=\"1157\" height=\"868\" \/> <img decoding=\"async\" class=\"aligncenter size-full wp-image-7790\" src=\"http:\/\/www.santaritadopassaquatro.sp.gov.br\/portal\/wp-content\/uploads\/2022\/10\/WhatsApp-Image-2022-10-17-at-14.22.09-3.jpeg\" alt=\"\" width=\"1156\" height=\"867\" \/><\/p>\n","protected":false},"excerpt":{"rendered":"<p>No dia 14 de outubro de 2022, a equipe do DAMA, esteve presente na Usina Santa Rita para participar do<\/p>\n","protected":false},"author":3,"featured_media":7794,"comment_status":"closed","ping_status":"open","sticky":false,"template":"","format":"standard","meta":{"footnotes":""},"categories":[48,53],"tags":[84,81,65,69,85],"class_list":["post-7788","post","type-post","status-publish","format-standard","has-post-thumbnail","hentry","category-featured","category-meio-ambiente","tag-dama","tag-dia-das-criancas","tag-meio-ambiente","tag-ultimas-noticias","tag-usina-santa-rita"],"_links":{"self":[{"href":"https:\/\/www.santaritadopassaquatro.sp.gov.br\/portal\/wp-json\/wp\/v2\/posts\/7788","targetHints":{"allow":["GET"]}}],"collection":[{"href":"https:\/\/www.santaritadopassaquatro.sp.gov.br\/portal\/wp-json\/wp\/v2\/posts"}],"about":[{"href":"https:\/\/www.santaritadopassaquatro.sp.gov.br\/portal\/wp-json\/wp\/v2\/types\/post"}],"author":[{"embeddable":true,"href":"https:\/\/www.santaritadopassaquatro.sp.gov.br\/portal\/wp-json\/wp\/v2\/users\/3"}],"replies":[{"embeddable":true,"href":"https:\/\/www.santaritadopassaquatro.sp.gov.br\/portal\/wp-json\/wp\/v2\/comments?post=7788"}],"version-history":[{"count":1,"href":"https:\/\/www.santaritadopassaquatro.sp.gov.br\/portal\/wp-json\/wp\/v2\/posts\/7788\/revisions"}],"predecessor-version":[{"id":7795,"href":"https:\/\/www.santaritadopassaquatro.sp.gov.br\/portal\/wp-json\/wp\/v2\/posts\/7788\/revisions\/7795"}],"wp:featuredmedia":[{"embeddable":true,"href":"https:\/\/www.santaritadopassaquatro.sp.gov.br\/portal\/wp-json\/wp\/v2\/media\/7794"}],"wp:attachment":[{"href":"https:\/\/www.santaritadopassaquatro.sp.gov.br\/portal\/wp-json\/wp\/v2\/media?parent=7788"}],"wp:term":[{"taxonomy":"category","embeddable":true,"href":"https:\/\/www.santaritadopassaquatro.sp.gov.br\/portal\/wp-json\/wp\/v2\/categories?post=7788"},{"taxonomy":"post_tag","embeddable":true,"href":"https:\/\/www.santaritadopassaquatro.sp.gov.br\/portal\/wp-json\/wp\/v2\/tags?post=7788"}],"curies":[{"name":"wp","href":"https:\/\/api.w.org\/{rel}","templated":true}]}}