{"id":780,"date":"2019-02-15T15:18:41","date_gmt":"2019-02-15T17:18:41","guid":{"rendered":"http:\/\/www.santaritadopassaquatro.sp.gov.br\/portal\/?p=780"},"modified":"2019-02-15T15:18:41","modified_gmt":"2019-02-15T17:18:41","slug":"audiencia-publica-plano-municipal-de-turismo-debate-o-futuro-no-municipio","status":"publish","type":"post","link":"https:\/\/www.santaritadopassaquatro.sp.gov.br\/portal\/audiencia-publica-plano-municipal-de-turismo-debate-o-futuro-no-municipio\/","title":{"rendered":"Audi\u00eancia p\u00fablica Plano Municipal de Turismo debate o futuro no munic\u00edpio"},"content":{"rendered":"<p><strong><em>Evento no Centro Cultural M\u00e1rio Covas reuniu autoridades e popula\u00e7\u00e3o para tratar dos destinos de Santa Rita no setor que mais gera emprego atualmente<\/em><\/strong><\/p>\n<p><strong><em>\u00a0<\/em><\/strong><\/p>\n<figure id=\"attachment_782\" aria-describedby=\"caption-attachment-782\" style=\"width: 394px\" class=\"wp-caption alignleft\"><img decoding=\"async\" class=\"wp-image-782 \" src=\"http:\/\/www.santaritadopassaquatro.sp.gov.br\/portal\/wp-content\/uploads\/2019\/02\/IMG_8727-300x200.jpg\" alt=\"\" width=\"394\" height=\"262\" srcset=\"https:\/\/www.santaritadopassaquatro.sp.gov.br\/portal\/wp-content\/uploads\/2019\/02\/IMG_8727-300x200.jpg 300w, https:\/\/www.santaritadopassaquatro.sp.gov.br\/portal\/wp-content\/uploads\/2019\/02\/IMG_8727-768x512.jpg 768w, https:\/\/www.santaritadopassaquatro.sp.gov.br\/portal\/wp-content\/uploads\/2019\/02\/IMG_8727-1024x683.jpg 1024w\" sizes=\"(max-width: 394px) 100vw, 394px\" \/><figcaption id=\"caption-attachment-782\" class=\"wp-caption-text\"><span style=\"font-size: 8pt; color: #999999;\"><em>Os presentes na Audi\u00eancia P\u00fablica do Plano Municipal de Turismo, nesta quinta-feira (14\/2), no Centro Cultural (AssCom\/Divulga\u00e7\u00e3o)<\/em><\/span><\/figcaption><\/figure>\n<p>A popula\u00e7\u00e3o de Santa Rita do Passa Quatro teve uma oportunidade de discutir seu futuro nesta \u00faltima quinta-feira (14\/2), quando aconteceu a primeira audi\u00eancia p\u00fablica para revis\u00e3o do Plano Municipal de Turismo (PMT). O evento aconteceu no Centro Cultural M\u00e1rio Covas, com objetivo de debater os princ\u00edpios organizacionais, escolha de segmentos, valida\u00e7\u00e3o de an\u00e1lises, entre outros.<\/p>\n<p>O audi\u00eancia fez parte dos conjuntos de a\u00e7\u00f5es que dar\u00e3o sequ\u00eancia ao Plano Municipal de Turismo, elaborado e finalizado entre 2015 e 2016, quando o munic\u00edpio deu um importante passo para avan\u00e7ar em um dos segmentos que mais crescem no mundo: o turismo.<\/p>\n<p>Os trabalhos foram coordenados pelo diretor t\u00e9cnico Carlos Tavares, da empresa Expectativa Projetos Tur\u00edsticos, de Socorro (SP), vencedora da licita\u00e7\u00e3o para esta a\u00e7\u00e3o. Com a presen\u00e7a de membros do Comtur (Conselho Municipal de Turismo), OAB, vereadores, profissionais de diversos setores ligados ao turismo, a audi\u00eancia definiu metas a serem buscadas, os setores do turismo que ser\u00e3o abordados com prioridade, investimentos, entre outros.<\/p>\n<p>O prefeito Leandro Luciano dos Santos acompanhou e participou de toda atividade, juntamente com o Diretor do Departamento Municipal de Turismo, Antonio Arnaldo Reatto dos Santos.<\/p>\n<figure id=\"attachment_783\" aria-describedby=\"caption-attachment-783\" style=\"width: 360px\" class=\"wp-caption alignright\"><img decoding=\"async\" class=\"wp-image-783\" src=\"http:\/\/www.santaritadopassaquatro.sp.gov.br\/portal\/wp-content\/uploads\/2019\/02\/IMG_8678-300x200.jpg\" alt=\"\" width=\"360\" height=\"235\" \/><figcaption id=\"caption-attachment-783\" class=\"wp-caption-text\"><span style=\"font-size: 8pt; color: #999999;\"><em>O p\u00fablico teve a oportunidade de participar e opinar sobre as a\u00e7\u00f5es que dever\u00e3o ter tomadas no futuro (AssCom\/Divulga\u00e7\u00e3o)<\/em><\/span><\/figcaption><\/figure>\n<p>Durante a audi\u00eancia, Tavares apresentou um invent\u00e1rio do munic\u00edpio, realizado pelo Departamento de Turismo, e dados tanto do munic\u00edpio, como do estado e do pa\u00eds. O diretor enfatizou que o setor de turismo \u00e9 um grande gerador de emprego, renda e oportunidades para os munic\u00edpios. Outro ponto importante destacado \u00e9 a necessidade de investimentos da iniciativa privada.<\/p>\n<p>O prefeito falou sobre seu trabalho junto \u00e0s est\u00e2ncias do Estado e tamb\u00e9m da semente que est\u00e1 sendo plantada neste momento para que Santa Rita no futuro se consolide como um munic\u00edpio tur\u00edstico e sua popula\u00e7\u00e3o possa aproveitar das oportunidades oferecidas.<\/p>\n<p>Mais uma audi\u00eancia ser\u00e1 promovida em mar\u00e7o, quando a popula\u00e7\u00e3o ter\u00e1 nova oportunidade de participar, opinar e decidir o futuro do munic\u00edpio.<\/p>\n<figure id=\"attachment_784\" aria-describedby=\"caption-attachment-784\" style=\"width: 300px\" class=\"wp-caption alignleft\"><img decoding=\"async\" class=\"wp-image-784 size-medium\" src=\"http:\/\/www.santaritadopassaquatro.sp.gov.br\/portal\/wp-content\/uploads\/2019\/02\/IMG_8698-300x200.jpg\" alt=\"\" width=\"300\" height=\"200\" srcset=\"https:\/\/www.santaritadopassaquatro.sp.gov.br\/portal\/wp-content\/uploads\/2019\/02\/IMG_8698-300x200.jpg 300w, https:\/\/www.santaritadopassaquatro.sp.gov.br\/portal\/wp-content\/uploads\/2019\/02\/IMG_8698-768x512.jpg 768w, https:\/\/www.santaritadopassaquatro.sp.gov.br\/portal\/wp-content\/uploads\/2019\/02\/IMG_8698-1024x683.jpg 1024w\" sizes=\"(max-width: 300px) 100vw, 300px\" \/><figcaption id=\"caption-attachment-784\" class=\"wp-caption-text\"><span style=\"font-size: 8pt; color: #999999;\"><em>O diretor t\u00e9cnico Carlos Tavares, da Expectativa Projetos Tur\u00edsticos, durante sua explana\u00e7\u00e3o (AssCom\/Divulga\u00e7\u00e3o)<\/em><\/span><\/figcaption><\/figure>\n<p>O Plano Municipal de Turismo de Santa Rita foi apresentado ao p\u00fablico em abril de 2016 e deve ser revisado a cada tr\u00eas anos. O documento, que contou como aprova\u00e7\u00e3o no Legislativo Municipal, se tornando a Lei Municipal 3293, de 17 de maio de 2016.<\/p>\n<p>Atrav\u00e9s de metas a curto, m\u00e9dio e longo prazos o PMT tem como principal objetivo fomentar o desenvolvimento da atividade tur\u00edstica santa-ritense, de modo a superar as expectativas dos turistas e beneficiar a economia, a cultura e a sociedade como um todo.<\/p>\n<p>&nbsp;<\/p>\n<p>&nbsp;<\/p>\n","protected":false},"excerpt":{"rendered":"<p>Evento no Centro Cultural M\u00e1rio Covas reuniu autoridades e popula\u00e7\u00e3o para tratar dos destinos de Santa Rita no setor que<\/p>\n","protected":false},"author":1,"featured_media":782,"comment_status":"closed","ping_status":"open","sticky":false,"template":"","format":"standard","meta":{"footnotes":""},"categories":[47,52,60],"tags":[],"class_list":["post-780","post","type-post","status-publish","format-standard","has-post-thumbnail","hentry","category-desenvovimento","category-latest","category-turismo"],"_links":{"self":[{"href":"https:\/\/www.santaritadopassaquatro.sp.gov.br\/portal\/wp-json\/wp\/v2\/posts\/780","targetHints":{"allow":["GET"]}}],"collection":[{"href":"https:\/\/www.santaritadopassaquatro.sp.gov.br\/portal\/wp-json\/wp\/v2\/posts"}],"about":[{"href":"https:\/\/www.santaritadopassaquatro.sp.gov.br\/portal\/wp-json\/wp\/v2\/types\/post"}],"author":[{"embeddable":true,"href":"https:\/\/www.santaritadopassaquatro.sp.gov.br\/portal\/wp-json\/wp\/v2\/users\/1"}],"replies":[{"embeddable":true,"href":"https:\/\/www.santaritadopassaquatro.sp.gov.br\/portal\/wp-json\/wp\/v2\/comments?post=780"}],"version-history":[{"count":0,"href":"https:\/\/www.santaritadopassaquatro.sp.gov.br\/portal\/wp-json\/wp\/v2\/posts\/780\/revisions"}],"wp:featuredmedia":[{"embeddable":true,"href":"https:\/\/www.santaritadopassaquatro.sp.gov.br\/portal\/wp-json\/wp\/v2\/media\/782"}],"wp:attachment":[{"href":"https:\/\/www.santaritadopassaquatro.sp.gov.br\/portal\/wp-json\/wp\/v2\/media?parent=780"}],"wp:term":[{"taxonomy":"category","embeddable":true,"href":"https:\/\/www.santaritadopassaquatro.sp.gov.br\/portal\/wp-json\/wp\/v2\/categories?post=780"},{"taxonomy":"post_tag","embeddable":true,"href":"https:\/\/www.santaritadopassaquatro.sp.gov.br\/portal\/wp-json\/wp\/v2\/tags?post=780"}],"curies":[{"name":"wp","href":"https:\/\/api.w.org\/{rel}","templated":true}]}}