{"id":7807,"date":"2022-11-04T09:06:18","date_gmt":"2022-11-04T12:06:18","guid":{"rendered":"http:\/\/www.santaritadopassaquatro.sp.gov.br\/portal\/?p=7807"},"modified":"2022-11-04T09:06:18","modified_gmt":"2022-11-04T12:06:18","slug":"projeto-de-construcao-de-pronto-atendimento-no-jardim-boa-vista-iii-diminuira-numero-de-atendimentos-na-santa-casa","status":"publish","type":"post","link":"https:\/\/www.santaritadopassaquatro.sp.gov.br\/portal\/projeto-de-construcao-de-pronto-atendimento-no-jardim-boa-vista-iii-diminuira-numero-de-atendimentos-na-santa-casa\/","title":{"rendered":"PROJETO DE CONSTRU\u00c7\u00c3O DE PRONTO ATENDIMENTO NO JARDIM BOA VISTA III DIMINUIR\u00c1 N\u00daMERO DE ATENDIMENTOS NA SANTA CASA"},"content":{"rendered":"<p>Atendendo demanda de muitos anos de nossa popula\u00e7\u00e3o, o Prefeito Marcelo Sim\u00e3o concluiu projeto de constru\u00e7\u00e3o de um novo Pronto Atendimento, aos moldes do Pronto Socorro da Santa Casa, dividindo, portanto, o n\u00famero de atendimentos.<\/p>\n<p>\u201cRecebemos recursos de nossos Deputados parceiros e fizemos uma gest\u00e3o fiscal que nos permite avan\u00e7ar em nossa pol\u00edtica de aten\u00e7\u00e3o \u00e0 sa\u00fade, cuidando cada vez melhor de nossa popula\u00e7\u00e3o.<br \/>\nEsse novo Pronto Atendimento, mais pr\u00f3ximo da popula\u00e7\u00e3o que mora mais distante da Santa Casa, trar\u00e1 mais agilidade e facilidade no atendimento\u201d, disse o Prefeito Marcelo Sim\u00e3o concluindo mais um projeto apresentado em sua campanha a prefeito.<\/p>\n<p>A Santa Casa tem, hoje, cerca de 5 mil atendimentos por m\u00eas e o novo Pronto Atendimento, no Jardim Boa Vista III, ter\u00e1 condi\u00e7\u00f5es de atender 3 mil pessoas mensalmente.<\/p>\n<p>Situa\u00e7\u00f5es de alta complexidade ser\u00e3o encaminhadas para a Santa Casa, nossa refer\u00eancia nesse tipo de atendimento, por\u00e9m, no Novo Pronto Atendimento, contaremos com todos os equipamentos necess\u00e1rios para melhor atender a popula\u00e7\u00e3o, garantindo, assim, um novo marco para a sa\u00fade Santa-Ritense.<\/p>\n<div style=\"width: 800px;\" class=\"wp-video\"><video class=\"wp-video-shortcode\" id=\"video-7807-1\" width=\"800\" height=\"450\" preload=\"metadata\" controls=\"controls\"><source type=\"video\/mp4\" src=\"http:\/\/www.santaritadopassaquatro.sp.gov.br\/portal\/wp-content\/uploads\/2022\/11\/WhatsApp-Video-2022-10-31-at-18.26.32.mp4?_=1\" \/><a href=\"http:\/\/www.santaritadopassaquatro.sp.gov.br\/portal\/wp-content\/uploads\/2022\/11\/WhatsApp-Video-2022-10-31-at-18.26.32.mp4\">http:\/\/www.santaritadopassaquatro.sp.gov.br\/portal\/wp-content\/uploads\/2022\/11\/WhatsApp-Video-2022-10-31-at-18.26.32.mp4<\/a><\/video><\/div>\n<p>O Projeto segue, agora, para a c\u00e2mara de vereadores onde dever\u00e1 ser aprovada a previs\u00e3o or\u00e7ament\u00e1ria de 1,014 milh\u00e3o de reais que ser\u00e1 o custo para a constru\u00e7\u00e3o.<\/p>\n<p>O Prefeito Marcelo Sim\u00e3o esclareceu, tamb\u00e9m, que o projeto n\u00e3o substitui outros equipamentos de sa\u00fade, como os Postos de Sa\u00fade do Caic e do Jardim S\u00e3o Luiz.<\/p>\n<p>\u201cS\u00e3o Unidades de Sa\u00fade completamente distintas. Os PSF existem para cumprir o programa de preven\u00e7\u00e3o e cuidado \u00e0 sa\u00fade das fam\u00edlias, com consultas m\u00e9dicas agendadas, acompanhamento de toda a sa\u00fade do paciente via prontu\u00e1rio, aferi\u00e7\u00e3o da press\u00e3o, ou seja, visa a preven\u00e7\u00e3o de doen\u00e7as. J\u00e1 o Pronto Atendimento \u00e9 uma unidade emergencial, assim como ocorre na Santa Casa. Portanto, s\u00e3o equipamentos de sa\u00fade complementares, disse o Prefeito Marcelo Sim\u00e3o.<\/p>\n<p>Outro questionamento \u00e9 com rela\u00e7\u00e3o ao Posto de Sa\u00fade do Lagoinha, e o Prefeito Marcelo aproveitou para esclarecer que aguarda a libera\u00e7\u00e3o do concurso p\u00fablico para a contrata\u00e7\u00e3o de m\u00e9dicos para reabrir o PSF.<\/p>\n","protected":false},"excerpt":{"rendered":"<p>Atendendo demanda de muitos anos de nossa popula\u00e7\u00e3o, o Prefeito Marcelo Sim\u00e3o concluiu projeto de constru\u00e7\u00e3o de um novo Pronto<\/p>\n","protected":false},"author":3,"featured_media":7809,"comment_status":"closed","ping_status":"open","sticky":false,"template":"","format":"standard","meta":{"footnotes":""},"categories":[48,58],"tags":[88,87,64,73,69],"class_list":["post-7807","post","type-post","status-publish","format-standard","has-post-thumbnail","hentry","category-featured","category-health","tag-hospital","tag-pronto-atendimento","tag-santa-rita","tag-saude","tag-ultimas-noticias"],"_links":{"self":[{"href":"https:\/\/www.santaritadopassaquatro.sp.gov.br\/portal\/wp-json\/wp\/v2\/posts\/7807","targetHints":{"allow":["GET"]}}],"collection":[{"href":"https:\/\/www.santaritadopassaquatro.sp.gov.br\/portal\/wp-json\/wp\/v2\/posts"}],"about":[{"href":"https:\/\/www.santaritadopassaquatro.sp.gov.br\/portal\/wp-json\/wp\/v2\/types\/post"}],"author":[{"embeddable":true,"href":"https:\/\/www.santaritadopassaquatro.sp.gov.br\/portal\/wp-json\/wp\/v2\/users\/3"}],"replies":[{"embeddable":true,"href":"https:\/\/www.santaritadopassaquatro.sp.gov.br\/portal\/wp-json\/wp\/v2\/comments?post=7807"}],"version-history":[{"count":1,"href":"https:\/\/www.santaritadopassaquatro.sp.gov.br\/portal\/wp-json\/wp\/v2\/posts\/7807\/revisions"}],"predecessor-version":[{"id":7810,"href":"https:\/\/www.santaritadopassaquatro.sp.gov.br\/portal\/wp-json\/wp\/v2\/posts\/7807\/revisions\/7810"}],"wp:featuredmedia":[{"embeddable":true,"href":"https:\/\/www.santaritadopassaquatro.sp.gov.br\/portal\/wp-json\/wp\/v2\/media\/7809"}],"wp:attachment":[{"href":"https:\/\/www.santaritadopassaquatro.sp.gov.br\/portal\/wp-json\/wp\/v2\/media?parent=7807"}],"wp:term":[{"taxonomy":"category","embeddable":true,"href":"https:\/\/www.santaritadopassaquatro.sp.gov.br\/portal\/wp-json\/wp\/v2\/categories?post=7807"},{"taxonomy":"post_tag","embeddable":true,"href":"https:\/\/www.santaritadopassaquatro.sp.gov.br\/portal\/wp-json\/wp\/v2\/tags?post=7807"}],"curies":[{"name":"wp","href":"https:\/\/api.w.org\/{rel}","templated":true}]}}