{"id":7814,"date":"2022-11-04T10:18:17","date_gmt":"2022-11-04T13:18:17","guid":{"rendered":"http:\/\/www.santaritadopassaquatro.sp.gov.br\/portal\/?p=7814"},"modified":"2022-11-04T10:18:17","modified_gmt":"2022-11-04T13:18:17","slug":"licenca-de-instalacao-do-parque-industrial-passa-quatro-sp-330-e-aprovada-pela-cetesb","status":"publish","type":"post","link":"https:\/\/www.santaritadopassaquatro.sp.gov.br\/portal\/licenca-de-instalacao-do-parque-industrial-passa-quatro-sp-330-e-aprovada-pela-cetesb\/","title":{"rendered":"LICEN\u00c7A DE INSTALA\u00c7\u00c3O DO PARQUE INDUSTRIAL PASSA QUATRO SP-330 \u00c9 APROVADA PELA CETESB"},"content":{"rendered":"<p>O Prefeito Marcelo Sim\u00e3o anunciou nessa ter\u00e7a-feira, 01, que a CETESB finalmente aprovou a licen\u00e7a para a instala\u00e7\u00e3o do Parque Industrial Passa Quatro SP-330. Ap\u00f3s muitos meses de muito trabalho, persist\u00eancia e apoio de membros da comunidade, sociedade civil, governador e deputados, e ap\u00f3s dezenas de projetos formulados, a prefeitura pode come\u00e7ar a obra de estrutura do t\u00e3o aguardado Distrito Industrial.<\/p>\n<figure id=\"attachment_7815\" aria-describedby=\"caption-attachment-7815\" style=\"width: 1201px\" class=\"wp-caption aligncenter\"><img decoding=\"async\" class=\"size-full wp-image-7815\" src=\"http:\/\/www.santaritadopassaquatro.sp.gov.br\/portal\/wp-content\/uploads\/2022\/11\/WhatsApp-Image-2022-11-01-at-12.45.22-1.jpeg\" alt=\"\" width=\"1201\" height=\"1600\" \/><figcaption id=\"caption-attachment-7815\" class=\"wp-caption-text\">Assinatura da aprova\u00e7\u00e3o da CETESB para licen\u00e7a de instala\u00e7\u00e3o do Parque Industrial Passa Quatro SP-330<br \/>Foto: assessoria de imprensa<\/figcaption><\/figure>\n<p>Por ser uma \u00e1rea de preserva\u00e7\u00e3o, muitos achavam imposs\u00edvel ter a licen\u00e7a, pois o Parque Industrial teria que se adequar de maneira que preservasse a fauna e flora da regi\u00e3o. Mas os envolvidos no projeto conseguiram criar um projeto sustent\u00e1vel, que envolve reuso de \u00e1gua para n\u00e3o ter descarte, e prote\u00e7\u00e3o da fauna e flora. E a articula\u00e7\u00e3o pol\u00edtica do prefeito foi fundamental para que houvesse uma resolu\u00e7\u00e3o final da CETESB em tempo \u00e1gil. Atrav\u00e9s do deputado federal Baleia Rossi, o prefeito conseguiu se aproximar do governador Rodrigo Garcia, que abra\u00e7ou o projeto e garantiu n\u00e3o somente aten\u00e7\u00e3o ao projeto, como 5 milh\u00f5es de reais, atrav\u00e9s do Desenvolve SP. Outros deputados que abra\u00e7aram o Parque Industrial Passa Quatro SP-330 tamb\u00e9m tiveram participa\u00e7\u00e3o direta na aprova\u00e7\u00e3o da licen\u00e7a. S\u00e3o eles: Roquinho Barbiere, Vanderlei Macris e Rafa Zimbaldi.<\/p>\n<p>&nbsp;<\/p>\n<p>O Prefeito Marcelo Sim\u00e3o n\u00e3o conteve a alegria ao comentar sobre a aprova\u00e7\u00e3o da Licen\u00e7a na CETESB: \u201cUm sonho que se sonha s\u00f3 \u00e9 s\u00f3 um sonho, mas um sonho que sonhamos juntos se torna realidade. Este projeto s\u00f3 se tornou realidade gra\u00e7as ao empenho de membros do Promides, vereadores e dos deputados Roquinho Barbiere, Vanderlei Macris, Baleia Rossi e Rafa Zimbaldi, al\u00e9m do governador em exerc\u00edcio Rodrigo Garcia, que n\u00e3o mediu esfor\u00e7os para transform\u00e1-lo em realidade e do novo governador eleito Tarc\u00edsio de Freitas, que demonstrou interesse na constru\u00e7\u00e3o do nosso Parque Industrial\u201d.<\/p>\n","protected":false},"excerpt":{"rendered":"<p>O Prefeito Marcelo Sim\u00e3o anunciou nessa ter\u00e7a-feira, 01, que a CETESB finalmente aprovou a licen\u00e7a para a instala\u00e7\u00e3o do Parque<\/p>\n","protected":false},"author":3,"featured_media":7816,"comment_status":"closed","ping_status":"open","sticky":false,"template":"","format":"standard","meta":{"footnotes":""},"categories":[48],"tags":[92,93,94,91,64,69],"class_list":["post-7814","post","type-post","status-publish","format-standard","has-post-thumbnail","hentry","category-featured","tag-distrito-industrial","tag-emprego","tag-marcelo-simao","tag-parque-industrial-passa-quatro-sp330","tag-santa-rita","tag-ultimas-noticias"],"_links":{"self":[{"href":"https:\/\/www.santaritadopassaquatro.sp.gov.br\/portal\/wp-json\/wp\/v2\/posts\/7814","targetHints":{"allow":["GET"]}}],"collection":[{"href":"https:\/\/www.santaritadopassaquatro.sp.gov.br\/portal\/wp-json\/wp\/v2\/posts"}],"about":[{"href":"https:\/\/www.santaritadopassaquatro.sp.gov.br\/portal\/wp-json\/wp\/v2\/types\/post"}],"author":[{"embeddable":true,"href":"https:\/\/www.santaritadopassaquatro.sp.gov.br\/portal\/wp-json\/wp\/v2\/users\/3"}],"replies":[{"embeddable":true,"href":"https:\/\/www.santaritadopassaquatro.sp.gov.br\/portal\/wp-json\/wp\/v2\/comments?post=7814"}],"version-history":[{"count":1,"href":"https:\/\/www.santaritadopassaquatro.sp.gov.br\/portal\/wp-json\/wp\/v2\/posts\/7814\/revisions"}],"predecessor-version":[{"id":7817,"href":"https:\/\/www.santaritadopassaquatro.sp.gov.br\/portal\/wp-json\/wp\/v2\/posts\/7814\/revisions\/7817"}],"wp:featuredmedia":[{"embeddable":true,"href":"https:\/\/www.santaritadopassaquatro.sp.gov.br\/portal\/wp-json\/wp\/v2\/media\/7816"}],"wp:attachment":[{"href":"https:\/\/www.santaritadopassaquatro.sp.gov.br\/portal\/wp-json\/wp\/v2\/media?parent=7814"}],"wp:term":[{"taxonomy":"category","embeddable":true,"href":"https:\/\/www.santaritadopassaquatro.sp.gov.br\/portal\/wp-json\/wp\/v2\/categories?post=7814"},{"taxonomy":"post_tag","embeddable":true,"href":"https:\/\/www.santaritadopassaquatro.sp.gov.br\/portal\/wp-json\/wp\/v2\/tags?post=7814"}],"curies":[{"name":"wp","href":"https:\/\/api.w.org\/{rel}","templated":true}]}}