{"id":7825,"date":"2022-11-04T14:15:39","date_gmt":"2022-11-04T17:15:39","guid":{"rendered":"http:\/\/www.santaritadopassaquatro.sp.gov.br\/portal\/?p=7825"},"modified":"2022-11-04T14:15:39","modified_gmt":"2022-11-04T17:15:39","slug":"semana-do-musico-2022","status":"publish","type":"post","link":"https:\/\/www.santaritadopassaquatro.sp.gov.br\/portal\/semana-do-musico-2022\/","title":{"rendered":"SEMANA DO M\u00daSICO &#8211; 2022"},"content":{"rendered":"<div class=\"xdj266r x11i5rnm xat24cr x1mh8g0r x1vvkbs x126k92a\">\n<div dir=\"auto\"><\/div>\n<\/div>\n<div class=\"x11i5rnm xat24cr x1mh8g0r x1vvkbs xtlvy1s x126k92a\">\n<div dir=\"auto\">Neste m\u00eas de novembro, a Prefeitura Municipal de Santa Rita do Passa Quatro por meio do Departamento de Turismo, Cultura, Esporte e Lazer realizar\u00e1 a 9\u00aa Semana do M\u00fasico com homenagens e apresenta\u00e7\u00f5es musicais.<\/div>\n<div dir=\"auto\"><\/div>\n<\/div>\n<div class=\"x11i5rnm xat24cr x1mh8g0r x1vvkbs xtlvy1s x126k92a\">\n<div dir=\"auto\">A Semana do m\u00fasico foi institu\u00edda pela ei n.\u00ba 2.857, DE 19 DE NOVEMBRO de 2009, de autoria da ent\u00e3o vereadora Norma Jamus Villela, visando promover os m\u00fasicos santa-ritenses, concedendo homenagens \u00e0queles que efetivamente contribuem ou contribu\u00edram por meio de relevantes servi\u00e7os prestados na \u00e1rea musical no \u00e2mbito do munic\u00edpio, ou fora dele e divulgar trabalhos de compositores nascidos neste munic\u00edpio de Santa Rita do Passa Quatro.<\/div>\n<div dir=\"auto\"><\/div>\n<\/div>\n<div class=\"x11i5rnm xat24cr x1mh8g0r x1vvkbs xtlvy1s x126k92a\">\n<div dir=\"auto\">Logo postaremos as apresenta\u00e7\u00f5es e homenageados!<\/div>\n<\/div>\n","protected":false},"excerpt":{"rendered":"<p>Neste m\u00eas de novembro, a Prefeitura Municipal de Santa Rita do Passa Quatro por meio do Departamento de Turismo, Cultura,<\/p>\n","protected":false},"author":3,"featured_media":0,"comment_status":"closed","ping_status":"open","sticky":false,"template":"","format":"standard","meta":{"footnotes":""},"categories":[46],"tags":[96,95,64,98,97,69],"class_list":["post-7825","post","type-post","status-publish","format-standard","hentry","category-cultura","tag-cultura","tag-musica","tag-santa-rita","tag-semana-do-musico","tag-turismo","tag-ultimas-noticias"],"_links":{"self":[{"href":"https:\/\/www.santaritadopassaquatro.sp.gov.br\/portal\/wp-json\/wp\/v2\/posts\/7825","targetHints":{"allow":["GET"]}}],"collection":[{"href":"https:\/\/www.santaritadopassaquatro.sp.gov.br\/portal\/wp-json\/wp\/v2\/posts"}],"about":[{"href":"https:\/\/www.santaritadopassaquatro.sp.gov.br\/portal\/wp-json\/wp\/v2\/types\/post"}],"author":[{"embeddable":true,"href":"https:\/\/www.santaritadopassaquatro.sp.gov.br\/portal\/wp-json\/wp\/v2\/users\/3"}],"replies":[{"embeddable":true,"href":"https:\/\/www.santaritadopassaquatro.sp.gov.br\/portal\/wp-json\/wp\/v2\/comments?post=7825"}],"version-history":[{"count":1,"href":"https:\/\/www.santaritadopassaquatro.sp.gov.br\/portal\/wp-json\/wp\/v2\/posts\/7825\/revisions"}],"predecessor-version":[{"id":7827,"href":"https:\/\/www.santaritadopassaquatro.sp.gov.br\/portal\/wp-json\/wp\/v2\/posts\/7825\/revisions\/7827"}],"wp:attachment":[{"href":"https:\/\/www.santaritadopassaquatro.sp.gov.br\/portal\/wp-json\/wp\/v2\/media?parent=7825"}],"wp:term":[{"taxonomy":"category","embeddable":true,"href":"https:\/\/www.santaritadopassaquatro.sp.gov.br\/portal\/wp-json\/wp\/v2\/categories?post=7825"},{"taxonomy":"post_tag","embeddable":true,"href":"https:\/\/www.santaritadopassaquatro.sp.gov.br\/portal\/wp-json\/wp\/v2\/tags?post=7825"}],"curies":[{"name":"wp","href":"https:\/\/api.w.org\/{rel}","templated":true}]}}