{"id":7828,"date":"2022-11-04T14:17:23","date_gmt":"2022-11-04T17:17:23","guid":{"rendered":"http:\/\/www.santaritadopassaquatro.sp.gov.br\/portal\/?p=7828"},"modified":"2022-11-04T14:17:35","modified_gmt":"2022-11-04T17:17:35","slug":"outubro-rosa-novembro-azul","status":"publish","type":"post","link":"https:\/\/www.santaritadopassaquatro.sp.gov.br\/portal\/outubro-rosa-novembro-azul\/","title":{"rendered":"OUTUBRO ROSA &#8211; NOVEMBRO AZUL"},"content":{"rendered":"<div class=\"xdj266r x11i5rnm xat24cr x1mh8g0r x1vvkbs x126k92a\">\n<div dir=\"auto\">No dia 05\/11\/2022, acontecer\u00e1 no CCI Vila Kennedy (Rua Jabor David Debs , 509.), uma s\u00e9rie de a\u00e7\u00f5es sobre preven\u00e7\u00e3o e tratamento do c\u00e2ncer de mama e de pr\u00f3stata. O evento acontecer\u00e1 a partir das 14h, com a seguinte programa\u00e7\u00e3o:<\/div>\n<div dir=\"auto\"><\/div>\n<\/div>\n<div class=\"x11i5rnm xat24cr x1mh8g0r x1vvkbs xtlvy1s x126k92a\">\n<ul>\n<li>14:00 \u00e0s 14:30 &#8211; Palestra sobre preven\u00e7\u00e3o + din\u00e2mica com a Dra. Viviane Santana, pedagoga, com p\u00f3s-gradua\u00e7\u00e3o em psicologia clinica, cuidados paliativos e oncologia, pelo hospital Albert Einstein, \u00e9 Coordenadora Volunt\u00e1ria do Hospital de C\u00e2ncer de Barretos.<\/li>\n<\/ul>\n<\/div>\n<div class=\"x11i5rnm xat24cr x1mh8g0r x1vvkbs xtlvy1s x126k92a\">\n<ul>\n<li>14:30 \u00e0s 15:30h &#8211; Palestra sobre a Abordagem, preven\u00e7\u00e3o e tratamento &#8211; Dr. Raphael Haikel, cirurgi\u00e3o titular do Hospital do C\u00e2ncer de Barretos, especialista em cirurgia oncol\u00f3gica, mastologia e oncoplastia.<\/li>\n<\/ul>\n<\/div>\n<div class=\"x11i5rnm xat24cr x1mh8g0r x1vvkbs xtlvy1s x126k92a\">\n<ul>\n<li>15:30 \u00e0s 16:00 &#8211; Coffee Break<\/li>\n<\/ul>\n<\/div>\n<div class=\"x11i5rnm xat24cr x1mh8g0r x1vvkbs xtlvy1s x126k92a\">\n<ul>\n<li>16:00 \u00e0s 16:15 &#8211; Fluxo de Encaminhamento dos Casos com Camila Tobias Rom\u00e3o, Diretora de do Departamento de Sa\u00fade<\/li>\n<\/ul>\n<\/div>\n<div class=\"x11i5rnm xat24cr x1mh8g0r x1vvkbs xtlvy1s x126k92a\">\n<ul>\n<li>16:15 \u00e0s 16:30 &#8211; Direto dos pacientes &#8211; Conselho da Mulher<\/li>\n<\/ul>\n<\/div>\n<div class=\"x11i5rnm xat24cr x1mh8g0r x1vvkbs xtlvy1s x126k92a\">\n<ul>\n<li>16:30 \u00e0s 17:10 &#8211; Palestra l\u00fadica Vestindo azul e rosa no combate ao c\u00e2ncer &#8211; Mauro Dias<\/li>\n<\/ul>\n<\/div>\n<div class=\"x11i5rnm xat24cr x1mh8g0r x1vvkbs xtlvy1s x126k92a\">\n<div dir=\"auto\">Teremos brinquedos para as crian\u00e7as, carrinho de pipoca e algod\u00e3o-doce.<\/div>\n<\/div>\n<div class=\"x11i5rnm xat24cr x1mh8g0r x1vvkbs xtlvy1s x126k92a\">\n<div dir=\"auto\">Transporte gratuito para o distrito da Estrela e para os bairros S\u00e3o Luis e Planalto &#8211; Sa\u00edda: 13h, retorno: 17h10<\/div>\n<\/div>\n","protected":false},"excerpt":{"rendered":"<p>No dia 05\/11\/2022, acontecer\u00e1 no CCI Vila Kennedy (Rua Jabor David Debs , 509.), uma s\u00e9rie de a\u00e7\u00f5es sobre preven\u00e7\u00e3o<\/p>\n","protected":false},"author":3,"featured_media":7829,"comment_status":"closed","ping_status":"open","sticky":false,"template":"","format":"standard","meta":{"footnotes":""},"categories":[43,48],"tags":[99,64,69],"class_list":["post-7828","post","type-post","status-publish","format-standard","has-post-thumbnail","hentry","category-assistenciasocial","category-featured","tag-assistencia-social","tag-santa-rita","tag-ultimas-noticias"],"_links":{"self":[{"href":"https:\/\/www.santaritadopassaquatro.sp.gov.br\/portal\/wp-json\/wp\/v2\/posts\/7828","targetHints":{"allow":["GET"]}}],"collection":[{"href":"https:\/\/www.santaritadopassaquatro.sp.gov.br\/portal\/wp-json\/wp\/v2\/posts"}],"about":[{"href":"https:\/\/www.santaritadopassaquatro.sp.gov.br\/portal\/wp-json\/wp\/v2\/types\/post"}],"author":[{"embeddable":true,"href":"https:\/\/www.santaritadopassaquatro.sp.gov.br\/portal\/wp-json\/wp\/v2\/users\/3"}],"replies":[{"embeddable":true,"href":"https:\/\/www.santaritadopassaquatro.sp.gov.br\/portal\/wp-json\/wp\/v2\/comments?post=7828"}],"version-history":[{"count":1,"href":"https:\/\/www.santaritadopassaquatro.sp.gov.br\/portal\/wp-json\/wp\/v2\/posts\/7828\/revisions"}],"predecessor-version":[{"id":7830,"href":"https:\/\/www.santaritadopassaquatro.sp.gov.br\/portal\/wp-json\/wp\/v2\/posts\/7828\/revisions\/7830"}],"wp:featuredmedia":[{"embeddable":true,"href":"https:\/\/www.santaritadopassaquatro.sp.gov.br\/portal\/wp-json\/wp\/v2\/media\/7829"}],"wp:attachment":[{"href":"https:\/\/www.santaritadopassaquatro.sp.gov.br\/portal\/wp-json\/wp\/v2\/media?parent=7828"}],"wp:term":[{"taxonomy":"category","embeddable":true,"href":"https:\/\/www.santaritadopassaquatro.sp.gov.br\/portal\/wp-json\/wp\/v2\/categories?post=7828"},{"taxonomy":"post_tag","embeddable":true,"href":"https:\/\/www.santaritadopassaquatro.sp.gov.br\/portal\/wp-json\/wp\/v2\/tags?post=7828"}],"curies":[{"name":"wp","href":"https:\/\/api.w.org\/{rel}","templated":true}]}}