{"id":7831,"date":"2022-11-11T16:59:58","date_gmt":"2022-11-11T19:59:58","guid":{"rendered":"http:\/\/www.santaritadopassaquatro.sp.gov.br\/portal\/?p=7831"},"modified":"2022-11-11T16:59:58","modified_gmt":"2022-11-11T19:59:58","slug":"dama-realizam-plantio-de-arvores-na-fazenda-periquito","status":"publish","type":"post","link":"https:\/\/www.santaritadopassaquatro.sp.gov.br\/portal\/dama-realizam-plantio-de-arvores-na-fazenda-periquito\/","title":{"rendered":"DAMA REALIZAM PLANTIO DE \u00c1RVORES NA FAZENDA PERIQUITO"},"content":{"rendered":"<p>Nessa quinta-feira, 10 de novembro de 2022, o Departamento de Agricultura e Meio Ambiente, com a ETEC \u201cManoel dos Reis Ara\u00fajo\u201d, atrav\u00e9s do Projeto \u201c\u00c1gua: hoje&#8230; e amanh\u00e3? \u201d, realizaram o plantio de \u00e1rvores nativas na propriedade rural Fazenda Periquito.<\/p>\n<p>A Fazenda Periquito fica localizada em uma \u00e1rea de grande import\u00e2ncia h\u00eddrica, e um dos afluentes do Rio Mogi Gua\u00e7u &#8211; Ribeir\u00e3o das Pedras &#8211; passa por dentro da propriedade.<\/p>\n<p>O Ribeir\u00e3o das Pedras \u00e9 um afluente de extrema import\u00e2ncia h\u00eddrica para a regi\u00e3o, pois sua nascente est\u00e1 encravada dentro de \u00e1rea de relevante interessante ecol\u00f3gico, gleba do cerrado P\u00e9 de Gigante do Parque Estadual Vassununga. Esse c\u00f3rrego serpenteia por algumas propriedades tais como:Usina Santa Rita, Antiga Fazenda Paulic\u00e9ia, Fazenda Periquito, desaguando no Rio Mogi Gua\u00e7u pr\u00f3xima \u00e0 corredeira Escaramu\u00e7a.<\/p>\n<p><img decoding=\"async\" class=\"aligncenter size-full wp-image-7836\" src=\"http:\/\/www.santaritadopassaquatro.sp.gov.br\/portal\/wp-content\/uploads\/2022\/11\/WhatsApp-Image-2022-11-11-at-16.47.53-2.jpeg\" alt=\"\" width=\"748\" height=\"1000\" \/><\/p>\n<p>A propriet\u00e1ria da Fazenda Periquito \u00e9 engajada na causa ambiental e desde 2020 vem reflorestando sua APP e 16800 m\u00b2 al\u00e9m do necess\u00e1rio conforme o C\u00f3digo Florestal.<\/p>\n<p>At\u00e9 o ano de 2019 essa \u00e1rea era agricult\u00e1vel, sendo a partir desta data reflorestada com esp\u00e9cies nativas, contribuindo assim para um ganho ambiental e evitando o assoreamento do Ribeir\u00e3o das Pedras, devido a sua topografia.<\/p>\n<p><img decoding=\"async\" class=\"aligncenter size-full wp-image-7833\" src=\"http:\/\/www.santaritadopassaquatro.sp.gov.br\/portal\/wp-content\/uploads\/2022\/11\/WhatsApp-Image-2022-11-11-at-16.47.54-2.jpeg\" alt=\"\" width=\"720\" height=\"1600\" \/><\/p>\n<p>O plantio dessa quinta-feira foi particularmente muito especial, pois faz parte de um Projeto de a\u00e7\u00f5es intermunicipais entre os munic\u00edpios da Bacia do Rio Mogi Gua\u00e7u que j\u00e1 sinalizaram a sua participa\u00e7\u00e3o.<\/p>\n<p><img decoding=\"async\" class=\"aligncenter size-full wp-image-7835\" src=\"http:\/\/www.santaritadopassaquatro.sp.gov.br\/portal\/wp-content\/uploads\/2022\/11\/WhatsApp-Image-2022-11-11-at-16.47.54.jpeg\" alt=\"\" width=\"720\" height=\"1600\" \/><\/p>\n<p>Durante essa semana j\u00e1 realizaram suas primeiras a\u00e7\u00f5es os munic\u00edpios de Mogi Mirim, \u00c1guas Da Prata, Araras, Itapira, Rinc\u00e3o, Santa Cruz Das Palmeiras, Santa Rita Do Passa Quatro, Santo Ant\u00f4nio Do Jardim e Socorro.<\/p>\n<p>Os munic\u00edpios visam, para o ciclo 2022, realizar plantios e a\u00e7\u00f5es de limpeza das margens do Rio Mogi Gua\u00e7u e seus afluentes, garantindo que a biodiversidade do rio seja preservada de forma cont\u00ednua.<\/p>\n","protected":false},"excerpt":{"rendered":"<p>Nessa quinta-feira, 10 de novembro de 2022, o Departamento de Agricultura e Meio Ambiente, com a ETEC \u201cManoel dos Reis<\/p>\n","protected":false},"author":3,"featured_media":7833,"comment_status":"closed","ping_status":"open","sticky":false,"template":"","format":"standard","meta":{"footnotes":""},"categories":[48,53],"tags":[100,65,101,64,69],"class_list":["post-7831","post","type-post","status-publish","format-standard","has-post-thumbnail","hentry","category-featured","category-meio-ambiente","tag-etec","tag-meio-ambiente","tag-reflorestamento","tag-santa-rita","tag-ultimas-noticias"],"_links":{"self":[{"href":"https:\/\/www.santaritadopassaquatro.sp.gov.br\/portal\/wp-json\/wp\/v2\/posts\/7831","targetHints":{"allow":["GET"]}}],"collection":[{"href":"https:\/\/www.santaritadopassaquatro.sp.gov.br\/portal\/wp-json\/wp\/v2\/posts"}],"about":[{"href":"https:\/\/www.santaritadopassaquatro.sp.gov.br\/portal\/wp-json\/wp\/v2\/types\/post"}],"author":[{"embeddable":true,"href":"https:\/\/www.santaritadopassaquatro.sp.gov.br\/portal\/wp-json\/wp\/v2\/users\/3"}],"replies":[{"embeddable":true,"href":"https:\/\/www.santaritadopassaquatro.sp.gov.br\/portal\/wp-json\/wp\/v2\/comments?post=7831"}],"version-history":[{"count":1,"href":"https:\/\/www.santaritadopassaquatro.sp.gov.br\/portal\/wp-json\/wp\/v2\/posts\/7831\/revisions"}],"predecessor-version":[{"id":7837,"href":"https:\/\/www.santaritadopassaquatro.sp.gov.br\/portal\/wp-json\/wp\/v2\/posts\/7831\/revisions\/7837"}],"wp:featuredmedia":[{"embeddable":true,"href":"https:\/\/www.santaritadopassaquatro.sp.gov.br\/portal\/wp-json\/wp\/v2\/media\/7833"}],"wp:attachment":[{"href":"https:\/\/www.santaritadopassaquatro.sp.gov.br\/portal\/wp-json\/wp\/v2\/media?parent=7831"}],"wp:term":[{"taxonomy":"category","embeddable":true,"href":"https:\/\/www.santaritadopassaquatro.sp.gov.br\/portal\/wp-json\/wp\/v2\/categories?post=7831"},{"taxonomy":"post_tag","embeddable":true,"href":"https:\/\/www.santaritadopassaquatro.sp.gov.br\/portal\/wp-json\/wp\/v2\/tags?post=7831"}],"curies":[{"name":"wp","href":"https:\/\/api.w.org\/{rel}","templated":true}]}}