{"id":7845,"date":"2022-11-30T16:32:17","date_gmt":"2022-11-30T19:32:17","guid":{"rendered":"http:\/\/www.santaritadopassaquatro.sp.gov.br\/portal\/?p=7845"},"modified":"2022-11-30T16:32:17","modified_gmt":"2022-11-30T19:32:17","slug":"alunos-do-5o-ano-da-emef-francisco-ribeiro-visitam-espaco-de-educacao-ambiental","status":"publish","type":"post","link":"https:\/\/www.santaritadopassaquatro.sp.gov.br\/portal\/alunos-do-5o-ano-da-emef-francisco-ribeiro-visitam-espaco-de-educacao-ambiental\/","title":{"rendered":"Alunos do 5\u00ba ano da EMEF \u201cFrancisco Ribeiro\u201d visitam Espa\u00e7o de Educa\u00e7\u00e3o Ambiental"},"content":{"rendered":"<p>No dia 21 de novembro de 2022, os alunos do 5\u00ba ano do Ensino Fundamental da EMEF \u201cFrancisco Ribeiro\u201d, estiveram presentes no Departamento de Agricultura e Meio Ambiente, para participar de uma atividade no Espa\u00e7o de Educa\u00e7\u00e3o Ambiental com a funcion\u00e1ria Ana Vict\u00f3ria Silva. A atividade desenvolvida focou no assunto res\u00edduos s\u00f3lidos, reciclagem e sustentabilidade.<\/p>\n<p>Sustentabilidade \u00e9 a busca pelo equil\u00edbrio entre o suprimento das necessidades humanas e preserva\u00e7\u00e3o dos recursos naturais, n\u00e3o comprometendo as pr\u00f3ximas gera\u00e7\u00f5es. A sustentabilidade representa o equil\u00edbrio encontrado na explora\u00e7\u00e3o dos recursos naturais e a preserva\u00e7\u00e3o do meio ambiente.<\/p>\n<p><img decoding=\"async\" class=\"aligncenter size-medium wp-image-7847\" src=\"http:\/\/www.santaritadopassaquatro.sp.gov.br\/portal\/wp-content\/uploads\/2022\/11\/WhatsApp-Image-2022-11-30-at-16.27.18.jpeg\" alt=\"\" width=\"225\" height=\"300\" \/><\/p>\n<p>A a\u00e7\u00e3o \u00e9 de extrema import\u00e2ncia, pois a educa\u00e7\u00e3o ambiental nos ensina a valorizar, respeitar e reconhecer a import\u00e2ncia da natureza para o ser humano, os animais e todo o planeta Terra. E assim, \u00e9 poss\u00edvel aprender e ensinar sobre sa\u00fade, qualidade de vida, energias renov\u00e1veis, reciclagem, altru\u00edsmo e muito mais. <img decoding=\"async\" class=\"aligncenter size-medium wp-image-7848\" src=\"http:\/\/www.santaritadopassaquatro.sp.gov.br\/portal\/wp-content\/uploads\/2022\/11\/WhatsApp-Image-2022-11-30-at-16.27.17-1.jpeg\" alt=\"\" width=\"225\" height=\"300\" \/><\/p>\n","protected":false},"excerpt":{"rendered":"<p>No dia 21 de novembro de 2022, os alunos do 5\u00ba ano do Ensino Fundamental da EMEF \u201cFrancisco Ribeiro\u201d, estiveram<\/p>\n","protected":false},"author":3,"featured_media":7846,"comment_status":"closed","ping_status":"open","sticky":false,"template":"","format":"standard","meta":{"footnotes":""},"categories":[53],"tags":[66,68,65,71,70,101,102,64,72,69],"class_list":["post-7845","post","type-post","status-publish","format-standard","has-post-thumbnail","hentry","category-meio-ambiente","tag-agua","tag-educacao","tag-meio-ambiente","tag-pmva","tag-programa-municipio-verdeazul","tag-reflorestamento","tag-responsabilidade-social","tag-santa-rita","tag-santa-rita-do-passa-quatro","tag-ultimas-noticias"],"_links":{"self":[{"href":"https:\/\/www.santaritadopassaquatro.sp.gov.br\/portal\/wp-json\/wp\/v2\/posts\/7845","targetHints":{"allow":["GET"]}}],"collection":[{"href":"https:\/\/www.santaritadopassaquatro.sp.gov.br\/portal\/wp-json\/wp\/v2\/posts"}],"about":[{"href":"https:\/\/www.santaritadopassaquatro.sp.gov.br\/portal\/wp-json\/wp\/v2\/types\/post"}],"author":[{"embeddable":true,"href":"https:\/\/www.santaritadopassaquatro.sp.gov.br\/portal\/wp-json\/wp\/v2\/users\/3"}],"replies":[{"embeddable":true,"href":"https:\/\/www.santaritadopassaquatro.sp.gov.br\/portal\/wp-json\/wp\/v2\/comments?post=7845"}],"version-history":[{"count":1,"href":"https:\/\/www.santaritadopassaquatro.sp.gov.br\/portal\/wp-json\/wp\/v2\/posts\/7845\/revisions"}],"predecessor-version":[{"id":7849,"href":"https:\/\/www.santaritadopassaquatro.sp.gov.br\/portal\/wp-json\/wp\/v2\/posts\/7845\/revisions\/7849"}],"wp:featuredmedia":[{"embeddable":true,"href":"https:\/\/www.santaritadopassaquatro.sp.gov.br\/portal\/wp-json\/wp\/v2\/media\/7846"}],"wp:attachment":[{"href":"https:\/\/www.santaritadopassaquatro.sp.gov.br\/portal\/wp-json\/wp\/v2\/media?parent=7845"}],"wp:term":[{"taxonomy":"category","embeddable":true,"href":"https:\/\/www.santaritadopassaquatro.sp.gov.br\/portal\/wp-json\/wp\/v2\/categories?post=7845"},{"taxonomy":"post_tag","embeddable":true,"href":"https:\/\/www.santaritadopassaquatro.sp.gov.br\/portal\/wp-json\/wp\/v2\/tags?post=7845"}],"curies":[{"name":"wp","href":"https:\/\/api.w.org\/{rel}","templated":true}]}}