{"id":7857,"date":"2022-12-02T12:23:11","date_gmt":"2022-12-02T15:23:11","guid":{"rendered":"http:\/\/www.santaritadopassaquatro.sp.gov.br\/portal\/?p=7857"},"modified":"2022-12-02T12:23:11","modified_gmt":"2022-12-02T15:23:11","slug":"6o-concurso-literario-de-santa-rita-do-passa-quatro-2","status":"publish","type":"post","link":"https:\/\/www.santaritadopassaquatro.sp.gov.br\/portal\/6o-concurso-literario-de-santa-rita-do-passa-quatro-2\/","title":{"rendered":"6\u00ba CONCURSO LITER\u00c1RIO DE SANTA RITA DO PASSA QUATRO"},"content":{"rendered":"<div class=\"x11i5rnm xat24cr x1mh8g0r x1vvkbs xdj266r x126k92a\">\n<div dir=\"auto\">O Centro Cultural Governador M\u00e1rio Covas recebeu no dia 30 de novembro o VI Concurso Liter\u00e1rio de Santa Rita do Passa Quatro, realizado pelo Departamento de Educa\u00e7\u00e3o e empresa BOMSISTEMA, que contou com as presen\u00e7as do Prefeito Marcelo Sim\u00e3o, do Vice Prof.\u00ba M\u00e1rcio Reis, e dos vereadores Gilberto Bentlin Junior (Verdun) e Lucas Comin, das gestoras e coordenadoras das escolas participantes do concurso Luana Moraes Gon\u00e7alves de Almeida (Nelson Fernandes), Patr\u00edcia Sereghetti Costa (Prof.\u00aa Ign\u00eaz Giaretta Sguerra), Olga Aparecida dos Santos Scarabel Garcia (Caic Laura Suriani Barbuio), Fabricia Barioni (ETEC Manoel dos Reis Ara\u00fajo), Mirtes Peron Pedroso dos Santos (Objetivo) e Silvia Thomazi Scomparin (SESI Salom\u00e3o \u00c9sper).<\/div>\n<div dir=\"auto\"><img decoding=\"async\" class=\"aligncenter size-full wp-image-7936\" src=\"http:\/\/www.santaritadopassaquatro.sp.gov.br\/portal\/wp-content\/uploads\/2022\/12\/IMG_9532.jpg\" alt=\"\" width=\"1920\" height=\"1280\" \/><\/div>\n<\/div>\n<div class=\"x11i5rnm xat24cr x1mh8g0r x1vvkbs xtlvy1s x126k92a\">\n<div dir=\"auto\"><\/div>\n<div dir=\"auto\">A cerim\u00f4nia foi apresentada pela diretora do Departamento de Educa\u00e7\u00e3o Luciana Terassi Fr\u00f6ner, e, como convidados da Academia Santa-Ritense de Letras, tivemos os senhores Gracio Ant\u00f4nio dos Reis, Idemar Bueno de Souza e a senhora L\u00edgia Maria Mussolino Camargo.<\/div>\n<div dir=\"auto\"><img decoding=\"async\" class=\"aligncenter size-full wp-image-7902\" src=\"http:\/\/www.santaritadopassaquatro.sp.gov.br\/portal\/wp-content\/uploads\/2022\/12\/IMG_9459.jpg\" alt=\"\" width=\"1920\" height=\"1280\" \/><\/div>\n<\/div>\n<div class=\"x11i5rnm xat24cr x1mh8g0r x1vvkbs xtlvy1s x126k92a\">\n<div dir=\"auto\"><\/div>\n<div dir=\"auto\">Ao todo, tivemos 129 produ\u00e7\u00f5es para o VI Concurso Liter\u00e1rio 2022, al\u00e9m de v\u00e1rias ilustra\u00e7\u00f5es, abrilhantando o livro \u2018VI Concurso Liter\u00e1rio 2022\u2019, tendo os alunos vencedores na categoria:<\/div>\n<\/div>\n<div class=\"x11i5rnm xat24cr x1mh8g0r x1vvkbs xtlvy1s x126k92a\">\n<div dir=\"auto\"><\/div>\n<div dir=\"auto\">1\u00ba Leonardo Mazine (SESI);<\/div>\n<div dir=\"auto\">2\u00ba Beatriz Pizetta Ilaris (SESI);<\/div>\n<div dir=\"auto\">3\u00ba L\u00edvia Moraes (Ign\u00eaz Giaretta Sguerra);<\/div>\n<div dir=\"auto\">4\u00ba Mariana de Almeida Sanches (Nelson Fernandes);<\/div>\n<div dir=\"auto\">5\u00ba Marcela Cristina Prado Pires Barbosa (Ign\u00eaz Giaretta Sguerra).<\/div>\n<div dir=\"auto\"><img decoding=\"async\" class=\"aligncenter size-full wp-image-7872\" src=\"http:\/\/www.santaritadopassaquatro.sp.gov.br\/portal\/wp-content\/uploads\/2022\/12\/IMG_9396.jpg\" alt=\"\" width=\"1920\" height=\"1280\" \/><\/div>\n<\/div>\n<div class=\"x11i5rnm xat24cr x1mh8g0r x1vvkbs xtlvy1s x126k92a\">\n<div dir=\"auto\"><\/div>\n<div dir=\"auto\">Na categoria Relatos de Mem\u00f3ria, os alunos dos 6\u00bas e 7\u00bas anos vencedores foram:<\/div>\n<\/div>\n<div class=\"x11i5rnm xat24cr x1mh8g0r x1vvkbs xtlvy1s x126k92a\">\n<div dir=\"auto\"><\/div>\n<div dir=\"auto\">1\u00ba Samira Ferreira de Souza (SESI);<\/div>\n<div dir=\"auto\">2\u00ba Bianca de Souza Rosa (SESI);<\/div>\n<div dir=\"auto\">3\u00ba Pietra Gabrieli Mingoranci (CAIC).<\/div>\n<div dir=\"auto\"><img decoding=\"async\" class=\"aligncenter size-full wp-image-7906\" src=\"http:\/\/www.santaritadopassaquatro.sp.gov.br\/portal\/wp-content\/uploads\/2022\/12\/IMG_9463.jpg\" alt=\"\" width=\"1920\" height=\"1280\" \/><\/div>\n<\/div>\n<div class=\"x11i5rnm xat24cr x1mh8g0r x1vvkbs xtlvy1s x126k92a\">\n<div dir=\"auto\"><\/div>\n<div dir=\"auto\">Na categoria Poesia, os alunos dos 6\u00bas e 7\u00bas anos vencedores foram:<\/div>\n<\/div>\n<div class=\"x11i5rnm xat24cr x1mh8g0r x1vvkbs xtlvy1s x126k92a\">\n<div dir=\"auto\"><\/div>\n<div dir=\"auto\">1\u00ba Lorelayne Ribeiro Baesso (Nelson Fernandes), com a poesia \u2018O Sol e A Lua\u201d;<\/div>\n<div dir=\"auto\">2\u00ba Vit\u00f3ria Fel\u00edcio Cazoni (Nelson Fernandes), com a poesia \u2018Cidade Poema\u2019;<\/div>\n<div dir=\"auto\">3\u00ba Lorena Alves Aureliano (Objetivo), com a poesia \u2018Amor Incondicional\u2019;<\/div>\n<div dir=\"auto\"><img decoding=\"async\" class=\"aligncenter size-full wp-image-7896\" src=\"http:\/\/www.santaritadopassaquatro.sp.gov.br\/portal\/wp-content\/uploads\/2022\/12\/IMG_9441.jpg\" alt=\"\" width=\"1920\" height=\"1280\" \/><\/div>\n<\/div>\n<div class=\"x11i5rnm xat24cr x1mh8g0r x1vvkbs xtlvy1s x126k92a\">\n<div dir=\"auto\"><\/div>\n<div dir=\"auto\">Na categoria Mem\u00f3ria, os alunos dos 8\u00bas e 9\u00bas anos vencedores foram:<\/div>\n<\/div>\n<div class=\"x11i5rnm xat24cr x1mh8g0r x1vvkbs xtlvy1s x126k92a\">\n<div dir=\"auto\"><\/div>\n<div dir=\"auto\">1\u00ba Breno de Almeida Menon (SESI), com a obra: Amor Fraterno.<\/div>\n<div dir=\"auto\">2\u00ba Isabelli Lencione da Silva Moretto (SESI), com a obra: Um Susto que Vale a Pena;<\/div>\n<div dir=\"auto\">3\u00ba Leonardo Begnani (SESI), com a obra: Novos Ares.<\/div>\n<div dir=\"auto\"><img decoding=\"async\" class=\"aligncenter size-full wp-image-7908\" src=\"http:\/\/www.santaritadopassaquatro.sp.gov.br\/portal\/wp-content\/uploads\/2022\/12\/IMG_9467.jpg\" alt=\"\" width=\"1920\" height=\"1280\" \/><\/div>\n<\/div>\n<div class=\"x11i5rnm xat24cr x1mh8g0r x1vvkbs xtlvy1s x126k92a\">\n<div dir=\"auto\"><\/div>\n<div dir=\"auto\">Na categoria Poesia, os alunos dos 8\u00bas e 9\u00bas anos vencedores foram:<\/div>\n<\/div>\n<div class=\"x11i5rnm xat24cr x1mh8g0r x1vvkbs xtlvy1s x126k92a\">\n<div dir=\"auto\"><\/div>\n<div dir=\"auto\">1\u00ba Jhenifer Caroliny Viana Silva (SESI);<\/div>\n<div dir=\"auto\">2\u00ba Maria Carolina Bariotto Silva (Objetivo);<\/div>\n<div dir=\"auto\">3\u00ba Yasmin Rafaela Natalino (CAIC).<\/div>\n<\/div>\n<div class=\"x11i5rnm xat24cr x1mh8g0r x1vvkbs xtlvy1s x126k92a\">\n<div dir=\"auto\"><img decoding=\"async\" class=\"aligncenter size-full wp-image-7886\" src=\"http:\/\/www.santaritadopassaquatro.sp.gov.br\/portal\/wp-content\/uploads\/2022\/12\/IMG_9422.jpg\" alt=\"\" width=\"1920\" height=\"1280\" \/><\/div>\n<div dir=\"auto\">Na categoria Contos, os alunos dos 8\u00bas e 9\u00bas anos vencedores foram:<\/div>\n<\/div>\n<div class=\"x11i5rnm xat24cr x1mh8g0r x1vvkbs xtlvy1s x126k92a\">\n<div dir=\"auto\"><\/div>\n<div dir=\"auto\">1\u00ba Isabelly Ribeiro dos Santos (SESI);<\/div>\n<div dir=\"auto\">2\u00ba Ana Laura Puppo (SESI);<\/div>\n<div dir=\"auto\">3\u00ba Ana Clara da Silva Hencklein (SESI).<\/div>\n<div dir=\"auto\"><img decoding=\"async\" class=\"aligncenter size-full wp-image-7877\" src=\"http:\/\/www.santaritadopassaquatro.sp.gov.br\/portal\/wp-content\/uploads\/2022\/12\/IMG_9407.jpg\" alt=\"\" width=\"1920\" height=\"1280\" \/><\/div>\n<\/div>\n<div class=\"x11i5rnm xat24cr x1mh8g0r x1vvkbs xtlvy1s x126k92a\">\n<div dir=\"auto\"><\/div>\n<div dir=\"auto\">Na categoria Poesia, os alunos do Ensino M\u00e9dio vencedores foram:<\/div>\n<\/div>\n<div class=\"x11i5rnm xat24cr x1mh8g0r x1vvkbs xtlvy1s x126k92a\">\n<div dir=\"auto\"><\/div>\n<div dir=\"auto\">1\u00ba Carla de Gino Jord\u00e3o (SESI);<\/div>\n<div dir=\"auto\">2\u00ba Cassiane Vict\u00f3ria Gaspar (ETEC);<\/div>\n<div dir=\"auto\">3\u00ba Gabriel Fonseca Fernandes (ETEC).<\/div>\n<\/div>\n<div class=\"x11i5rnm xat24cr x1mh8g0r x1vvkbs xtlvy1s x126k92a\">\n<div dir=\"auto\"><img decoding=\"async\" class=\"aligncenter size-full wp-image-7880\" src=\"http:\/\/www.santaritadopassaquatro.sp.gov.br\/portal\/wp-content\/uploads\/2022\/12\/IMG_9412.jpg\" alt=\"\" width=\"1920\" height=\"1280\" \/><\/div>\n<div dir=\"auto\">Na categoria Contos, os alunos do Ensino M\u00e9dio vencedores foram:<\/div>\n<\/div>\n<div class=\"x11i5rnm xat24cr x1mh8g0r x1vvkbs xtlvy1s x126k92a\">\n<div dir=\"auto\"><\/div>\n<div dir=\"auto\">1\u00ba Maria Eduarda Santos de Assis (SESI);<\/div>\n<div dir=\"auto\">2\u00ba Estela pereira Andrioli (Ign\u00eaz Giaretta Sguerra);<\/div>\n<div dir=\"auto\">3\u00ba Manuela de Carvalho Beltrame (SESI).<\/div>\n<\/div>\n<div class=\"x11i5rnm xat24cr x1mh8g0r x1vvkbs xtlvy1s x126k92a\">\n<div dir=\"auto\"><img decoding=\"async\" class=\"aligncenter size-full wp-image-7878\" src=\"http:\/\/www.santaritadopassaquatro.sp.gov.br\/portal\/wp-content\/uploads\/2022\/12\/IMG_9409.jpg\" alt=\"\" width=\"1920\" height=\"1280\" \/><\/div>\n<div dir=\"auto\">Na categoria Disserta\u00e7\u00e3o Argumentativa, os alunos do Ensino M\u00e9dio vencedores foram:<\/div>\n<\/div>\n<div class=\"x11i5rnm xat24cr x1mh8g0r x1vvkbs xtlvy1s x126k92a\">\n<div dir=\"auto\"><\/div>\n<div dir=\"auto\">1\u00ba Let\u00edcia Barioni Sartor (SESI);<\/div>\n<div dir=\"auto\">2\u00ba J\u00falia Comitre Lemes (SESI);<\/div>\n<div dir=\"auto\">3\u00ba V\u00edtor do Amaral (Objetivo).<\/div>\n<\/div>\n<div class=\"x11i5rnm xat24cr x1mh8g0r x1vvkbs xtlvy1s x126k92a\">\n<div dir=\"auto\"><img decoding=\"async\" class=\"aligncenter size-full wp-image-7900\" src=\"http:\/\/www.santaritadopassaquatro.sp.gov.br\/portal\/wp-content\/uploads\/2022\/12\/IMG_9452.jpg\" alt=\"\" width=\"1920\" height=\"1280\" \/><\/div>\n<div dir=\"auto\">O VI Concurso Liter\u00e1rio premiou os vencedores com R$ 500,00 cada, os segundos colocados receberam R$ 250,00 cada e os terceiros levaram R$ 100,00 cada. Todos tamb\u00e9m foram condecorados com um boton da Academia Santa-Ritense de Letras e um certificado de participa\u00e7\u00e3o.<\/div>\n<\/div>\n<div class=\"x11i5rnm xat24cr x1mh8g0r x1vvkbs xtlvy1s x126k92a\">\n<div dir=\"auto\"><img decoding=\"async\" class=\"aligncenter size-full wp-image-7914\" src=\"http:\/\/www.santaritadopassaquatro.sp.gov.br\/portal\/wp-content\/uploads\/2022\/12\/IMG_9480.jpg\" alt=\"\" width=\"1920\" height=\"1280\" \/><\/div>\n<div dir=\"auto\">O Concurso Liter\u00e1rio 2022 foi um projeto em conson\u00e2ncia com os ideais formativos do S\u00e9culo XXI presentes na BNCC, nos componentes curriculares de L\u00edngua Portuguesa e de Arte e, no \u00e2mbito da conscientiza\u00e7\u00e3o de um ensino para o empreendedorismo cultural.<\/div>\n<\/div>\n<div class=\"x11i5rnm xat24cr x1mh8g0r x1vvkbs xtlvy1s x126k92a\">\n<div dir=\"auto\"><\/div>\n<div dir=\"auto\">Trata-se de um projeto de incentivo \u00e0 leitura, \u00e0 escrita, \u00e0 produ\u00e7\u00e3o de novos talentos que viabiliza o desenvolvimento de habilidades essenciais para a forma\u00e7\u00e3o de um indiv\u00edduo aut\u00f4nomo em suas a\u00e7\u00f5es, tais como: leitura cr\u00edtica, interpreta\u00e7\u00e3o, criatividade, autodidatismo, empatia, comunica\u00e7\u00e3o e produ\u00e7\u00e3o cultural.<img decoding=\"async\" class=\"aligncenter size-full wp-image-7858\" src=\"http:\/\/www.santaritadopassaquatro.sp.gov.br\/portal\/wp-content\/uploads\/2022\/12\/IMG_9347.jpg\" alt=\"\" width=\"1920\" height=\"1280\" \/><\/p>\n<p><img decoding=\"async\" class=\"aligncenter size-full wp-image-7944\" src=\"http:\/\/www.santaritadopassaquatro.sp.gov.br\/portal\/wp-content\/uploads\/2022\/12\/IMG_9545.jpg\" alt=\"\" width=\"1920\" height=\"1280\" \/><\/div>\n<\/div>\n","protected":false},"excerpt":{"rendered":"<p>O Centro Cultural Governador M\u00e1rio Covas recebeu no dia 30 de novembro o VI Concurso Liter\u00e1rio de Santa Rita do<\/p>\n","protected":false},"author":3,"featured_media":7865,"comment_status":"closed","ping_status":"open","sticky":false,"template":"","format":"standard","meta":{"footnotes":""},"categories":[28],"tags":[103,68,94,64,72,69],"class_list":["post-7857","post","type-post","status-publish","format-standard","has-post-thumbnail","hentry","category-educacao","tag-concurso-literario","tag-educacao","tag-marcelo-simao","tag-santa-rita","tag-santa-rita-do-passa-quatro","tag-ultimas-noticias"],"_links":{"self":[{"href":"https:\/\/www.santaritadopassaquatro.sp.gov.br\/portal\/wp-json\/wp\/v2\/posts\/7857","targetHints":{"allow":["GET"]}}],"collection":[{"href":"https:\/\/www.santaritadopassaquatro.sp.gov.br\/portal\/wp-json\/wp\/v2\/posts"}],"about":[{"href":"https:\/\/www.santaritadopassaquatro.sp.gov.br\/portal\/wp-json\/wp\/v2\/types\/post"}],"author":[{"embeddable":true,"href":"https:\/\/www.santaritadopassaquatro.sp.gov.br\/portal\/wp-json\/wp\/v2\/users\/3"}],"replies":[{"embeddable":true,"href":"https:\/\/www.santaritadopassaquatro.sp.gov.br\/portal\/wp-json\/wp\/v2\/comments?post=7857"}],"version-history":[{"count":1,"href":"https:\/\/www.santaritadopassaquatro.sp.gov.br\/portal\/wp-json\/wp\/v2\/posts\/7857\/revisions"}],"predecessor-version":[{"id":7945,"href":"https:\/\/www.santaritadopassaquatro.sp.gov.br\/portal\/wp-json\/wp\/v2\/posts\/7857\/revisions\/7945"}],"wp:featuredmedia":[{"embeddable":true,"href":"https:\/\/www.santaritadopassaquatro.sp.gov.br\/portal\/wp-json\/wp\/v2\/media\/7865"}],"wp:attachment":[{"href":"https:\/\/www.santaritadopassaquatro.sp.gov.br\/portal\/wp-json\/wp\/v2\/media?parent=7857"}],"wp:term":[{"taxonomy":"category","embeddable":true,"href":"https:\/\/www.santaritadopassaquatro.sp.gov.br\/portal\/wp-json\/wp\/v2\/categories?post=7857"},{"taxonomy":"post_tag","embeddable":true,"href":"https:\/\/www.santaritadopassaquatro.sp.gov.br\/portal\/wp-json\/wp\/v2\/tags?post=7857"}],"curies":[{"name":"wp","href":"https:\/\/api.w.org\/{rel}","templated":true}]}}