{"id":7948,"date":"2022-12-06T09:09:47","date_gmt":"2022-12-06T12:09:47","guid":{"rendered":"http:\/\/www.santaritadopassaquatro.sp.gov.br\/portal\/?p=7948"},"modified":"2022-12-06T09:09:47","modified_gmt":"2022-12-06T12:09:47","slug":"roda-de-conversa-do-projeto-conhecer-para-pertencer","status":"publish","type":"post","link":"https:\/\/www.santaritadopassaquatro.sp.gov.br\/portal\/roda-de-conversa-do-projeto-conhecer-para-pertencer\/","title":{"rendered":"RODA DE CONVERSA DO PROJETO CONHECER PARA PERTENCER"},"content":{"rendered":"<p>No dia 1 de dezembro de 2022, a equipe do &#8220;Projeto Conhecer para Pertencer&#8221; do Instituto Cultural Janela Aberta (S\u00e3o Carlos), realizou um evento aberto para a popula\u00e7\u00e3o de Santa Rita no Museu Zito Spadon, em parceria com a Secretaria de Meio Ambiente de Santa Rita do Passa Quatro e da gest\u00e3o do Parque Estadual de Vassununga (Funda\u00e7\u00e3o Florestal).<\/p>\n<p><img decoding=\"async\" class=\"aligncenter size-full wp-image-7951\" src=\"http:\/\/www.santaritadopassaquatro.sp.gov.br\/portal\/wp-content\/uploads\/2022\/12\/WhatsApp-Image-2022-12-06-at-08.59.52-1.jpeg\" alt=\"\" width=\"1080\" height=\"566\" \/><\/p>\n<p>O evento teve como objetivo fazer um levantamento participativo de informa\u00e7\u00f5es socioambientais sobre as rela\u00e7\u00f5es das pessoas da regi\u00e3o com o Rio Mogi e seus afluentes. Para isso, foi realizada uma apresenta\u00e7\u00e3o de contextualiza\u00e7\u00e3o do projeto; uma atividade participativa em grupo para o registro dos relatos dos participantes; um lanche; e o fechamento com entrega de certificados e apontamento das pr\u00f3ximas etapas do projeto.<\/p>\n<p><img decoding=\"async\" class=\"aligncenter size-full wp-image-7950\" src=\"http:\/\/www.santaritadopassaquatro.sp.gov.br\/portal\/wp-content\/uploads\/2022\/12\/WhatsApp-Image-2022-12-06-at-08.59.52-2.jpeg\" alt=\"\" width=\"1080\" height=\"566\" \/><\/p>\n<p>O projeto foi aprovado pelo Comit\u00ea de Bacia Hidrogr\u00e1fica do Rio Mogi e conta com financiamento do Fundo Estadual de Recursos H\u00eddricos (FEHIDRO) voltado para os munic\u00edpios de S\u00e3o Carlos; Descalvado; Porto Ferreira; Luiz Ant\u00f4nio e Santa Rita do Passa Quatro. Ao longo do projeto, est\u00e3o sendo realizadas atividades de Educa\u00e7\u00e3o Ambiental e ser\u00e3o produzidas cartilhas educativas e maquetes de bacias hidrogr\u00e1ficas que ser\u00e3o doadas aos munic\u00edpios.<\/p>\n<p><img decoding=\"async\" class=\"aligncenter size-full wp-image-7949\" src=\"http:\/\/www.santaritadopassaquatro.sp.gov.br\/portal\/wp-content\/uploads\/2022\/12\/WhatsApp-Image-2022-12-06-at-08.59.53.jpeg\" alt=\"\" width=\"1080\" height=\"566\" \/><\/p>\n<p>Para mais informa\u00e7\u00f5es, seguem os contato de e-mail e do Instagram:<br \/>\n&#8211; instituto@janelaaberta.art.br<br \/>\n&#8211; instagram.com\/icjanela_aberta<\/p>\n","protected":false},"excerpt":{"rendered":"<p>No dia 1 de dezembro de 2022, a equipe do &#8220;Projeto Conhecer para Pertencer&#8221; do Instituto Cultural Janela Aberta (S\u00e3o<\/p>\n","protected":false},"author":3,"featured_media":7952,"comment_status":"closed","ping_status":"open","sticky":false,"template":"","format":"standard","meta":{"footnotes":""},"categories":[53],"tags":[65,71,70,101,102,64,72,69],"class_list":["post-7948","post","type-post","status-publish","format-standard","has-post-thumbnail","hentry","category-meio-ambiente","tag-meio-ambiente","tag-pmva","tag-programa-municipio-verdeazul","tag-reflorestamento","tag-responsabilidade-social","tag-santa-rita","tag-santa-rita-do-passa-quatro","tag-ultimas-noticias"],"_links":{"self":[{"href":"https:\/\/www.santaritadopassaquatro.sp.gov.br\/portal\/wp-json\/wp\/v2\/posts\/7948","targetHints":{"allow":["GET"]}}],"collection":[{"href":"https:\/\/www.santaritadopassaquatro.sp.gov.br\/portal\/wp-json\/wp\/v2\/posts"}],"about":[{"href":"https:\/\/www.santaritadopassaquatro.sp.gov.br\/portal\/wp-json\/wp\/v2\/types\/post"}],"author":[{"embeddable":true,"href":"https:\/\/www.santaritadopassaquatro.sp.gov.br\/portal\/wp-json\/wp\/v2\/users\/3"}],"replies":[{"embeddable":true,"href":"https:\/\/www.santaritadopassaquatro.sp.gov.br\/portal\/wp-json\/wp\/v2\/comments?post=7948"}],"version-history":[{"count":1,"href":"https:\/\/www.santaritadopassaquatro.sp.gov.br\/portal\/wp-json\/wp\/v2\/posts\/7948\/revisions"}],"predecessor-version":[{"id":7953,"href":"https:\/\/www.santaritadopassaquatro.sp.gov.br\/portal\/wp-json\/wp\/v2\/posts\/7948\/revisions\/7953"}],"wp:featuredmedia":[{"embeddable":true,"href":"https:\/\/www.santaritadopassaquatro.sp.gov.br\/portal\/wp-json\/wp\/v2\/media\/7952"}],"wp:attachment":[{"href":"https:\/\/www.santaritadopassaquatro.sp.gov.br\/portal\/wp-json\/wp\/v2\/media?parent=7948"}],"wp:term":[{"taxonomy":"category","embeddable":true,"href":"https:\/\/www.santaritadopassaquatro.sp.gov.br\/portal\/wp-json\/wp\/v2\/categories?post=7948"},{"taxonomy":"post_tag","embeddable":true,"href":"https:\/\/www.santaritadopassaquatro.sp.gov.br\/portal\/wp-json\/wp\/v2\/tags?post=7948"}],"curies":[{"name":"wp","href":"https:\/\/api.w.org\/{rel}","templated":true}]}}