{"id":7954,"date":"2022-12-15T10:01:41","date_gmt":"2022-12-15T13:01:41","guid":{"rendered":"http:\/\/www.santaritadopassaquatro.sp.gov.br\/portal\/?p=7954"},"modified":"2022-12-15T10:01:41","modified_gmt":"2022-12-15T13:01:41","slug":"santa-rita-conquista-o-titulo-de-capital-cultural-do-estado-de-sao-paulo","status":"publish","type":"post","link":"https:\/\/www.santaritadopassaquatro.sp.gov.br\/portal\/santa-rita-conquista-o-titulo-de-capital-cultural-do-estado-de-sao-paulo\/","title":{"rendered":"Santa Rita conquista o t\u00edtulo de Capital Cultural do Estado de S\u00e3o Paulo"},"content":{"rendered":"<p>O Munic\u00edpio de Santa Rita do Passa Quatro conquistou o T\u00edtulo \u201cCapital Cultural do Estado de S\u00e3o Paulo\u201d, concedido pelo Governo Paulista, na noite desta quarta-feira, 14.<\/p>\n<p><img decoding=\"async\" class=\"aligncenter size-full wp-image-7958\" src=\"http:\/\/www.santaritadopassaquatro.sp.gov.br\/portal\/wp-content\/uploads\/2022\/12\/Pardini-premio-03.jpg\" alt=\"\" width=\"960\" height=\"641\" \/><\/p>\n<p>No Teatro S\u00e9rgio Cardoso, em S\u00e3o Paulo, a Gestora de Cultura Graziela de C\u00e1ssia Vilella recebeu o pr\u00eamio.<\/p>\n<p>O Pr\u00eamio \u201cCapital Cultural\u201d, visa reconhecer as cidades do Estado que mais investem no setor, considerando espa\u00e7os p\u00fablicos e particulares de cultura, equipamentos culturais, realiza\u00e7\u00e3o de eventos, mostras, shows, exposi\u00e7\u00f5es, a\u00e7\u00f5es de fomento e de divis\u00e3o cultural, bem como recursos destinados \u00e0 \u00e1rea.<\/p>\n<p>Outro crit\u00e9rio determinante para o recebimento do t\u00edtulo de Capital Cultural foi a contempla\u00e7\u00e3o de Santa Rita do Passa Quatro para sediar a realiza\u00e7\u00e3o da Virada SP, em 2022.<\/p>\n<p>Em 2022, Santa Rita concorreu &#8211; e conquistou &#8211; 2 editais promovidos pelo programa \u201cJuntos Pela Cultura\u201d do Governo do Estado, sendo eles: &#8220;Tradi\u00e7\u00e3o SP&#8221; e &#8220;Virada SP&#8221;.<\/p>\n<p><img decoding=\"async\" class=\"aligncenter size-full wp-image-7955\" src=\"http:\/\/www.santaritadopassaquatro.sp.gov.br\/portal\/wp-content\/uploads\/2022\/12\/WhatsApp-Image-2022-12-14-at-22.35.50.jpeg\" alt=\"\" width=\"1200\" height=\"1200\" \/><\/p>\n<p>O Tradi\u00e7\u00e3o SP trouxe para o Festival Zequinha de Abreu 5 grupos de Chorinhos, abrilhantando ainda mais evento. J\u00e1 a Virada SP, trouxe mais de 40 atra\u00e7\u00f5es locais, regionais, nacionais e internacional, em 24 horas de cultura, por diversos locais da cidade.<\/p>\n<p><img decoding=\"async\" class=\"aligncenter size-full wp-image-7957\" src=\"http:\/\/www.santaritadopassaquatro.sp.gov.br\/portal\/wp-content\/uploads\/2022\/12\/WhatsApp-Image-2022-12-14-at-22.35.49.jpeg\" alt=\"\" width=\"867\" height=\"867\" \/><\/p>\n<p>A gest\u00e3o do Prefeito Marcelo Sim\u00e3o e Prof.\u00ba M\u00e1rcio Reis, por meio do Departamento de Turismo, Cultura, Esporte e Lazer, desenvolve um trabalho de valoriza\u00e7\u00e3o, fomento e amplia\u00e7\u00e3o da cultura em Santa Rita, por entender que o nosso munic\u00edpio tem uma rica hist\u00f3ria cultural e precisa ser preservada, al\u00e9m, de gerar emprego e renda aos mun\u00edcipes atrav\u00e9s dos eventos culturais, atraindo turistas, movimentando os com\u00e9rcios e elevando o nome de Santa Rita para todo o Brasil, como a Capital Cultural de S\u00e3o Paulo.<\/p>\n","protected":false},"excerpt":{"rendered":"<p>O Munic\u00edpio de Santa Rita do Passa Quatro conquistou o T\u00edtulo \u201cCapital Cultural do Estado de S\u00e3o Paulo\u201d, concedido pelo<\/p>\n","protected":false},"author":3,"featured_media":7956,"comment_status":"closed","ping_status":"open","sticky":false,"template":"","format":"standard","meta":{"footnotes":""},"categories":[46,48],"tags":[104,108,64,72,69,106,105,107],"class_list":["post-7954","post","type-post","status-publish","format-standard","has-post-thumbnail","hentry","category-cultura","category-featured","tag-capital-cultural","tag-chorinho","tag-santa-rita","tag-santa-rita-do-passa-quatro","tag-ultimas-noticias","tag-virada-cultural","tag-virada-sp","tag-zequinha-de-abreu"],"_links":{"self":[{"href":"https:\/\/www.santaritadopassaquatro.sp.gov.br\/portal\/wp-json\/wp\/v2\/posts\/7954","targetHints":{"allow":["GET"]}}],"collection":[{"href":"https:\/\/www.santaritadopassaquatro.sp.gov.br\/portal\/wp-json\/wp\/v2\/posts"}],"about":[{"href":"https:\/\/www.santaritadopassaquatro.sp.gov.br\/portal\/wp-json\/wp\/v2\/types\/post"}],"author":[{"embeddable":true,"href":"https:\/\/www.santaritadopassaquatro.sp.gov.br\/portal\/wp-json\/wp\/v2\/users\/3"}],"replies":[{"embeddable":true,"href":"https:\/\/www.santaritadopassaquatro.sp.gov.br\/portal\/wp-json\/wp\/v2\/comments?post=7954"}],"version-history":[{"count":1,"href":"https:\/\/www.santaritadopassaquatro.sp.gov.br\/portal\/wp-json\/wp\/v2\/posts\/7954\/revisions"}],"predecessor-version":[{"id":7959,"href":"https:\/\/www.santaritadopassaquatro.sp.gov.br\/portal\/wp-json\/wp\/v2\/posts\/7954\/revisions\/7959"}],"wp:featuredmedia":[{"embeddable":true,"href":"https:\/\/www.santaritadopassaquatro.sp.gov.br\/portal\/wp-json\/wp\/v2\/media\/7956"}],"wp:attachment":[{"href":"https:\/\/www.santaritadopassaquatro.sp.gov.br\/portal\/wp-json\/wp\/v2\/media?parent=7954"}],"wp:term":[{"taxonomy":"category","embeddable":true,"href":"https:\/\/www.santaritadopassaquatro.sp.gov.br\/portal\/wp-json\/wp\/v2\/categories?post=7954"},{"taxonomy":"post_tag","embeddable":true,"href":"https:\/\/www.santaritadopassaquatro.sp.gov.br\/portal\/wp-json\/wp\/v2\/tags?post=7954"}],"curies":[{"name":"wp","href":"https:\/\/api.w.org\/{rel}","templated":true}]}}