{"id":797,"date":"2019-02-01T16:36:38","date_gmt":"2019-02-01T18:36:38","guid":{"rendered":"http:\/\/www.santaritadopassaquatro.sp.gov.br\/portal\/?p=797"},"modified":"2019-02-15T16:38:36","modified_gmt":"2019-02-15T18:38:36","slug":"cardapio-fevereiro-emei-ensino-fundamental-e-ensino-medio-ano-2019","status":"publish","type":"post","link":"https:\/\/www.santaritadopassaquatro.sp.gov.br\/portal\/cardapio-fevereiro-emei-ensino-fundamental-e-ensino-medio-ano-2019\/","title":{"rendered":"CARD\u00c1PIO FEVEREIRO &#8211; EMEI, ENSINO FUNDAMENTAL E ENSINO M\u00c9DIO &#8211; ANO 2019"},"content":{"rendered":"<table style=\"height: 1282px;\" width=\"824\">\n<tbody>\n<tr>\n<td style=\"width: 147px;\"><\/td>\n<td style=\"width: 495px;\" colspan=\"3\">CARD\u00c1PIO FEVEREIRO &#8211; EMEI, ENSINO FUNDAMENTAL E ENSINO M\u00c9DIO &#8211; ANO 2019<\/td>\n<td style=\"width: 160px;\"><\/td>\n<\/tr>\n<tr>\n<td style=\"width: 147px;\"><\/td>\n<td style=\"width: 127px;\"><\/td>\n<td style=\"width: 192px;\"><\/td>\n<td style=\"width: 164px;\"><\/td>\n<td style=\"width: 160px;\"><\/td>\n<\/tr>\n<tr>\n<td style=\"width: 147px;\">4-fev-19<\/td>\n<td style=\"width: 127px;\">5-fev-19<\/td>\n<td style=\"width: 192px;\">6-fev-19<\/td>\n<td style=\"width: 164px;\">7-fev-19<\/td>\n<td style=\"width: 160px;\">8-fev-19<\/td>\n<\/tr>\n<tr>\n<td style=\"width: 147px;\">ARROZ<\/td>\n<td style=\"width: 127px;\">ARROZ<\/td>\n<td style=\"width: 192px;\">ARROZ<\/td>\n<td style=\"width: 164px;\">ARROZ<\/td>\n<td style=\"width: 160px;\"><\/td>\n<\/tr>\n<tr>\n<td style=\"width: 147px;\">FEIJ\u00c3O<\/td>\n<td style=\"width: 127px;\">FEIJ\u00c3O<\/td>\n<td style=\"width: 192px;\">FEIJ\u00c3O<\/td>\n<td style=\"width: 164px;\">FEIJ\u00c3O<\/td>\n<td style=\"width: 160px;\">MACARR\u00c3O AO MOLHO<\/td>\n<\/tr>\n<tr>\n<td style=\"width: 147px;\">STROGONOFF DE CARNE<\/td>\n<td style=\"width: 127px;\">PERNIL EM CUBOS<\/td>\n<td style=\"width: 192px;\">FRANGO DESFIADO COM<\/td>\n<td style=\"width: 164px;\">POLENTA AO MOLHO<\/td>\n<td style=\"width: 160px;\">DE CARNE<\/td>\n<\/tr>\n<tr>\n<td style=\"width: 147px;\">EM TIRAS<\/td>\n<td style=\"width: 127px;\"><\/td>\n<td style=\"width: 192px;\">ERVILHA, MILHO E TOMATE<\/td>\n<td style=\"width: 164px;\">CARNE EM CUBOS<\/td>\n<td style=\"width: 160px;\"><\/td>\n<\/tr>\n<tr>\n<td style=\"width: 147px;\">11-fev-19<\/td>\n<td style=\"width: 127px;\">12-fev-19<\/td>\n<td style=\"width: 192px;\">13-fev-19<\/td>\n<td style=\"width: 164px;\">14-fev-19<\/td>\n<td style=\"width: 160px;\">15-fev-19<\/td>\n<\/tr>\n<tr>\n<td style=\"width: 147px;\">ARROZ<\/td>\n<td style=\"width: 127px;\">ARROZ<\/td>\n<td style=\"width: 192px;\">ARROZ<\/td>\n<td style=\"width: 164px;\">ARROZ<\/td>\n<td style=\"width: 160px;\"><\/td>\n<\/tr>\n<tr>\n<td style=\"width: 147px;\">FEIJ\u00c3O<\/td>\n<td style=\"width: 127px;\">FEIJ\u00c3O<\/td>\n<td style=\"width: 192px;\">FEIJ\u00c3O<\/td>\n<td style=\"width: 164px;\">FEIJ\u00c3O<\/td>\n<td style=\"width: 160px;\">NHOQUE DE SOJA A<\/td>\n<\/tr>\n<tr>\n<td style=\"width: 147px;\">FAROFA PRIMAVERA<\/td>\n<td style=\"width: 127px;\">CARNE EM CUBOS<\/td>\n<td style=\"width: 192px;\">POLENTA AO MOLHO<\/td>\n<td style=\"width: 164px;\">CARNE EM TIRAS<\/td>\n<td style=\"width: 160px;\">BOLONHESA<\/td>\n<\/tr>\n<tr>\n<td style=\"width: 147px;\"><\/td>\n<td style=\"width: 127px;\">COM BATATA<\/td>\n<td style=\"width: 192px;\">LINGUI\u00c7A CALABRESA<\/td>\n<td style=\"width: 164px;\">COM LEGUMES<\/td>\n<td style=\"width: 160px;\"><\/td>\n<\/tr>\n<tr>\n<td style=\"width: 147px;\">18-fev-19<\/td>\n<td style=\"width: 127px;\">19-fev-19<\/td>\n<td style=\"width: 192px;\">20-fev-19<\/td>\n<td style=\"width: 164px;\">21-fev-19<\/td>\n<td style=\"width: 160px;\">22-fev-19<\/td>\n<\/tr>\n<tr>\n<td style=\"width: 147px;\"><\/td>\n<td style=\"width: 127px;\">ARROZ<\/td>\n<td style=\"width: 192px;\">ARROZ<\/td>\n<td style=\"width: 164px;\">ARROZ<\/td>\n<td style=\"width: 160px;\"><\/td>\n<\/tr>\n<tr>\n<td style=\"width: 147px;\">RISOTO DE SALSICHA<\/td>\n<td style=\"width: 127px;\">FEIJ\u00c3O<\/td>\n<td style=\"width: 192px;\">FEIJ\u00c3O<\/td>\n<td style=\"width: 164px;\">FEIJ\u00c3O<\/td>\n<td style=\"width: 160px;\">MACARR\u00c3O AO MOLHO<\/td>\n<\/tr>\n<tr>\n<td style=\"width: 147px;\">FEIJ\u00c3O PRETO<\/td>\n<td style=\"width: 127px;\">PERNIL EM CUBOS<\/td>\n<td style=\"width: 192px;\">POLENTA AO MOLHO<\/td>\n<td style=\"width: 164px;\">STROGONOFF DE FRANGO<\/td>\n<td style=\"width: 160px;\">LING\u00dcI\u00c7A CALABRESA<\/td>\n<\/tr>\n<tr>\n<td style=\"width: 147px;\"><\/td>\n<td style=\"width: 127px;\">COM BATATA<\/td>\n<td style=\"width: 192px;\">BOLONHESA<\/td>\n<td style=\"width: 164px;\">EM CUBOS<\/td>\n<td style=\"width: 160px;\"><\/td>\n<\/tr>\n<tr>\n<td style=\"width: 147px;\">25-fev-19<\/td>\n<td style=\"width: 127px;\">26-fev-19<\/td>\n<td style=\"width: 192px;\">27-fev-19<\/td>\n<td style=\"width: 164px;\">28-fev-19<\/td>\n<td style=\"width: 160px;\">1-mar-19<\/td>\n<\/tr>\n<tr>\n<td style=\"width: 147px;\">ARROZ<\/td>\n<td style=\"width: 127px;\">ARROZ<\/td>\n<td style=\"width: 192px;\"><\/td>\n<td style=\"width: 164px;\">ARROZ<\/td>\n<td style=\"width: 160px;\"><\/td>\n<\/tr>\n<tr>\n<td style=\"width: 147px;\">FEIJ\u00c3O<\/td>\n<td style=\"width: 127px;\">FEIJ\u00c3O<\/td>\n<td style=\"width: 192px;\">ARROZ DE FORNO<\/td>\n<td style=\"width: 164px;\">FEIJ\u00c3O<\/td>\n<td style=\"width: 160px;\">MACARR\u00c3O AO MOLHO<\/td>\n<\/tr>\n<tr>\n<td style=\"width: 147px;\">POLENTA AO MOLHO<\/td>\n<td style=\"width: 127px;\">SALSICHA<\/td>\n<td style=\"width: 192px;\">FEIJ\u00c3O PRETO<\/td>\n<td style=\"width: 164px;\">SALADA DE LEGUMES<\/td>\n<td style=\"width: 160px;\">LING\u00dcI\u00c7A TOSCANA<\/td>\n<\/tr>\n<tr>\n<td style=\"width: 147px;\">FRANGO DESFIADO<\/td>\n<td style=\"width: 127px;\">COM BATATA<\/td>\n<td style=\"width: 192px;\"><\/td>\n<td style=\"width: 164px;\"><\/td>\n<td style=\"width: 160px;\"><\/td>\n<\/tr>\n<tr>\n<td style=\"width: 147px;\">1\u00aa SEMANA: FRUTA: MA\u00c7\u00c3<\/td>\n<td style=\"width: 127px;\"><\/td>\n<td style=\"width: 192px;\"><\/td>\n<td style=\"width: 164px;\"><\/td>\n<td style=\"width: 160px;\"><\/td>\n<\/tr>\n<tr>\n<td style=\"width: 478px;\" colspan=\"3\">2\u00aa SEMANA: FOLHA\/LEGUMES: TOMATE &#8211; FRUTA: BANANA NANICA E GOIABA<\/td>\n<td style=\"width: 164px;\"><\/td>\n<td style=\"width: 160px;\"><\/td>\n<\/tr>\n<tr>\n<td style=\"width: 478px;\" colspan=\"3\">3\u00aa SEMANA: FOLHA\/LEGUMES: CENOURA &#8211; FRUTA: MELANCIA E CARAMBOLA<\/td>\n<td style=\"width: 164px;\"><\/td>\n<td style=\"width: 160px;\"><\/td>\n<\/tr>\n<tr>\n<td style=\"width: 648px;\" colspan=\"4\">4\u00aa SEMANA: FOLHAS\/LEGUMES: BR\u00d3COLIS &#8211; FRUTA: MAM\u00c3O FORMOSA E PERA NACIONAL<\/td>\n<td style=\"width: 160px;\"><\/td>\n<\/tr>\n<tr>\n<td style=\"width: 147px;\"><\/td>\n<td style=\"width: 127px;\"><\/td>\n<td style=\"width: 192px;\"><\/td>\n<td style=\"width: 164px;\"><\/td>\n<td style=\"width: 160px;\"><\/td>\n<\/tr>\n<tr>\n<td style=\"width: 478px;\" colspan=\"3\">OBSERVA\u00c7\u00c3O: CARD\u00c1PIO SUJEITO A ALTERA\u00c7\u00d5ES CASO NECESS\u00c1RIO<\/td>\n<td style=\"width: 164px;\"><\/td>\n<td style=\"width: 160px;\"><\/td>\n<\/tr>\n<tr>\n<td style=\"width: 478px;\" colspan=\"3\">NUTRICIONISTA RESPONS\u00c1VEL T\u00c9CNICA: S\u00cdLVIA REGINA LORENCETTI CRN 33915<\/td>\n<td style=\"width: 164px;\"><\/td>\n<td style=\"width: 160px;\"><\/td>\n<\/tr>\n<\/tbody>\n<\/table>\n<p>&nbsp;<\/p>\n","protected":false},"excerpt":{"rendered":"<p>CARD\u00c1PIO FEVEREIRO &#8211; EMEI, ENSINO FUNDAMENTAL E ENSINO M\u00c9DIO &#8211; ANO 2019 4-fev-19 5-fev-19 6-fev-19 7-fev-19 8-fev-19 ARROZ ARROZ ARROZ<\/p>\n","protected":false},"author":1,"featured_media":0,"comment_status":"closed","ping_status":"open","sticky":false,"template":"","format":"standard","meta":{"footnotes":""},"categories":[32],"tags":[],"class_list":["post-797","post","type-post","status-publish","format-standard","hentry","category-merenda-escolar"],"_links":{"self":[{"href":"https:\/\/www.santaritadopassaquatro.sp.gov.br\/portal\/wp-json\/wp\/v2\/posts\/797","targetHints":{"allow":["GET"]}}],"collection":[{"href":"https:\/\/www.santaritadopassaquatro.sp.gov.br\/portal\/wp-json\/wp\/v2\/posts"}],"about":[{"href":"https:\/\/www.santaritadopassaquatro.sp.gov.br\/portal\/wp-json\/wp\/v2\/types\/post"}],"author":[{"embeddable":true,"href":"https:\/\/www.santaritadopassaquatro.sp.gov.br\/portal\/wp-json\/wp\/v2\/users\/1"}],"replies":[{"embeddable":true,"href":"https:\/\/www.santaritadopassaquatro.sp.gov.br\/portal\/wp-json\/wp\/v2\/comments?post=797"}],"version-history":[{"count":2,"href":"https:\/\/www.santaritadopassaquatro.sp.gov.br\/portal\/wp-json\/wp\/v2\/posts\/797\/revisions"}],"predecessor-version":[{"id":808,"href":"https:\/\/www.santaritadopassaquatro.sp.gov.br\/portal\/wp-json\/wp\/v2\/posts\/797\/revisions\/808"}],"wp:attachment":[{"href":"https:\/\/www.santaritadopassaquatro.sp.gov.br\/portal\/wp-json\/wp\/v2\/media?parent=797"}],"wp:term":[{"taxonomy":"category","embeddable":true,"href":"https:\/\/www.santaritadopassaquatro.sp.gov.br\/portal\/wp-json\/wp\/v2\/categories?post=797"},{"taxonomy":"post_tag","embeddable":true,"href":"https:\/\/www.santaritadopassaquatro.sp.gov.br\/portal\/wp-json\/wp\/v2\/tags?post=797"}],"curies":[{"name":"wp","href":"https:\/\/api.w.org\/{rel}","templated":true}]}}