{"id":8045,"date":"2022-12-27T10:06:31","date_gmt":"2022-12-27T13:06:31","guid":{"rendered":"http:\/\/www.santaritadopassaquatro.sp.gov.br\/portal\/?p=8045"},"modified":"2022-12-27T10:06:31","modified_gmt":"2022-12-27T13:06:31","slug":"prefeitura-municipal-e-vidroporto-embalagens-instalam-coletores-de-vidro-em-santa-rita-do-passa-quatro","status":"publish","type":"post","link":"https:\/\/www.santaritadopassaquatro.sp.gov.br\/portal\/prefeitura-municipal-e-vidroporto-embalagens-instalam-coletores-de-vidro-em-santa-rita-do-passa-quatro\/","title":{"rendered":"Prefeitura Municipal e VidroPorto Embalagens instalam coletores de vidro em Santa Rita do Passa Quatro"},"content":{"rendered":"<p><img decoding=\"async\" class=\"aligncenter size-full wp-image-8051\" src=\"http:\/\/www.santaritadopassaquatro.sp.gov.br\/portal\/wp-content\/uploads\/2022\/12\/WhatsApp-Image-2022-12-27-at-08.25.41-4.jpeg\" alt=\"\" width=\"1280\" height=\"963\" \/>A empresa VidroPorto Embalagens, de Porto Ferreira, participou, em parceria com o Departamento de Agricultura e Meio Ambiente, da instala\u00e7\u00e3o de 10 coletores de vidro no munic\u00edpio de Santa Rita do Passa Quatro.<\/p>\n<p>A primeira etapa do projeto consiste na instala\u00e7\u00e3o dos coletores em 10 pontos de grande circula\u00e7\u00e3o local, fazendo com que a popula\u00e7\u00e3o seja incentivada a descartar o vidro nos coletores.<\/p>\n<p>Embalagens de vidro podem ser totalmente reaproveitadas (recicladas) no ciclo produtivo sem nenhuma perda de material. A reutiliza\u00e7\u00e3o do vidro para a produ\u00e7\u00e3o de novas embalagens consome menor quantidade de energia e emite menos res\u00edduo, tais como material particulado de CO2 (g\u00e1s carb\u00f4nico), contribuindo para a preserva\u00e7\u00e3o do meio ambiente.<\/p>\n<p>Al\u00e9m da vantagem do reaproveitamento (reciclagem) de 100% do caco, esta caracter\u00edstica permite poupar mat\u00e9rias-primas naturais que est\u00e3o presentes na composi\u00e7\u00e3o do vidro, como areia, calc\u00e1rio, feldspato, entre outros.<\/p>\n<p><img decoding=\"async\" class=\"aligncenter size-full wp-image-8048\" src=\"http:\/\/www.santaritadopassaquatro.sp.gov.br\/portal\/wp-content\/uploads\/2022\/12\/WhatsApp-Image-2022-12-27-at-08.25.41-1.jpeg\" alt=\"\" width=\"1280\" height=\"576\" \/><\/p>\n<p>\u00c9 importante que a popula\u00e7\u00e3o se atente ao tipo de material que pode ser descartado nos coletores. Fique por dentro do que pode ser descartado:<\/p>\n<p>Permitido: potes de vidro, copos, garrafas, frascos de vidro<\/p>\n<p>N\u00e3o permitido: espelho, l\u00e2mpadas, cer\u00e2micas, porcelanas, cristal, ampolas de medicamentos<\/p>\n<p>Todo vidro coletado em nosso munic\u00edpio, ser\u00e1 comprado pela VidroPorto Embalagens e o valor arrecadado ser\u00e1 revertido para a APAE do munic\u00edpio de Santa Rita Passa Quatro.<\/p>\n<p>Fa\u00e7a parte dessa campanha, a economia, o meio ambiente, a natureza e a popula\u00e7\u00e3o agradecem!<\/p>\n<p>Escolha o ponto de descarte mais pr\u00f3ximo de sua casa:<\/p>\n<p>&#8211; APAE<br \/>\n&#8211; Autoposto Ruff<br \/>\n&#8211; Autoposto 2Avenidas<br \/>\n&#8211; Autoposto Roseira<br \/>\n&#8211; Escola Municipal \u201cLaura Suriani Barbuio\u201d (CAIC)<br \/>\n&#8211; Centro Educacional SESI<br \/>\n&#8211; CAIS<br \/>\n&#8211; Supermercado S\u00e3o Jos\u00e9 Zanin 1<br \/>\n&#8211; Supermercado S\u00e3o Jos\u00e9 Zanin 2<br \/>\n&#8211; Supermercado Moda<\/p>\n<p><img decoding=\"async\" class=\"aligncenter size-full wp-image-8050\" src=\"http:\/\/www.santaritadopassaquatro.sp.gov.br\/portal\/wp-content\/uploads\/2022\/12\/WhatsApp-Image-2022-12-27-at-08.25.41-3.jpeg\" alt=\"\" width=\"1280\" height=\"963\" \/><\/p>\n","protected":false},"excerpt":{"rendered":"<p>A empresa VidroPorto Embalagens, de Porto Ferreira, participou, em parceria com o Departamento de Agricultura e Meio Ambiente, da instala\u00e7\u00e3o<\/p>\n","protected":false},"author":3,"featured_media":8047,"comment_status":"closed","ping_status":"open","sticky":false,"template":"","format":"standard","meta":{"footnotes":""},"categories":[48,53],"tags":[65,112,102,64,69,113],"class_list":["post-8045","post","type-post","status-publish","format-standard","has-post-thumbnail","hentry","category-featured","category-meio-ambiente","tag-meio-ambiente","tag-reciclagem","tag-responsabilidade-social","tag-santa-rita","tag-ultimas-noticias","tag-vidro"],"_links":{"self":[{"href":"https:\/\/www.santaritadopassaquatro.sp.gov.br\/portal\/wp-json\/wp\/v2\/posts\/8045","targetHints":{"allow":["GET"]}}],"collection":[{"href":"https:\/\/www.santaritadopassaquatro.sp.gov.br\/portal\/wp-json\/wp\/v2\/posts"}],"about":[{"href":"https:\/\/www.santaritadopassaquatro.sp.gov.br\/portal\/wp-json\/wp\/v2\/types\/post"}],"author":[{"embeddable":true,"href":"https:\/\/www.santaritadopassaquatro.sp.gov.br\/portal\/wp-json\/wp\/v2\/users\/3"}],"replies":[{"embeddable":true,"href":"https:\/\/www.santaritadopassaquatro.sp.gov.br\/portal\/wp-json\/wp\/v2\/comments?post=8045"}],"version-history":[{"count":1,"href":"https:\/\/www.santaritadopassaquatro.sp.gov.br\/portal\/wp-json\/wp\/v2\/posts\/8045\/revisions"}],"predecessor-version":[{"id":8052,"href":"https:\/\/www.santaritadopassaquatro.sp.gov.br\/portal\/wp-json\/wp\/v2\/posts\/8045\/revisions\/8052"}],"wp:featuredmedia":[{"embeddable":true,"href":"https:\/\/www.santaritadopassaquatro.sp.gov.br\/portal\/wp-json\/wp\/v2\/media\/8047"}],"wp:attachment":[{"href":"https:\/\/www.santaritadopassaquatro.sp.gov.br\/portal\/wp-json\/wp\/v2\/media?parent=8045"}],"wp:term":[{"taxonomy":"category","embeddable":true,"href":"https:\/\/www.santaritadopassaquatro.sp.gov.br\/portal\/wp-json\/wp\/v2\/categories?post=8045"},{"taxonomy":"post_tag","embeddable":true,"href":"https:\/\/www.santaritadopassaquatro.sp.gov.br\/portal\/wp-json\/wp\/v2\/tags?post=8045"}],"curies":[{"name":"wp","href":"https:\/\/api.w.org\/{rel}","templated":true}]}}