{"id":815,"date":"2019-02-19T16:40:54","date_gmt":"2019-02-19T19:40:54","guid":{"rendered":"http:\/\/www.santaritadopassaquatro.sp.gov.br\/portal\/?p=815"},"modified":"2019-02-19T17:12:49","modified_gmt":"2019-02-19T20:12:49","slug":"alimentacao-escolar-cardapio-fevereiro-2019","status":"publish","type":"post","link":"https:\/\/www.santaritadopassaquatro.sp.gov.br\/portal\/alimentacao-escolar-cardapio-fevereiro-2019\/","title":{"rendered":"ALIMENTA\u00c7\u00c3O ESCOLAR &#8211; CARD\u00c1PIO FEV\/2019"},"content":{"rendered":"<p><img decoding=\"async\" class=\"alignnone size-medium wp-image-816\" src=\"http:\/\/www.santaritadopassaquatro.sp.gov.br\/portal\/wp-content\/uploads\/2019\/02\/ILAN60141-300x206.jpg\" alt=\"\" width=\"300\" height=\"206\" srcset=\"https:\/\/www.santaritadopassaquatro.sp.gov.br\/portal\/wp-content\/uploads\/2019\/02\/ILAN60141-300x206.jpg 300w, https:\/\/www.santaritadopassaquatro.sp.gov.br\/portal\/wp-content\/uploads\/2019\/02\/ILAN60141-130x90.jpg 130w, https:\/\/www.santaritadopassaquatro.sp.gov.br\/portal\/wp-content\/uploads\/2019\/02\/ILAN60141.jpg 463w\" sizes=\"(max-width: 300px) 100vw, 300px\" \/><\/p>\n<p><strong><br \/>\n<\/strong><span style=\"font-size: 18pt;\">EMEI, ENSINO FUNDAMENTAL E ENSINO M\u00c9DIO<\/span><\/p>\n<p>&nbsp;<\/p>\n<p><strong>Segunda-feira &#8211; 4 de fevereiro:<br \/>\n<\/strong>Arroz, feij\u00e3o e strogonoff de carne em tiras.<\/p>\n<p><strong>Ter\u00e7a-feira &#8211; 5 de fevereiro:<br \/>\n<\/strong>Arroz, feij\u00e3o e pernil em cubos<strong>. <\/strong><\/p>\n<p><strong>Quarta-feira &#8211; 6 de fevereiro:<br \/>\n<\/strong>Arroz, feij\u00e3o e frango desfiado com ervilha, milho e tomate.<\/p>\n<p><strong>Quinta-feira &#8211; 7 de fevereiro:<br \/>\n<\/strong>Arroz, feij\u00e3o e polenta ao molho carne em cubos.<\/p>\n<p><strong>Sexta-feira &#8211; 8 de fevereiro:<br \/>\n<\/strong>Macarr\u00e3o ao molho de carne.<\/p>\n<p><strong>\u00a0<\/strong><\/p>\n<p><strong>Segunda-feira &#8211; 11 de fevereiro:<br \/>\n<\/strong>Arroz, feij\u00e3o e farofa primavera.<\/p>\n<p><strong>Ter\u00e7a-feira &#8211; 12 de fevereiro:<br \/>\n<\/strong>Arroz, feij\u00e3o e carne em cubos com batata<strong>. <\/strong><\/p>\n<p><strong>Quarta-feira &#8211; 13 de fevereiro:<br \/>\n<\/strong>Arroz, feij\u00e3o e polenta ao molho lingui\u00e7a calabresa.<\/p>\n<p><strong>Quinta-feira &#8211; 14 de fevereiro:<br \/>\n<\/strong>Arroz, feij\u00e3o e carne em tiras com legumes.<\/p>\n<p><strong>Sexta-feira &#8211; 15 de fevereiro:<br \/>\n<\/strong>Nhoque de soja a bolonhesa.<\/p>\n<p>&nbsp;<\/p>\n<p><strong>Segunda-feira &#8211; 18 de fevereiro:<br \/>\n<\/strong>Risoto de salsicha feij\u00e3o preto.<\/p>\n<p><strong>Ter\u00e7a-feira &#8211; 19 de fevereiro:<br \/>\n<\/strong>Arroz, feij\u00e3o e pernil em cubos com batata<strong>. <\/strong><\/p>\n<p><strong>Quarta-feira &#8211; 20 de fevereiro:<br \/>\n<\/strong>Arroz, feij\u00e3o e polenta ao molho bolonhesa.<\/p>\n<p><strong>Quinta-feira &#8211; 21 de fevereiro:<br \/>\n<\/strong>Arroz, feij\u00e3o e strogonoff de frango em cubos.<\/p>\n<p><strong>Sexta-feira &#8211; 22 de fevereiro:<br \/>\n<\/strong>Macarr\u00e3o ao molho lingui\u00e7a calabresa.<\/p>\n<p>&nbsp;<\/p>\n<p><strong>Segunda-feira &#8211; 25 de fevereiro:<br \/>\n<\/strong>Arroz, feij\u00e3o, polenta ao molho e frango desfiado.<\/p>\n<p><strong>Ter\u00e7a-feira &#8211; 26 de fevereiro:<br \/>\n<\/strong>Arroz, feij\u00e3o e salsicha com batata.<\/p>\n<p><strong>Quarta-feira &#8211; 27 de fevereiro:<br \/>\n<\/strong>Arroz de forno e feij\u00e3o preto.<\/p>\n<p><strong>Quinta-feira &#8211; 28 de fevereiro:<br \/>\n<\/strong>Arroz, feij\u00e3o e strogonoff de frango em cubos.<\/p>\n<p><strong>Sexta-feira &#8211; 1\u00ba de mar\u00e7o:<br \/>\n<\/strong>Macarr\u00e3o ao molho lingui\u00e7a calabresa.<\/p>\n<p><strong>\u00a0<\/strong><\/p>\n<p>1\u00aa semana: fruta: ma\u00e7\u00e3.<\/p>\n<p>2\u00aa semana: folha\/legumes: tomate &#8211; fruta: banana nanica e goiaba.<\/p>\n<p>3\u00aa semana: folha\/legumes: cenoura &#8211; fruta: melancia e carambola.<\/p>\n<p>4\u00aa semana: folhas\/legumes: br\u00f3colis &#8211; fruta: mam\u00e3o formosa e pera nacional.\u00a0\u00a0 <strong>\u00a0\u00a0\u00a0\u00a0\u00a0\u00a0\u00a0\u00a0\u00a0\u00a0\u00a0\u00a0\u00a0\u00a0\u00a0\u00a0\u00a0\u00a0\u00a0\u00a0\u00a0\u00a0\u00a0 <\/strong><\/p>\n<p><strong>Observa\u00e7\u00e3o: <\/strong><em>card\u00e1pio sujeito a altera\u00e7\u00f5es caso necess\u00e1rio\u00a0\u00a0\u00a0\u00a0\u00a0\u00a0\u00a0\u00a0\u00a0 .\u00a0\u00a0\u00a0\u00a0\u00a0\u00a0\u00a0\u00a0\u00a0\u00a0\u00a0\u00a0\u00a0\u00a0\u00a0\u00a0\u00a0\u00a0\u00a0\u00a0\u00a0\u00a0 <\/em><\/p>\n<p><strong>Nutricionista respons\u00e1vel t\u00e9cnica: <em>S\u00edlvia Regina Lorencetti (CRN 33915)<\/em>\u00a0\u00a0\u00a0\u00a0\u00a0\u00a0\u00a0\u00a0\u00a0 \u00a0\u00a0\u00a0\u00a0\u00a0\u00a0\u00a0\u00a0\u00a0\u00a0\u00a0 <\/strong><\/p>\n","protected":false},"excerpt":{"rendered":"<p>EMEI, ENSINO FUNDAMENTAL E ENSINO M\u00c9DIO &nbsp; Segunda-feira &#8211; 4 de fevereiro: Arroz, feij\u00e3o e strogonoff de carne em tiras.<\/p>\n","protected":false},"author":1,"featured_media":816,"comment_status":"closed","ping_status":"open","sticky":false,"template":"","format":"standard","meta":{"footnotes":""},"categories":[32],"tags":[],"class_list":["post-815","post","type-post","status-publish","format-standard","has-post-thumbnail","hentry","category-merenda-escolar"],"_links":{"self":[{"href":"https:\/\/www.santaritadopassaquatro.sp.gov.br\/portal\/wp-json\/wp\/v2\/posts\/815","targetHints":{"allow":["GET"]}}],"collection":[{"href":"https:\/\/www.santaritadopassaquatro.sp.gov.br\/portal\/wp-json\/wp\/v2\/posts"}],"about":[{"href":"https:\/\/www.santaritadopassaquatro.sp.gov.br\/portal\/wp-json\/wp\/v2\/types\/post"}],"author":[{"embeddable":true,"href":"https:\/\/www.santaritadopassaquatro.sp.gov.br\/portal\/wp-json\/wp\/v2\/users\/1"}],"replies":[{"embeddable":true,"href":"https:\/\/www.santaritadopassaquatro.sp.gov.br\/portal\/wp-json\/wp\/v2\/comments?post=815"}],"version-history":[{"count":3,"href":"https:\/\/www.santaritadopassaquatro.sp.gov.br\/portal\/wp-json\/wp\/v2\/posts\/815\/revisions"}],"predecessor-version":[{"id":819,"href":"https:\/\/www.santaritadopassaquatro.sp.gov.br\/portal\/wp-json\/wp\/v2\/posts\/815\/revisions\/819"}],"wp:featuredmedia":[{"embeddable":true,"href":"https:\/\/www.santaritadopassaquatro.sp.gov.br\/portal\/wp-json\/wp\/v2\/media\/816"}],"wp:attachment":[{"href":"https:\/\/www.santaritadopassaquatro.sp.gov.br\/portal\/wp-json\/wp\/v2\/media?parent=815"}],"wp:term":[{"taxonomy":"category","embeddable":true,"href":"https:\/\/www.santaritadopassaquatro.sp.gov.br\/portal\/wp-json\/wp\/v2\/categories?post=815"},{"taxonomy":"post_tag","embeddable":true,"href":"https:\/\/www.santaritadopassaquatro.sp.gov.br\/portal\/wp-json\/wp\/v2\/tags?post=815"}],"curies":[{"name":"wp","href":"https:\/\/api.w.org\/{rel}","templated":true}]}}