{"id":835,"date":"2019-02-22T15:16:54","date_gmt":"2019-02-22T18:16:54","guid":{"rendered":"http:\/\/www.santaritadopassaquatro.sp.gov.br\/portal\/?p=835"},"modified":"2019-02-22T15:16:54","modified_gmt":"2019-02-22T18:16:54","slug":"com-apoio-da-prefeitura-proerd-ira-iniciar-segunda-turma-na-educacao-infantil","status":"publish","type":"post","link":"https:\/\/www.santaritadopassaquatro.sp.gov.br\/portal\/com-apoio-da-prefeitura-proerd-ira-iniciar-segunda-turma-na-educacao-infantil\/","title":{"rendered":"Com apoio da Prefeitura, Proerd ir\u00e1 iniciar segunda turma na educa\u00e7\u00e3o infantil"},"content":{"rendered":"<p><strong><em>Aulas abordam no\u00e7\u00f5es se seguran\u00e7a com linguagem adequada \u00e0s crian\u00e7as<\/em><\/strong><\/p>\n<p><strong><em>\u00a0<\/em><\/strong><\/p>\n<figure id=\"attachment_836\" aria-describedby=\"caption-attachment-836\" style=\"width: 300px\" class=\"wp-caption alignleft\"><img decoding=\"async\" class=\"wp-image-836 size-medium\" src=\"http:\/\/www.santaritadopassaquatro.sp.gov.br\/portal\/wp-content\/uploads\/2019\/02\/Prefeito_Proerd_EMEIs-300x200.jpg\" alt=\"\" width=\"300\" height=\"200\" srcset=\"https:\/\/www.santaritadopassaquatro.sp.gov.br\/portal\/wp-content\/uploads\/2019\/02\/Prefeito_Proerd_EMEIs-300x200.jpg 300w, https:\/\/www.santaritadopassaquatro.sp.gov.br\/portal\/wp-content\/uploads\/2019\/02\/Prefeito_Proerd_EMEIs-768x512.jpg 768w, https:\/\/www.santaritadopassaquatro.sp.gov.br\/portal\/wp-content\/uploads\/2019\/02\/Prefeito_Proerd_EMEIs-1024x683.jpg 1024w\" sizes=\"(max-width: 300px) 100vw, 300px\" \/><figcaption id=\"caption-attachment-836\" class=\"wp-caption-text\"><span style=\"font-size: 8pt; color: #999999;\"><strong><em>Prefeito, comando da PM, instrutor do Proerd e diretora de Educa\u00e7\u00e3o como os cartazes do Proerd para Educa\u00e7\u00e3o Infatil\u00a0 (AssCom\/Divulga\u00e7\u00e3o)<\/em><\/strong><\/span><\/figcaption><\/figure>\n<p>O prefeito Leandro Luciano dos Santos assinou nesta ter\u00e7a-feira (19\/2) mais um Protocolo de Inten\u00e7\u00f5es, entre a Pol\u00edcia Militar e a Prefeitura de Santa Rita do Passa Quatro, para o desenvolvimento do Programa Educacional de Resist\u00eancia as Drogas e a Viol\u00eancia (Proerd) no munic\u00edpio tamb\u00e9m para crian\u00e7as de EMEI (Escola Municipal de Ensino Infantil). Iniciada no segundo semestre de 2018, esta ser\u00e1 a segunda turma com crian\u00e7as da Educa\u00e7\u00e3o Infantil.<\/p>\n<p>A assinatura aconteceu no gabinete do prefeito, com a presen\u00e7a da gestora da Rede Municipal de Ensino, que atualmente responde pelo Departamento Municipal da Educa\u00e7\u00e3o, Ana Carolina Providello Martarello, e do Instrutor do Proerd no munic\u00edpio, Cabo PM Cassiano Samogin J\u00fanior, do Tenente PM Cruz, novo Comando da 3\u00aa Cia. da Pol\u00edcia Militar, e o Capit\u00e3o PM Capit\u00e3o Gonzales.<\/p>\n<p>Atrav\u00e9s deste documento, a Pol\u00edcia Militar assume a inten\u00e7\u00e3o de aplicar o Proerd no munic\u00edpio, fornecendo o material did\u00e1tico para as escolas e o Instrutor. A Prefeitura, como parceira, fornecer\u00e1 a log\u00edstica e suporte atrav\u00e9s do Departamento de Educa\u00e7\u00e3o.<\/p>\n<p>Santa Rita do Passa Quatro \u00e9 pioneira no Proerd para Ensino Infantil. Em 2018 o programa atendeu crian\u00e7as de Jardim 2 das EMEIS Maria Am\u00e9lia Vanzela, Galdina Lima Segatto e Jo\u00e3o Ribaldo. Nas tr\u00eas escolas, 220 crian\u00e7as assistiram cinco aulas com cerca de 25 minutos cada, com o primeiro m\u00f3dulo do programa.<\/p>\n<p>As aulas para as crian\u00e7as da educa\u00e7\u00e3o infantil s\u00e3o ministradas com o aux\u00edlio do \u00c1lbum, &#8220;Protegendo Nossas Crian\u00e7as: ajudando a mant\u00ea-las seguras, livres das drogas e da viol\u00eancia&#8221;, composto por cartazes coloridos versando sobre seguran\u00e7a pessoal para crian\u00e7as.<\/p>\n<p>De acordo com o Proerd, esse curr\u00edculo foi desenvolvido para utiliza\u00e7\u00e3o desde a pr\u00e9-escola da Educa\u00e7\u00e3o Infantil at\u00e9 o 3\u00ba ano do Ensino Fundamental, com a finalidade de auxiliar pais, professores e equipes escolares em seus esfor\u00e7os conjuntos para educar as crian\u00e7as em pr\u00e1ticas de seguran\u00e7a pessoal, na ida ou na volta \u00e0 escola, durante o dia de aula, em parques ou em outros locais p\u00fablicos e mesmo em casa, principalmente quando os pais ou respons\u00e1veis estiverem ausentes.<\/p>\n<p>Os cartazes abrangem uma gama de experi\u00eancias comuns que as crian\u00e7as podem encontrar em casa, na escola e na comunidade. Cada cartaz lida com uma situa\u00e7\u00e3o espec\u00edfica que oferece \u00e0s crian\u00e7as oportunidade de: identificar ou confirmar pr\u00e1ticas adequadas a serem adotadas para a sua seguran\u00e7a pessoal; sugerir motivos para seguir determinas regras e instru\u00e7\u00f5es nas situa\u00e7\u00f5es dadas; aprender o que devem dizer ou fazer em situa\u00e7\u00f5es semelhantes; reconhecer, evitar, resistir e relatar sobre situa\u00e7\u00f5es que possam lhes causar dano.<\/p>\n<p>O objetivo deste ano \u00e9 atender cerca de 300 crian\u00e7as, com idade de 5 anos, tanto da rede p\u00fablica, como tamb\u00e9m de escolas particulares.<\/p>\n<p>&nbsp;<\/p>\n<p>&nbsp;<\/p>\n<p>&nbsp;<\/p>\n","protected":false},"excerpt":{"rendered":"<p>Aulas abordam no\u00e7\u00f5es se seguran\u00e7a com linguagem adequada \u00e0s crian\u00e7as \u00a0 O prefeito Leandro Luciano dos Santos assinou nesta ter\u00e7a-feira<\/p>\n","protected":false},"author":1,"featured_media":0,"comment_status":"closed","ping_status":"open","sticky":false,"template":"","format":"standard","meta":{"footnotes":""},"categories":[48,28],"tags":[],"class_list":["post-835","post","type-post","status-publish","format-standard","hentry","category-featured","category-educacao"],"_links":{"self":[{"href":"https:\/\/www.santaritadopassaquatro.sp.gov.br\/portal\/wp-json\/wp\/v2\/posts\/835","targetHints":{"allow":["GET"]}}],"collection":[{"href":"https:\/\/www.santaritadopassaquatro.sp.gov.br\/portal\/wp-json\/wp\/v2\/posts"}],"about":[{"href":"https:\/\/www.santaritadopassaquatro.sp.gov.br\/portal\/wp-json\/wp\/v2\/types\/post"}],"author":[{"embeddable":true,"href":"https:\/\/www.santaritadopassaquatro.sp.gov.br\/portal\/wp-json\/wp\/v2\/users\/1"}],"replies":[{"embeddable":true,"href":"https:\/\/www.santaritadopassaquatro.sp.gov.br\/portal\/wp-json\/wp\/v2\/comments?post=835"}],"version-history":[{"count":1,"href":"https:\/\/www.santaritadopassaquatro.sp.gov.br\/portal\/wp-json\/wp\/v2\/posts\/835\/revisions"}],"predecessor-version":[{"id":837,"href":"https:\/\/www.santaritadopassaquatro.sp.gov.br\/portal\/wp-json\/wp\/v2\/posts\/835\/revisions\/837"}],"wp:attachment":[{"href":"https:\/\/www.santaritadopassaquatro.sp.gov.br\/portal\/wp-json\/wp\/v2\/media?parent=835"}],"wp:term":[{"taxonomy":"category","embeddable":true,"href":"https:\/\/www.santaritadopassaquatro.sp.gov.br\/portal\/wp-json\/wp\/v2\/categories?post=835"},{"taxonomy":"post_tag","embeddable":true,"href":"https:\/\/www.santaritadopassaquatro.sp.gov.br\/portal\/wp-json\/wp\/v2\/tags?post=835"}],"curies":[{"name":"wp","href":"https:\/\/api.w.org\/{rel}","templated":true}]}}