{"id":845,"date":"2019-02-22T15:23:01","date_gmt":"2019-02-22T18:23:01","guid":{"rendered":"http:\/\/www.santaritadopassaquatro.sp.gov.br\/portal\/?p=845"},"modified":"2019-02-22T15:23:01","modified_gmt":"2019-02-22T18:23:01","slug":"prefeitura-e-pm-se-unem-para-garantir-a-seguranca-durante-carnaval-em-santa-rita","status":"publish","type":"post","link":"https:\/\/www.santaritadopassaquatro.sp.gov.br\/portal\/prefeitura-e-pm-se-unem-para-garantir-a-seguranca-durante-carnaval-em-santa-rita\/","title":{"rendered":"Prefeitura e PM se unem para garantir a seguran\u00e7a durante Carnaval em Santa Rita"},"content":{"rendered":"<p><strong><em>Reuni\u00e3o no gabinete entre prefeito, comando da Pol\u00edcia Militar e Departamento de Turismo tratou de como ser\u00e1 a atua\u00e7\u00e3o no evento na Pra\u00e7a Poeta M\u00e1rio Mattoso <\/em><\/strong><\/p>\n<p><strong><em>\u00a0<\/em><\/strong><\/p>\n<figure id=\"attachment_846\" aria-describedby=\"caption-attachment-846\" style=\"width: 300px\" class=\"wp-caption alignleft\"><img decoding=\"async\" class=\"wp-image-846 size-medium\" src=\"http:\/\/www.santaritadopassaquatro.sp.gov.br\/portal\/wp-content\/uploads\/2019\/02\/IMG_8820-300x200.jpg\" alt=\"\" width=\"300\" height=\"200\" srcset=\"https:\/\/www.santaritadopassaquatro.sp.gov.br\/portal\/wp-content\/uploads\/2019\/02\/IMG_8820-300x200.jpg 300w, https:\/\/www.santaritadopassaquatro.sp.gov.br\/portal\/wp-content\/uploads\/2019\/02\/IMG_8820-768x512.jpg 768w, https:\/\/www.santaritadopassaquatro.sp.gov.br\/portal\/wp-content\/uploads\/2019\/02\/IMG_8820-1024x683.jpg 1024w\" sizes=\"(max-width: 300px) 100vw, 300px\" \/><figcaption id=\"caption-attachment-846\" class=\"wp-caption-text\"><span style=\"color: #999999;\"><strong><em><span style=\"font-size: 8pt;\">Reuni\u00e3o no gabinete do prefeito para tratar da seguran\u00e7a durante o Carnaval santa-ritense (AssCom\/Divulga\u00e7\u00e3o<\/span>)<\/em><\/strong><\/span><\/figcaption><\/figure>\n<p>Comando da Pol\u00edcia Militar e Departamento Municipal de Cultura e Turismo estiveram reunidos com o prefeito Leandro Luciano dos Santos, na \u00faltima ter\u00e7a-feira (19\/2), para tratar da seguran\u00e7a no Carnaval em Santa Rita do Passa Quatro. A reuni\u00e3o definiu detalhes das a\u00e7\u00f5es que ser\u00e3o tomadas durante o Santacarnafolia 2019, evento promovido pela prefeitura na Pra\u00e7a Poeta Mario Mattoso, e tamb\u00e9m no #De Volta Atr\u00e1s do Trio, inciativa privada que ter\u00e1 trio el\u00e9trico durante duas tardes, na Avenida Severino Meirelles.<\/p>\n<p>Com a presen\u00e7a do Tenente PM Cruz, novo Comando da 3\u00aa Cia. da Pol\u00edcia Militar, e o Capit\u00e3o PM Capit\u00e3o Gonzales, juntamente com diretor do Departamento Municipal de Cultura e Turismo, Antonio Arnaldo Reatto dos Santos e sua equipe, ficou acordado que a atua\u00e7\u00e3o da PM ser\u00e1 semelhante \u00e0 forma que foi no ano passado, que obteve um resultado positivo, garantindo a seguran\u00e7a das fam\u00edlias presentes no evento.<\/p>\n<p>Atrav\u00e9s de Conv\u00eanio da Atividade Delegada, em parceria com a Prefeitura Municipal, a PM ir\u00e1 atuar com grande n\u00famero de policiais, amparados pelo monitoramento por c\u00e2meras instaladas na pra\u00e7a, durante o evento.<\/p>\n<p>Haver\u00e1 tamb\u00e9m fiscaliza\u00e7\u00e3o de motoristas que eventualmente estiveram dirigindo sob efeito de \u00e1lcool nas principais vias da cidade e nos acessos, com o apoio de equipes do Policiamento Rodovi\u00e1rio. Tamb\u00e9m ser\u00e1 fiscalizado todo tipo de aglomera\u00e7\u00e3o em postos de combust\u00edveis e obstru\u00e7\u00e3o de vias p\u00fablicas, entre outras.<\/p>\n<p>&nbsp;<\/p>\n<p><strong>PROIBIDO VIDRO<\/strong><\/p>\n<p>Tamb\u00e9m por quest\u00f5es de seguran\u00e7a, ficou definido que n\u00e3o ser\u00e1 permitida a perman\u00eancia de pessoas com bebidas em embalagens de vidro, assim como copos ou canecas, do mesmo material, nas depend\u00eancias da pra\u00e7a. A solicita\u00e7\u00e3o \u00e9 que os foli\u00f5es que foram levar a pr\u00f3pria bebida, deem prefer\u00eancia \u00e0s latas ou embalagens pl\u00e1sticas.<\/p>\n<p>&nbsp;<\/p>\n<p><strong>O EVENTO<\/strong><\/p>\n<p>Denominado Santacarnafiolia 2019, carnaval santa-ritense acontece nos dias 2, 3, 4 e 5 de mar\u00e7o (s\u00e1bado \u00e0 ter\u00e7a-feira), na Pra\u00e7a Poeta M\u00e1rio Mattoso (Esta\u00e7\u00e3o), nos hor\u00e1rios das 17h \u00e0s 23 horas (s\u00e1bado \u00e0 segunda-feira) e das 17h \u00e0s 22 horas, na ter\u00e7a-feira. Toda a programa\u00e7\u00e3o acontece com entrada gratuita e a participa\u00e7\u00e3o da feira do Turismo, em uma completa pra\u00e7a de alimenta\u00e7\u00e3o.<\/p>\n<p>&nbsp;<\/p>\n<p>&nbsp;<\/p>\n<p>&nbsp;<\/p>\n<p>&nbsp;<\/p>\n","protected":false},"excerpt":{"rendered":"<p>Reuni\u00e3o no gabinete entre prefeito, comando da Pol\u00edcia Militar e Departamento de Turismo tratou de como ser\u00e1 a atua\u00e7\u00e3o no<\/p>\n","protected":false},"author":1,"featured_media":846,"comment_status":"closed","ping_status":"open","sticky":false,"template":"","format":"standard","meta":{"footnotes":""},"categories":[44,48,60],"tags":[],"class_list":["post-845","post","type-post","status-publish","format-standard","has-post-thumbnail","hentry","category-cidades","category-featured","category-turismo"],"_links":{"self":[{"href":"https:\/\/www.santaritadopassaquatro.sp.gov.br\/portal\/wp-json\/wp\/v2\/posts\/845","targetHints":{"allow":["GET"]}}],"collection":[{"href":"https:\/\/www.santaritadopassaquatro.sp.gov.br\/portal\/wp-json\/wp\/v2\/posts"}],"about":[{"href":"https:\/\/www.santaritadopassaquatro.sp.gov.br\/portal\/wp-json\/wp\/v2\/types\/post"}],"author":[{"embeddable":true,"href":"https:\/\/www.santaritadopassaquatro.sp.gov.br\/portal\/wp-json\/wp\/v2\/users\/1"}],"replies":[{"embeddable":true,"href":"https:\/\/www.santaritadopassaquatro.sp.gov.br\/portal\/wp-json\/wp\/v2\/comments?post=845"}],"version-history":[{"count":0,"href":"https:\/\/www.santaritadopassaquatro.sp.gov.br\/portal\/wp-json\/wp\/v2\/posts\/845\/revisions"}],"wp:featuredmedia":[{"embeddable":true,"href":"https:\/\/www.santaritadopassaquatro.sp.gov.br\/portal\/wp-json\/wp\/v2\/media\/846"}],"wp:attachment":[{"href":"https:\/\/www.santaritadopassaquatro.sp.gov.br\/portal\/wp-json\/wp\/v2\/media?parent=845"}],"wp:term":[{"taxonomy":"category","embeddable":true,"href":"https:\/\/www.santaritadopassaquatro.sp.gov.br\/portal\/wp-json\/wp\/v2\/categories?post=845"},{"taxonomy":"post_tag","embeddable":true,"href":"https:\/\/www.santaritadopassaquatro.sp.gov.br\/portal\/wp-json\/wp\/v2\/tags?post=845"}],"curies":[{"name":"wp","href":"https:\/\/api.w.org\/{rel}","templated":true}]}}