{"id":855,"date":"2019-02-22T15:34:22","date_gmt":"2019-02-22T18:34:22","guid":{"rendered":"http:\/\/www.santaritadopassaquatro.sp.gov.br\/portal\/?p=855"},"modified":"2019-02-22T15:34:22","modified_gmt":"2019-02-22T18:34:22","slug":"presidentes-da-aprecesp-e-codivap-se-reunem-em-sao-paulo","status":"publish","type":"post","link":"https:\/\/www.santaritadopassaquatro.sp.gov.br\/portal\/presidentes-da-aprecesp-e-codivap-se-reunem-em-sao-paulo\/","title":{"rendered":"Presidentes da Aprecesp e Codivap se re\u00fanem em S\u00e3o Paulo"},"content":{"rendered":"<p><strong><em>Prefeitos de Santa Rita e Ubatuba trataram sobre recursos estaduais para os munic\u00edpios <\/em><\/strong><\/p>\n<p><strong><em>\u00a0<\/em><\/strong><\/p>\n<figure id=\"attachment_856\" aria-describedby=\"caption-attachment-856\" style=\"width: 300px\" class=\"wp-caption alignleft\"><img decoding=\"async\" class=\"wp-image-856 size-medium\" src=\"http:\/\/www.santaritadopassaquatro.sp.gov.br\/portal\/wp-content\/uploads\/2019\/02\/prefeitos_santa_rita_ubatuva_aprecesp_codivap-300x225.jpeg\" alt=\"\" width=\"300\" height=\"225\" srcset=\"https:\/\/www.santaritadopassaquatro.sp.gov.br\/portal\/wp-content\/uploads\/2019\/02\/prefeitos_santa_rita_ubatuva_aprecesp_codivap-300x225.jpeg 300w, https:\/\/www.santaritadopassaquatro.sp.gov.br\/portal\/wp-content\/uploads\/2019\/02\/prefeitos_santa_rita_ubatuva_aprecesp_codivap-768x576.jpeg 768w, https:\/\/www.santaritadopassaquatro.sp.gov.br\/portal\/wp-content\/uploads\/2019\/02\/prefeitos_santa_rita_ubatuva_aprecesp_codivap.jpeg 1024w\" sizes=\"(max-width: 300px) 100vw, 300px\" \/><figcaption id=\"caption-attachment-856\" class=\"wp-caption-text\"><span style=\"font-size: 8pt; color: #999999;\"><strong><em>Os prefeitos de Santa Rita e Ubatuba presidentes da Aprcesp e Codivap em reuni\u00e3o em S\u00e3o Paulo (Divulga\u00e7\u00e3o)<\/em><\/strong><\/span><\/figcaption><\/figure>\n<p>Em mais um importante compromisso como presidente da Associa\u00e7\u00e3o das Prefeituras Est\u00e2ncias do Estado de S\u00e3o Paulo (Aprecesp), o prefeito de Santa Rita do Passa Quatro, Leandro Luciano dos Santos, esteve esta semana com o Presidente do Cons\u00f3rcio de Desenvolvimento Integrado do Vale do Para\u00edba, Litoral Norte e Mantiqueira (Codivap), D\u00e9lcio Sato, prefeito de Ubatuba.<\/p>\n<p>A reuni\u00e3o foi para tratar dos Conv\u00eanios de Infraestrutura Tur\u00edsticas conquistados pelos munic\u00edpios do Vale do Para\u00edba e regi\u00e3o. O encontro entre os presidentes do Codivap e Aprecesp faz parte dos trabalhos que v\u00eam sendo realizado para garantir os recursos aos munic\u00edpios.<\/p>\n<p>O Codivap foi criado em 1970 com o objetivo de fortalecer as reivindica\u00e7\u00f5es da regi\u00e3o junto ao governo do estado. At\u00e9 a d\u00e9cada de 90, obteve algumas conquistas, mas com o passar dos anos foi perdendo sua for\u00e7a pol\u00edtica.<\/p>\n<p>A Aprecesp \u00e9 uma entidade que representa os interesses e atua pelo fomento tur\u00edstico dos 70 munic\u00edpios est\u00e2ncia do Estado, al\u00e9m de ter assento no Conselho Estadual de Turismo, na C\u00e2mara de Turismo da Federa\u00e7\u00e3o do Com\u00e9rcio e no Conselho de Orienta\u00e7\u00e3o (COC), al\u00e9m de e Controle do Departamento de Apoio ao Desenvolvimento dos Munic\u00edpios Tur\u00edsticos (Dadetur), \u00f3rg\u00e3o da Secretaria Estadual de Turismo<\/p>\n<p>A pr\u00f3xima Reuni\u00e3o de Prefeitos da Aprecesp acontece na est\u00e2ncia balne\u00e1ria do Guaruj\u00e1, no pr\u00f3ximo dia 6 de abril.<\/p>\n<p><strong>\u00a0<\/strong><\/p>\n<p>&nbsp;<\/p>\n<p>&nbsp;<\/p>\n<p>&nbsp;<\/p>\n<p>&nbsp;<\/p>\n","protected":false},"excerpt":{"rendered":"<p>Prefeitos de Santa Rita e Ubatuba trataram sobre recursos estaduais para os munic\u00edpios \u00a0 Em mais um importante compromisso como<\/p>\n","protected":false},"author":1,"featured_media":856,"comment_status":"closed","ping_status":"open","sticky":false,"template":"","format":"standard","meta":{"footnotes":""},"categories":[52,57,60],"tags":[],"class_list":["post-855","post","type-post","status-publish","format-standard","has-post-thumbnail","hentry","category-latest","category-politics","category-turismo"],"_links":{"self":[{"href":"https:\/\/www.santaritadopassaquatro.sp.gov.br\/portal\/wp-json\/wp\/v2\/posts\/855","targetHints":{"allow":["GET"]}}],"collection":[{"href":"https:\/\/www.santaritadopassaquatro.sp.gov.br\/portal\/wp-json\/wp\/v2\/posts"}],"about":[{"href":"https:\/\/www.santaritadopassaquatro.sp.gov.br\/portal\/wp-json\/wp\/v2\/types\/post"}],"author":[{"embeddable":true,"href":"https:\/\/www.santaritadopassaquatro.sp.gov.br\/portal\/wp-json\/wp\/v2\/users\/1"}],"replies":[{"embeddable":true,"href":"https:\/\/www.santaritadopassaquatro.sp.gov.br\/portal\/wp-json\/wp\/v2\/comments?post=855"}],"version-history":[{"count":0,"href":"https:\/\/www.santaritadopassaquatro.sp.gov.br\/portal\/wp-json\/wp\/v2\/posts\/855\/revisions"}],"wp:featuredmedia":[{"embeddable":true,"href":"https:\/\/www.santaritadopassaquatro.sp.gov.br\/portal\/wp-json\/wp\/v2\/media\/856"}],"wp:attachment":[{"href":"https:\/\/www.santaritadopassaquatro.sp.gov.br\/portal\/wp-json\/wp\/v2\/media?parent=855"}],"wp:term":[{"taxonomy":"category","embeddable":true,"href":"https:\/\/www.santaritadopassaquatro.sp.gov.br\/portal\/wp-json\/wp\/v2\/categories?post=855"},{"taxonomy":"post_tag","embeddable":true,"href":"https:\/\/www.santaritadopassaquatro.sp.gov.br\/portal\/wp-json\/wp\/v2\/tags?post=855"}],"curies":[{"name":"wp","href":"https:\/\/api.w.org\/{rel}","templated":true}]}}