{"id":8689,"date":"2023-01-17T16:28:20","date_gmt":"2023-01-17T19:28:20","guid":{"rendered":"https:\/\/www.santaritadopassaquatro.sp.gov.br\/portal\/?p=8689"},"modified":"2023-01-17T16:28:22","modified_gmt":"2023-01-17T19:28:22","slug":"prefeito-e-diretor-de-turismo-participam-de-assembleia-geral-da-aprecesp-para-eleicao-da-nova-mesa-diretora","status":"publish","type":"post","link":"https:\/\/www.santaritadopassaquatro.sp.gov.br\/portal\/prefeito-e-diretor-de-turismo-participam-de-assembleia-geral-da-aprecesp-para-eleicao-da-nova-mesa-diretora\/","title":{"rendered":"PREFEITO E DIRETOR DE TURISMO PARTICIPAM DE ASSEMBLEIA GERAL DA APRECESP PARA ELEI\u00c7\u00c3O DA NOVA MESA DIRETORA"},"content":{"rendered":"\n<p><\/p>\n\n\n\n<p>Nesta ter\u00e7a-feira (17), o Prefeito Marcelo Sim\u00e3o e o Diretor de Turismo, Cultura, Esporte e Lazer, Gustavo Bianchi, foram \u00e0 S\u00e3o Paulo, para participarem da Assembleia Geral da APRECESP, na Assembleia Legislativa, para vota\u00e7\u00e3o da nova mesa diretora da Associa\u00e7\u00e3o das Prefeituras das Cidades Est\u00e2ncia do Estado de S\u00e3o Paulo.<\/p>\n\n\n\n<figure class=\"wp-block-image size-large\"><img decoding=\"async\" width=\"768\" height=\"1024\" src=\"https:\/\/www.santaritadopassaquatro.sp.gov.br\/portal\/wp-content\/uploads\/2023\/01\/WhatsApp-Image-2023-01-17-at-15.54.37-768x1024.jpeg\" alt=\"\" class=\"wp-image-8692\" srcset=\"https:\/\/www.santaritadopassaquatro.sp.gov.br\/portal\/wp-content\/uploads\/2023\/01\/WhatsApp-Image-2023-01-17-at-15.54.37-768x1024.jpeg 768w, https:\/\/www.santaritadopassaquatro.sp.gov.br\/portal\/wp-content\/uploads\/2023\/01\/WhatsApp-Image-2023-01-17-at-15.54.37-225x300.jpeg 225w, https:\/\/www.santaritadopassaquatro.sp.gov.br\/portal\/wp-content\/uploads\/2023\/01\/WhatsApp-Image-2023-01-17-at-15.54.37-1152x1536.jpeg 1152w, https:\/\/www.santaritadopassaquatro.sp.gov.br\/portal\/wp-content\/uploads\/2023\/01\/WhatsApp-Image-2023-01-17-at-15.54.37.jpeg 1200w\" sizes=\"(max-width: 768px) 100vw, 768px\" \/><figcaption class=\"wp-element-caption\">O Prefeito Marcelo Sim\u00e3o e o Prefeito de Paraibuna, Victor de C\u00e1ssio Miranda<\/figcaption><\/figure>\n\n\n\n<p>O Prefeito de S\u00e3o Jos\u00e9 dos Barreiros, Leandro de Siqueira Braga, foi eleito o novo presidente da Associa\u00e7\u00e3o.<\/p>\n\n\n\n<figure class=\"wp-block-image size-large\"><img decoding=\"async\" width=\"768\" height=\"1024\" src=\"https:\/\/www.santaritadopassaquatro.sp.gov.br\/portal\/wp-content\/uploads\/2023\/01\/WhatsApp-Image-2023-01-17-at-15.54.36-1-768x1024.jpeg\" alt=\"\" class=\"wp-image-8693\" srcset=\"https:\/\/www.santaritadopassaquatro.sp.gov.br\/portal\/wp-content\/uploads\/2023\/01\/WhatsApp-Image-2023-01-17-at-15.54.36-1-768x1024.jpeg 768w, https:\/\/www.santaritadopassaquatro.sp.gov.br\/portal\/wp-content\/uploads\/2023\/01\/WhatsApp-Image-2023-01-17-at-15.54.36-1-225x300.jpeg 225w, https:\/\/www.santaritadopassaquatro.sp.gov.br\/portal\/wp-content\/uploads\/2023\/01\/WhatsApp-Image-2023-01-17-at-15.54.36-1-1152x1536.jpeg 1152w, https:\/\/www.santaritadopassaquatro.sp.gov.br\/portal\/wp-content\/uploads\/2023\/01\/WhatsApp-Image-2023-01-17-at-15.54.36-1.jpeg 1200w\" sizes=\"(max-width: 768px) 100vw, 768px\" \/><figcaption class=\"wp-element-caption\">Prefeito Marcelo Sim\u00e3o e o Chefe de Gabinete da Secretaria de Turismo do Estado de S\u00e3o Paulo, H\u00e9der Rafael Santos<\/figcaption><\/figure>\n\n\n\n<figure class=\"wp-block-image size-large\"><img decoding=\"async\" width=\"768\" height=\"1024\" src=\"https:\/\/www.santaritadopassaquatro.sp.gov.br\/portal\/wp-content\/uploads\/2023\/01\/WhatsApp-Image-2023-01-17-at-15.54.37-1-768x1024.jpeg\" alt=\"\" class=\"wp-image-8691\" srcset=\"https:\/\/www.santaritadopassaquatro.sp.gov.br\/portal\/wp-content\/uploads\/2023\/01\/WhatsApp-Image-2023-01-17-at-15.54.37-1-768x1024.jpeg 768w, https:\/\/www.santaritadopassaquatro.sp.gov.br\/portal\/wp-content\/uploads\/2023\/01\/WhatsApp-Image-2023-01-17-at-15.54.37-1-225x300.jpeg 225w, https:\/\/www.santaritadopassaquatro.sp.gov.br\/portal\/wp-content\/uploads\/2023\/01\/WhatsApp-Image-2023-01-17-at-15.54.37-1-1152x1536.jpeg 1152w, https:\/\/www.santaritadopassaquatro.sp.gov.br\/portal\/wp-content\/uploads\/2023\/01\/WhatsApp-Image-2023-01-17-at-15.54.37-1.jpeg 1200w\" sizes=\"(max-width: 768px) 100vw, 768px\" \/><figcaption class=\"wp-element-caption\">Prefeito Marcelo Sim\u00e3o e o Prefeito de Brotas, Leandro Corr\u00eaa<\/figcaption><\/figure>\n\n\n\n<p>A Aprecesp \u00e9 uma entidade privada e sem fins lucrativos que representa os interesses e atua pelo desenvolvimento tur\u00edstico dos 70 munic\u00edpios est\u00e2ncia do Estado, al\u00e9m de ter assento no Conselho Estadual de Turismo, na C\u00e2mara de Turismo da Federa\u00e7\u00e3o do Com\u00e9rcio e no COC (Conselho de Orienta\u00e7\u00e3o e Controle do DADETUR \u2013 Departamento de Apoio ao Desenvolvimento dos Munic\u00edpios Tur\u00edsticos) da Secretaria Estadual de Turismo.<\/p>\n\n\n\n<p><\/p>\n\n\n\n<p>Na reuni\u00e3o, o prefeito se reuniu com o chefe de gabinete da secretaria de turismo do Estado de S\u00e3o Paulo, \u00c9der Rafael Santos, e com os prefeitos de Brotas, Leandro Corr\u00eaa e de Paraibuna, Victor de C\u00e1ssio Miranda.<\/p>\n","protected":false},"excerpt":{"rendered":"<p>Nesta ter\u00e7a-feira (17), o Prefeito Marcelo Sim\u00e3o e o Diretor de Turismo, Cultura, Esporte e Lazer, Gustavo Bianchi, foram \u00e0<\/p>\n","protected":false},"author":3,"featured_media":8690,"comment_status":"open","ping_status":"closed","sticky":false,"template":"","format":"standard","meta":{"footnotes":""},"categories":[60],"tags":[115,117,116,64,97,118],"class_list":["post-8689","post","type-post","status-publish","format-standard","has-post-thumbnail","hentry","category-turismo","tag-aprecesp","tag-cidade-poema","tag-estado-de-sao-paulo","tag-santa-rita","tag-turismo","tag-ultimas-noticias-2"],"_links":{"self":[{"href":"https:\/\/www.santaritadopassaquatro.sp.gov.br\/portal\/wp-json\/wp\/v2\/posts\/8689","targetHints":{"allow":["GET"]}}],"collection":[{"href":"https:\/\/www.santaritadopassaquatro.sp.gov.br\/portal\/wp-json\/wp\/v2\/posts"}],"about":[{"href":"https:\/\/www.santaritadopassaquatro.sp.gov.br\/portal\/wp-json\/wp\/v2\/types\/post"}],"author":[{"embeddable":true,"href":"https:\/\/www.santaritadopassaquatro.sp.gov.br\/portal\/wp-json\/wp\/v2\/users\/3"}],"replies":[{"embeddable":true,"href":"https:\/\/www.santaritadopassaquatro.sp.gov.br\/portal\/wp-json\/wp\/v2\/comments?post=8689"}],"version-history":[{"count":1,"href":"https:\/\/www.santaritadopassaquatro.sp.gov.br\/portal\/wp-json\/wp\/v2\/posts\/8689\/revisions"}],"predecessor-version":[{"id":8694,"href":"https:\/\/www.santaritadopassaquatro.sp.gov.br\/portal\/wp-json\/wp\/v2\/posts\/8689\/revisions\/8694"}],"wp:featuredmedia":[{"embeddable":true,"href":"https:\/\/www.santaritadopassaquatro.sp.gov.br\/portal\/wp-json\/wp\/v2\/media\/8690"}],"wp:attachment":[{"href":"https:\/\/www.santaritadopassaquatro.sp.gov.br\/portal\/wp-json\/wp\/v2\/media?parent=8689"}],"wp:term":[{"taxonomy":"category","embeddable":true,"href":"https:\/\/www.santaritadopassaquatro.sp.gov.br\/portal\/wp-json\/wp\/v2\/categories?post=8689"},{"taxonomy":"post_tag","embeddable":true,"href":"https:\/\/www.santaritadopassaquatro.sp.gov.br\/portal\/wp-json\/wp\/v2\/tags?post=8689"}],"curies":[{"name":"wp","href":"https:\/\/api.w.org\/{rel}","templated":true}]}}