{"id":8808,"date":"2023-02-03T12:04:35","date_gmt":"2023-02-03T15:04:35","guid":{"rendered":"https:\/\/www.santaritadopassaquatro.sp.gov.br\/portal\/?p=8808"},"modified":"2023-02-03T12:04:37","modified_gmt":"2023-02-03T15:04:37","slug":"doe-sangue-salve-vidas-3","status":"publish","type":"post","link":"https:\/\/www.santaritadopassaquatro.sp.gov.br\/portal\/doe-sangue-salve-vidas-3\/","title":{"rendered":"DOE SANGUE, SALVE VIDAS"},"content":{"rendered":"\n<p>No dia 12 de fevereiro, a partir das 07h00, haver\u00e1 campanha de doa\u00e7\u00e3o de sangue em Santa Rita do Passa Quatro. O local de doa\u00e7\u00e3o ser\u00e1 na EMEF Madre Carmelita e a doa\u00e7\u00e3o deve ser agendada pelo telefone (19) 3584-7043, das 08h \u00e0s 11h e das 13h \u00e0s 16h.<\/p>\n\n\n\n<p>Sangue \u00e9 insubstitu\u00edvel e fundamental em cirurgias e outros procedimentos para preservar a vida humana. Al\u00e9m do mais, \u00e9 um ato 100% volunt\u00e1rio. Sem doadores n\u00e3o h\u00e1 bancos de sangue. Doar um pouco do seu sangue \u00e9 um grande ato de amor que pode beneficiar at\u00e9 4 pessoas.<\/p>\n\n\n\n<h2 class=\"has-text-align-center wp-block-heading\">CRIT\u00c9RIOS PARA DOAR<\/h2>\n\n\n\n<p>\u2022 Ter idade entre 16 e 69 anos, desde que a primeira doa\u00e7\u00e3o tenha sido feita at\u00e9 60 anos (menores de 18 anos devem possuir consentimento formal do respons\u00e1vel legal);<\/p>\n\n\n\n<p>\u2022 Pesar no m\u00ednimo 50 kg;<\/p>\n\n\n\n<p>\u2022 Estar alimentado. N\u00e3o ingerir alimentos gordurosos antes da doa\u00e7\u00e3o;<\/p>\n\n\n\n<p>\u2022 Ter dormido pelo menos 6 horas nas \u00faltimas 24 horas;<\/p>\n\n\n\n<p>\u2022 Apresentar documento de identifica\u00e7\u00e3o com foto emitido por \u00f3rg\u00e3o oficial (Carteira de Identidade, Carteira Nacional de Habilita\u00e7\u00e3o, Carteira de Trabalho, Passaporte, Registro Nacional de Estrangeiro, Certificado de Reservista e Carteira Profissional emitida por classe), ser\u00e3o aceitos documentos digitais com foto.<\/p>\n\n\n\n<h2 class=\"has-text-align-center wp-block-heading\">INTERVALO ENTRE UMA DOA\u00c7\u00c3O E OUTRA<\/h2>\n\n\n\n<p>\u2022 HOMENS &#8211; 2 meses (m\u00e1ximo de 4 doa\u00e7\u00f5es no per\u00edodo de 1 ano)<\/p>\n\n\n\n<p>\u2022 MULHERES &#8211; 3 meses (m\u00e1ximo de 3 doa\u00e7\u00f5es no per\u00edodo de 1 ano)<\/p>\n\n\n\n<h2 class=\"has-text-align-center wp-block-heading\">IMPEDIMENTOS TEMPOR\u00c1RIOS<\/h2>\n\n\n\n<p>\u2022 Gripe, resfriado e febre: aguardar 7 dias ap\u00f3s o desaparecimento dos sintomas;<\/p>\n\n\n\n<p>\u2022 Infec\u00e7\u00e3o pelo novo coronav\u00edrus (COVID-19): aguardar 30 dias ap\u00f3s a completa<\/p>\n\n\n\n<p>recupera\u00e7\u00e3o;<\/p>\n\n\n\n<p>\u2022 Per\u00edodo gestacional;<\/p>\n\n\n\n<p>\u2022 Per\u00edodo p\u00f3s-gravidez: 90 dias para parto normal e 180 dias para cesariana;<\/p>\n\n\n\n<p>\u2022 Amamenta\u00e7\u00e3o: at\u00e9 12 meses ap\u00f3s o parto;<\/p>\n\n\n\n<p>\u2022 Ingest\u00e3o de bebida alco\u00f3lica (aguardar 12 horas ap\u00f3s o consumo);<\/p>\n\n\n\n<p>\u2022 Exames\/procedimentos com utiliza\u00e7\u00e3o de endosc\u00f3pio nos \u00faltimos 6 meses;<\/p>\n\n\n\n<p>\u2022 Vacina da febre amarela ou sarampo: aguardar 4 semanas ap\u00f3s a vacina\u00e7\u00e3o;<\/p>\n\n\n\n<p>\u2022 Tratamento dent\u00e1rio cir\u00fargico (como extra\u00e7\u00e3o, tratamento de canal): 7 dias ap\u00f3s o procedimento e\/ou suspens\u00e3o dos medicamentos.<\/p>\n\n\n\n<h2 class=\"has-text-align-center wp-block-heading\">CRIT\u00c9RIOS DEFINITIVOS DE IMPEDIMENTO<\/h2>\n\n\n\n<p>\u2022 Ter passado por um quadro de hepatite ap\u00f3s os 11 anos de idade;<\/p>\n\n\n\n<p>\u2022 Evid\u00eancia cl\u00ednica ou laboratorial das seguintes doen\u00e7as transmiss\u00edveis pelo sangue: hepatites B e C, Aids (v\u00edrus HIV), doen\u00e7as associadas aos v\u00edrus HTLV 1 e 2 e doen\u00e7a de Chagas;<\/p>\n\n\n\n<p>\u2022 Uso de drogas il\u00edcitas injet\u00e1veis.<\/p>\n","protected":false},"excerpt":{"rendered":"<p>No dia 12 de fevereiro, a partir das 07h00, haver\u00e1 campanha de doa\u00e7\u00e3o de sangue em Santa Rita do Passa<\/p>\n","protected":false},"author":3,"featured_media":8809,"comment_status":"closed","ping_status":"open","sticky":false,"template":"","format":"standard","meta":{"footnotes":""},"categories":[61,48,58],"tags":[129,127,130,128,64,124,118],"class_list":["post-8808","post","type-post","status-publish","format-standard","has-post-thumbnail","hentry","category-comunicados-importantes","category-featured","category-health","tag-doacao","tag-doe-sangue","tag-salve-vidas","tag-sangue","tag-santa-rita","tag-saude-2","tag-ultimas-noticias-2"],"_links":{"self":[{"href":"https:\/\/www.santaritadopassaquatro.sp.gov.br\/portal\/wp-json\/wp\/v2\/posts\/8808","targetHints":{"allow":["GET"]}}],"collection":[{"href":"https:\/\/www.santaritadopassaquatro.sp.gov.br\/portal\/wp-json\/wp\/v2\/posts"}],"about":[{"href":"https:\/\/www.santaritadopassaquatro.sp.gov.br\/portal\/wp-json\/wp\/v2\/types\/post"}],"author":[{"embeddable":true,"href":"https:\/\/www.santaritadopassaquatro.sp.gov.br\/portal\/wp-json\/wp\/v2\/users\/3"}],"replies":[{"embeddable":true,"href":"https:\/\/www.santaritadopassaquatro.sp.gov.br\/portal\/wp-json\/wp\/v2\/comments?post=8808"}],"version-history":[{"count":1,"href":"https:\/\/www.santaritadopassaquatro.sp.gov.br\/portal\/wp-json\/wp\/v2\/posts\/8808\/revisions"}],"predecessor-version":[{"id":8810,"href":"https:\/\/www.santaritadopassaquatro.sp.gov.br\/portal\/wp-json\/wp\/v2\/posts\/8808\/revisions\/8810"}],"wp:featuredmedia":[{"embeddable":true,"href":"https:\/\/www.santaritadopassaquatro.sp.gov.br\/portal\/wp-json\/wp\/v2\/media\/8809"}],"wp:attachment":[{"href":"https:\/\/www.santaritadopassaquatro.sp.gov.br\/portal\/wp-json\/wp\/v2\/media?parent=8808"}],"wp:term":[{"taxonomy":"category","embeddable":true,"href":"https:\/\/www.santaritadopassaquatro.sp.gov.br\/portal\/wp-json\/wp\/v2\/categories?post=8808"},{"taxonomy":"post_tag","embeddable":true,"href":"https:\/\/www.santaritadopassaquatro.sp.gov.br\/portal\/wp-json\/wp\/v2\/tags?post=8808"}],"curies":[{"name":"wp","href":"https:\/\/api.w.org\/{rel}","templated":true}]}}