{"id":8818,"date":"2023-02-08T16:13:08","date_gmt":"2023-02-08T19:13:08","guid":{"rendered":"https:\/\/www.santaritadopassaquatro.sp.gov.br\/portal\/?p=8818"},"modified":"2023-02-08T16:13:09","modified_gmt":"2023-02-08T19:13:09","slug":"santa-carna-folia-2023","status":"publish","type":"post","link":"https:\/\/www.santaritadopassaquatro.sp.gov.br\/portal\/santa-carna-folia-2023\/","title":{"rendered":"SANTA CARNA FOLIA 2023"},"content":{"rendered":"\n<p><img decoding=\"async\" width=\"16\" height=\"16\" src=\"\" alt=\"\ud83c\udf89\">O Carnaval est\u00e1 chegando e a Prefeitura preparou uma programa\u00e7\u00e3o muito especial, com atra\u00e7\u00f5es para toda fam\u00edlia.<\/p>\n\n\n\n<p><img decoding=\"async\" width=\"16\" height=\"16\" src=\"\" alt=\"\ud83d\udc51\">Teremos 4 dias de shows e atra\u00e7\u00f5es na Pra\u00e7a Poeta M\u00e1rio Mattoso (Esta\u00e7\u00e3o), entre os dias 18 e 21 de fevereiro.<\/p>\n\n\n\n<h2 class=\"wp-block-heading\"><img decoding=\"async\" width=\"16\" height=\"16\" src=\"\" alt=\"\ud83d\udcdd\">Confira a programa\u00e7\u00e3o:<\/h2>\n\n\n\n<figure class=\"wp-block-image size-large\"><img decoding=\"async\" width=\"1024\" height=\"1024\" src=\"https:\/\/www.santaritadopassaquatro.sp.gov.br\/portal\/wp-content\/uploads\/2023\/02\/Dia-18-1024x1024.jpg\" alt=\"\" class=\"wp-image-8819\" srcset=\"https:\/\/www.santaritadopassaquatro.sp.gov.br\/portal\/wp-content\/uploads\/2023\/02\/Dia-18-1024x1024.jpg 1024w, https:\/\/www.santaritadopassaquatro.sp.gov.br\/portal\/wp-content\/uploads\/2023\/02\/Dia-18-300x300.jpg 300w, https:\/\/www.santaritadopassaquatro.sp.gov.br\/portal\/wp-content\/uploads\/2023\/02\/Dia-18-150x150.jpg 150w, https:\/\/www.santaritadopassaquatro.sp.gov.br\/portal\/wp-content\/uploads\/2023\/02\/Dia-18-768x768.jpg 768w, https:\/\/www.santaritadopassaquatro.sp.gov.br\/portal\/wp-content\/uploads\/2023\/02\/Dia-18.jpg 1080w\" sizes=\"(max-width: 1024px) 100vw, 1024px\" \/><\/figure>\n\n\n\n<ul class=\"wp-block-list\">\n<li>18\/02 &#8211; S\u00c1BADO<\/li>\n\n\n\n<li>21h00 &#8211; Interven\u00e7\u00f5es art\u00edsticas, com o Grupo Fuzu\u00ea, dan\u00e7a com a Prof.\u00b0 Leila Gene Ablen e o Grupo Balanc\u00ea;<\/li>\n\n\n\n<li>22h30 &#8211; Banda Canossiasom;<\/li>\n<\/ul>\n\n\n\n<figure class=\"wp-block-image size-large\"><img decoding=\"async\" width=\"1024\" height=\"1024\" src=\"https:\/\/www.santaritadopassaquatro.sp.gov.br\/portal\/wp-content\/uploads\/2023\/02\/Dia-19-1024x1024.jpg\" alt=\"\" class=\"wp-image-8820\" srcset=\"https:\/\/www.santaritadopassaquatro.sp.gov.br\/portal\/wp-content\/uploads\/2023\/02\/Dia-19-1024x1024.jpg 1024w, https:\/\/www.santaritadopassaquatro.sp.gov.br\/portal\/wp-content\/uploads\/2023\/02\/Dia-19-300x300.jpg 300w, https:\/\/www.santaritadopassaquatro.sp.gov.br\/portal\/wp-content\/uploads\/2023\/02\/Dia-19-150x150.jpg 150w, https:\/\/www.santaritadopassaquatro.sp.gov.br\/portal\/wp-content\/uploads\/2023\/02\/Dia-19-768x768.jpg 768w, https:\/\/www.santaritadopassaquatro.sp.gov.br\/portal\/wp-content\/uploads\/2023\/02\/Dia-19.jpg 1080w\" sizes=\"(max-width: 1024px) 100vw, 1024px\" \/><\/figure>\n\n\n\n<ul class=\"wp-block-list\">\n<li>19\/02 &#8211; DOMINGO<\/li>\n\n\n\n<li>17h00 &#8211; MATIN\u00ca com marchinhas e m\u00fasicas infantis;<\/li>\n\n\n\n<li>21h00 &#8211; Interven\u00e7\u00f5es art\u00edsticas, com o Grupo Fuzu\u00ea, dan\u00e7a com a Prof.\u00b0 Leila Gene Ablen e o Grupo Balanc\u00ea e Grupo Afro Ganga Zumba.<\/li>\n\n\n\n<li>22h30 &#8211; Banda Kuba Libre.<\/li>\n<\/ul>\n\n\n\n<figure class=\"wp-block-image size-large\"><img decoding=\"async\" width=\"1024\" height=\"1024\" src=\"https:\/\/www.santaritadopassaquatro.sp.gov.br\/portal\/wp-content\/uploads\/2023\/02\/dia-20-1024x1024.jpg\" alt=\"\" class=\"wp-image-8821\" srcset=\"https:\/\/www.santaritadopassaquatro.sp.gov.br\/portal\/wp-content\/uploads\/2023\/02\/dia-20-1024x1024.jpg 1024w, https:\/\/www.santaritadopassaquatro.sp.gov.br\/portal\/wp-content\/uploads\/2023\/02\/dia-20-300x300.jpg 300w, https:\/\/www.santaritadopassaquatro.sp.gov.br\/portal\/wp-content\/uploads\/2023\/02\/dia-20-150x150.jpg 150w, https:\/\/www.santaritadopassaquatro.sp.gov.br\/portal\/wp-content\/uploads\/2023\/02\/dia-20-768x768.jpg 768w, https:\/\/www.santaritadopassaquatro.sp.gov.br\/portal\/wp-content\/uploads\/2023\/02\/dia-20.jpg 1080w\" sizes=\"(max-width: 1024px) 100vw, 1024px\" \/><\/figure>\n\n\n\n<ul class=\"wp-block-list\">\n<li>20\/02 &#8211; SEGUNDA-FEIRA<\/li>\n\n\n\n<li>18h00 &#8211; Carnaval da Saudade;<\/li>\n\n\n\n<li>19h00 &#8211; Confraria do Samba (Escola de Samba de Santa Cruz das Palmeiras, com 70 integrantes e boneco de Olinda);<\/li>\n<\/ul>\n\n\n\n<ul class=\"wp-block-list\">\n<li>21h00 -Interven\u00e7\u00f5es art\u00edsticas, com o Grupo Fuzu\u00ea, dan\u00e7a com a Prof.\u00b0 Leila Gene Ablen e o Grupo Balanc\u00ea e Grupo Afro Ganga Zumba;<\/li>\n\n\n\n<li>22h30 &#8211; Banda Canossiasom.<\/li>\n<\/ul>\n\n\n\n<figure class=\"wp-block-image size-large\"><img decoding=\"async\" width=\"1024\" height=\"1024\" src=\"https:\/\/www.santaritadopassaquatro.sp.gov.br\/portal\/wp-content\/uploads\/2023\/02\/dia-21-1024x1024.jpg\" alt=\"\" class=\"wp-image-8822\" srcset=\"https:\/\/www.santaritadopassaquatro.sp.gov.br\/portal\/wp-content\/uploads\/2023\/02\/dia-21-1024x1024.jpg 1024w, https:\/\/www.santaritadopassaquatro.sp.gov.br\/portal\/wp-content\/uploads\/2023\/02\/dia-21-300x300.jpg 300w, https:\/\/www.santaritadopassaquatro.sp.gov.br\/portal\/wp-content\/uploads\/2023\/02\/dia-21-150x150.jpg 150w, https:\/\/www.santaritadopassaquatro.sp.gov.br\/portal\/wp-content\/uploads\/2023\/02\/dia-21-768x768.jpg 768w, https:\/\/www.santaritadopassaquatro.sp.gov.br\/portal\/wp-content\/uploads\/2023\/02\/dia-21.jpg 1080w\" sizes=\"(max-width: 1024px) 100vw, 1024px\" \/><\/figure>\n\n\n\n<ul class=\"wp-block-list\">\n<li>21\/02 &#8211; TER\u00c7A-FEIRA<\/li>\n\n\n\n<li>CONCHA AC\u00daSTICA (PRA\u00c7A ZEQUINHA DE ABREU)<\/li>\n\n\n\n<li>16h00 &#8211; Grupos Bem Bolado e Doce Palavra;<\/li>\n\n\n\n<li>18h00 &#8211; Subida do Bloco Afro Ganga Zumba na Avenida Severino Meirelles at\u00e9 a Pra\u00e7a da Esta\u00e7\u00e3o;<\/li>\n<\/ul>\n\n\n\n<p>20h30 &#8211; Banda Swicht.<\/p>\n\n\n\n<p><img decoding=\"async\" width=\"16\" height=\"16\" src=\"\" alt=\"\ud83c\udf8a\">S\u00e3o muitas atra\u00e7\u00f5es para toda a fam\u00edlia. Venha curtir o melhor carnaval da regi\u00e3o.<\/p>\n","protected":false},"excerpt":{"rendered":"<p>O Carnaval est\u00e1 chegando e a Prefeitura preparou uma programa\u00e7\u00e3o muito especial, com atra\u00e7\u00f5es para toda fam\u00edlia. Teremos 4 dias<\/p>\n","protected":false},"author":3,"featured_media":8823,"comment_status":"closed","ping_status":"open","sticky":false,"template":"","format":"standard","meta":{"footnotes":""},"categories":[46,48,50,60],"tags":[132,133,96,64,72,97,118],"class_list":["post-8818","post","type-post","status-publish","format-standard","has-post-thumbnail","hentry","category-cultura","category-featured","category-entertainment","category-turismo","tag-carnaval","tag-carnaval-2023","tag-cultura","tag-santa-rita","tag-santa-rita-do-passa-quatro","tag-turismo","tag-ultimas-noticias-2"],"_links":{"self":[{"href":"https:\/\/www.santaritadopassaquatro.sp.gov.br\/portal\/wp-json\/wp\/v2\/posts\/8818","targetHints":{"allow":["GET"]}}],"collection":[{"href":"https:\/\/www.santaritadopassaquatro.sp.gov.br\/portal\/wp-json\/wp\/v2\/posts"}],"about":[{"href":"https:\/\/www.santaritadopassaquatro.sp.gov.br\/portal\/wp-json\/wp\/v2\/types\/post"}],"author":[{"embeddable":true,"href":"https:\/\/www.santaritadopassaquatro.sp.gov.br\/portal\/wp-json\/wp\/v2\/users\/3"}],"replies":[{"embeddable":true,"href":"https:\/\/www.santaritadopassaquatro.sp.gov.br\/portal\/wp-json\/wp\/v2\/comments?post=8818"}],"version-history":[{"count":1,"href":"https:\/\/www.santaritadopassaquatro.sp.gov.br\/portal\/wp-json\/wp\/v2\/posts\/8818\/revisions"}],"predecessor-version":[{"id":8824,"href":"https:\/\/www.santaritadopassaquatro.sp.gov.br\/portal\/wp-json\/wp\/v2\/posts\/8818\/revisions\/8824"}],"wp:featuredmedia":[{"embeddable":true,"href":"https:\/\/www.santaritadopassaquatro.sp.gov.br\/portal\/wp-json\/wp\/v2\/media\/8823"}],"wp:attachment":[{"href":"https:\/\/www.santaritadopassaquatro.sp.gov.br\/portal\/wp-json\/wp\/v2\/media?parent=8818"}],"wp:term":[{"taxonomy":"category","embeddable":true,"href":"https:\/\/www.santaritadopassaquatro.sp.gov.br\/portal\/wp-json\/wp\/v2\/categories?post=8818"},{"taxonomy":"post_tag","embeddable":true,"href":"https:\/\/www.santaritadopassaquatro.sp.gov.br\/portal\/wp-json\/wp\/v2\/tags?post=8818"}],"curies":[{"name":"wp","href":"https:\/\/api.w.org\/{rel}","templated":true}]}}