{"id":888,"date":"2019-03-01T15:06:06","date_gmt":"2019-03-01T18:06:06","guid":{"rendered":"http:\/\/www.santaritadopassaquatro.sp.gov.br\/portal\/?p=888"},"modified":"2019-03-01T15:06:06","modified_gmt":"2019-03-01T18:06:06","slug":"cras-promove-oficina-de-mascaras-e-carnaval-para-participante-do-cci","status":"publish","type":"post","link":"https:\/\/www.santaritadopassaquatro.sp.gov.br\/portal\/cras-promove-oficina-de-mascaras-e-carnaval-para-participante-do-cci\/","title":{"rendered":"CRAS promove oficina de m\u00e1scaras e carnaval para participante do CCI"},"content":{"rendered":"<p><strong><em>Folia com a \u201cmelhor idade\u201d aconteceu na \u00faltima quarta-feira (27\/2) com m\u00fasica ao vivo<\/em><\/strong><\/p>\n<p>&nbsp;<\/p>\n<figure id=\"attachment_889\" aria-describedby=\"caption-attachment-889\" style=\"width: 300px\" class=\"wp-caption alignleft\"><img decoding=\"async\" class=\"wp-image-889 size-medium\" src=\"http:\/\/www.santaritadopassaquatro.sp.gov.br\/portal\/wp-content\/uploads\/2019\/03\/carnaval_CCI-300x225.jpeg\" alt=\"\" width=\"300\" height=\"225\" srcset=\"https:\/\/www.santaritadopassaquatro.sp.gov.br\/portal\/wp-content\/uploads\/2019\/03\/carnaval_CCI-300x225.jpeg 300w, https:\/\/www.santaritadopassaquatro.sp.gov.br\/portal\/wp-content\/uploads\/2019\/03\/carnaval_CCI-768x576.jpeg 768w, https:\/\/www.santaritadopassaquatro.sp.gov.br\/portal\/wp-content\/uploads\/2019\/03\/carnaval_CCI-1024x768.jpeg 1024w, https:\/\/www.santaritadopassaquatro.sp.gov.br\/portal\/wp-content\/uploads\/2019\/03\/carnaval_CCI.jpeg 1032w\" sizes=\"(max-width: 300px) 100vw, 300px\" \/><figcaption id=\"caption-attachment-889\" class=\"wp-caption-text\"><span style=\"font-size: 8pt; color: #999999;\"><strong><em>Momentos da festa de carnaval do CCI e oficina de confec\u00e7\u00e3o de m\u00e1scaras carnavalescas (Divulga\u00e7\u00e3o)<\/em><\/strong><\/span><\/figcaption><\/figure>\n<p>Centro de Conviv\u00eancia do Idoso (CCI) entrou em clima de Carnaval j\u00e1 na \u00faltima quarta-feira (27\/22) com um verdadeira festa que contou com a anima\u00e7\u00e3o do cantor Lucas Lopes e se repert\u00f3rio recheado de marchinhas carnavalescas.<\/p>\n<p>Promovida pelo Departamento Municipal de Assist\u00eancia Social, atrav\u00e9s do CRAS (Centro de Refer\u00eancia da Assist\u00eancia Social), a festa carnavalesca, al\u00e9m da divers\u00e3o, proporcionou aos idosos interatividade e movimenta\u00e7\u00e3o. O evento contou com a presen\u00e7a da Sra. Vera Luciana dos Santos, presidente do Fundo Social de Solidariedade de munic\u00edpio, que com muita alegria prestigiou a atividade.<\/p>\n<p><img decoding=\"async\" class=\"alignnone size-medium wp-image-890 alignright\" src=\"http:\/\/www.santaritadopassaquatro.sp.gov.br\/portal\/wp-content\/uploads\/2019\/03\/carnaval_CCI_oficina_mascaras_1-300x225.jpeg\" alt=\"\" width=\"300\" height=\"225\" srcset=\"https:\/\/www.santaritadopassaquatro.sp.gov.br\/portal\/wp-content\/uploads\/2019\/03\/carnaval_CCI_oficina_mascaras_1-300x225.jpeg 300w, https:\/\/www.santaritadopassaquatro.sp.gov.br\/portal\/wp-content\/uploads\/2019\/03\/carnaval_CCI_oficina_mascaras_1-768x576.jpeg 768w, https:\/\/www.santaritadopassaquatro.sp.gov.br\/portal\/wp-content\/uploads\/2019\/03\/carnaval_CCI_oficina_mascaras_1-1024x768.jpeg 1024w, https:\/\/www.santaritadopassaquatro.sp.gov.br\/portal\/wp-content\/uploads\/2019\/03\/carnaval_CCI_oficina_mascaras_1.jpeg 1032w\" sizes=\"(max-width: 300px) 100vw, 300px\" \/>A movimenta\u00e7\u00e3o come\u00e7ou bem antes. Como preparativo para essa grande festa, foi realizada oficina de confec\u00e7\u00e3o de m\u00e1scaras de carnaval. Os pr\u00f3prios idosos elaboraram suas m\u00e1scaras, enfeitando-as com lantejoulas, gliter e penas. A atividade tamb\u00e9m teve como objetivos o treino de coordena\u00e7\u00e3o motora e desenvolvimento da criatividade.<\/p>\n<p>&nbsp;<\/p>\n<p>&nbsp;<\/p>\n","protected":false},"excerpt":{"rendered":"<p>Folia com a \u201cmelhor idade\u201d aconteceu na \u00faltima quarta-feira (27\/2) com m\u00fasica ao vivo &nbsp; Centro de Conviv\u00eancia do Idoso<\/p>\n","protected":false},"author":1,"featured_media":890,"comment_status":"closed","ping_status":"open","sticky":false,"template":"","format":"standard","meta":{"footnotes":""},"categories":[43,46],"tags":[],"class_list":["post-888","post","type-post","status-publish","format-standard","has-post-thumbnail","hentry","category-assistenciasocial","category-cultura"],"_links":{"self":[{"href":"https:\/\/www.santaritadopassaquatro.sp.gov.br\/portal\/wp-json\/wp\/v2\/posts\/888","targetHints":{"allow":["GET"]}}],"collection":[{"href":"https:\/\/www.santaritadopassaquatro.sp.gov.br\/portal\/wp-json\/wp\/v2\/posts"}],"about":[{"href":"https:\/\/www.santaritadopassaquatro.sp.gov.br\/portal\/wp-json\/wp\/v2\/types\/post"}],"author":[{"embeddable":true,"href":"https:\/\/www.santaritadopassaquatro.sp.gov.br\/portal\/wp-json\/wp\/v2\/users\/1"}],"replies":[{"embeddable":true,"href":"https:\/\/www.santaritadopassaquatro.sp.gov.br\/portal\/wp-json\/wp\/v2\/comments?post=888"}],"version-history":[{"count":0,"href":"https:\/\/www.santaritadopassaquatro.sp.gov.br\/portal\/wp-json\/wp\/v2\/posts\/888\/revisions"}],"wp:featuredmedia":[{"embeddable":true,"href":"https:\/\/www.santaritadopassaquatro.sp.gov.br\/portal\/wp-json\/wp\/v2\/media\/890"}],"wp:attachment":[{"href":"https:\/\/www.santaritadopassaquatro.sp.gov.br\/portal\/wp-json\/wp\/v2\/media?parent=888"}],"wp:term":[{"taxonomy":"category","embeddable":true,"href":"https:\/\/www.santaritadopassaquatro.sp.gov.br\/portal\/wp-json\/wp\/v2\/categories?post=888"},{"taxonomy":"post_tag","embeddable":true,"href":"https:\/\/www.santaritadopassaquatro.sp.gov.br\/portal\/wp-json\/wp\/v2\/tags?post=888"}],"curies":[{"name":"wp","href":"https:\/\/api.w.org\/{rel}","templated":true}]}}