{"id":8921,"date":"2023-03-31T09:10:35","date_gmt":"2023-03-31T12:10:35","guid":{"rendered":"https:\/\/www.santaritadopassaquatro.sp.gov.br\/portal\/?p=8921"},"modified":"2023-04-10T10:04:04","modified_gmt":"2023-04-10T13:04:04","slug":"edital-para-eleicao-de-conselheiros-tutelares","status":"publish","type":"post","link":"https:\/\/www.santaritadopassaquatro.sp.gov.br\/portal\/edital-para-eleicao-de-conselheiros-tutelares\/","title":{"rendered":"EDITAL PARA ELEI\u00c7\u00c3O DE CONSELHEIROS TUTELARES"},"content":{"rendered":"\n<div data-wp-interactive=\"core\/file\" class=\"wp-block-file\"><object data-wp-bind--hidden=\"!state.hasPdfPreview\" hidden class=\"wp-block-file__embed\" data=\"https:\/\/www.santaritadopassaquatro.sp.gov.br\/portal\/wp-content\/uploads\/2023\/03\/Edital-para-eleicao-de-Conselheiros-Tutelares.pdf\" type=\"application\/pdf\" style=\"width:100%;height:600px\" aria-label=\"Incorporado de Edital-para-eleicao-de-Conselheiros-Tutelares.\"><\/object><a id=\"wp-block-file--media-dbdf2c92-5a12-4bbb-8163-400e05c21590\" href=\"https:\/\/www.santaritadopassaquatro.sp.gov.br\/portal\/wp-content\/uploads\/2023\/03\/Edital-para-eleicao-de-Conselheiros-Tutelares.pdf\">Edital-para-eleicao-de-Conselheiros-Tutelares<\/a><a href=\"https:\/\/www.santaritadopassaquatro.sp.gov.br\/portal\/wp-content\/uploads\/2023\/03\/Edital-para-eleicao-de-Conselheiros-Tutelares.pdf\" class=\"wp-block-file__button wp-element-button\" download aria-describedby=\"wp-block-file--media-dbdf2c92-5a12-4bbb-8163-400e05c21590\">Baixar<\/a><\/div>\n\n\n\n<div class=\"wp-block-file\"><a id=\"wp-block-file--media-f805560f-8483-48b3-b037-012d5fe036d6\" href=\"https:\/\/www.santaritadopassaquatro.sp.gov.br\/portal\/wp-content\/uploads\/2023\/04\/002-2023-INSTITUI-A-COMISSAO-ESPECIAL-DE-ELEICAO-2024-2027.docx\">002-2023-INSTITUI-A-COMISSAO-ESPECIAL-DE-ELEICAO-2024-2027<\/a><a href=\"https:\/\/www.santaritadopassaquatro.sp.gov.br\/portal\/wp-content\/uploads\/2023\/04\/002-2023-INSTITUI-A-COMISSAO-ESPECIAL-DE-ELEICAO-2024-2027.docx\" class=\"wp-block-file__button wp-element-button\" download aria-describedby=\"wp-block-file--media-f805560f-8483-48b3-b037-012d5fe036d6\">Baixar<\/a><\/div>\n\n\n\n<div class=\"wp-block-file\"><a id=\"wp-block-file--media-f87fabc9-6ed0-4095-850f-57a8f11be64e\" href=\"https:\/\/www.santaritadopassaquatro.sp.gov.br\/portal\/wp-content\/uploads\/2023\/04\/DOC-20230405-WA0058..docx\">DOC-20230405-WA0058.<\/a><a href=\"https:\/\/www.santaritadopassaquatro.sp.gov.br\/portal\/wp-content\/uploads\/2023\/04\/DOC-20230405-WA0058..docx\" class=\"wp-block-file__button wp-element-button\" download aria-describedby=\"wp-block-file--media-f87fabc9-6ed0-4095-850f-57a8f11be64e\">Baixar<\/a><\/div>\n\n\n\n<div class=\"wp-block-file\"><a id=\"wp-block-file--media-3c5fd37a-5118-43f4-b729-4c51437e85ac\" href=\"https:\/\/www.santaritadopassaquatro.sp.gov.br\/portal\/wp-content\/uploads\/2023\/04\/001-2023-CRITERIOS-PARA-A-ELEICAO-2024-2027.docx\">001-2023-CRITERIOS-PARA-A-ELEICAO-2024-2027<\/a><a href=\"https:\/\/www.santaritadopassaquatro.sp.gov.br\/portal\/wp-content\/uploads\/2023\/04\/001-2023-CRITERIOS-PARA-A-ELEICAO-2024-2027.docx\" class=\"wp-block-file__button wp-element-button\" download aria-describedby=\"wp-block-file--media-3c5fd37a-5118-43f4-b729-4c51437e85ac\">Baixar<\/a><\/div>\n\n\n\n<div class=\"wp-block-file\"><a id=\"wp-block-file--media-798df9f0-dcd4-4976-be50-342172962fcd\" href=\"https:\/\/www.santaritadopassaquatro.sp.gov.br\/portal\/wp-content\/uploads\/2023\/04\/002-2023-INSTITUI-A-COMISSAO-ESPECIAL-DE-ELEICAO-2024-2027-1.docx\">002-2023-INSTITUI-A-COMISSAO-ESPECIAL-DE-ELEICAO-2024-2027-1<\/a><a href=\"https:\/\/www.santaritadopassaquatro.sp.gov.br\/portal\/wp-content\/uploads\/2023\/04\/002-2023-INSTITUI-A-COMISSAO-ESPECIAL-DE-ELEICAO-2024-2027-1.docx\" class=\"wp-block-file__button wp-element-button\" download aria-describedby=\"wp-block-file--media-798df9f0-dcd4-4976-be50-342172962fcd\">Baixar<\/a><\/div>\n\n\n\n<p class=\"has-text-align-center\"><strong>CONSELHO MUNICIPAL DOS DIREITOS DA CRIAN\u00c7A E DO ADOLESCENTE &#8211; CMDCA<br>EDITAL N\u00ba 001, DE 31 DE MAR\u00c7O DE 2023<br>PROCESSO DE ESCOLHA DOS MEMBROS DO<br>CONSELHO TUTELAR<br>DE SANTA RITA DO PASSA QUATRO PARA O QUADRI\u00caNIO 2024\/202<\/strong>7<\/p>\n\n\n\n<p class=\"has-text-align-left\">O Conselho Municipal dos Direitos da Crian\u00e7a e do Adolescente do Munic\u00edpio de Santa Rita do<br>Passa Quatro \u2013 CMDCA, torna p\u00fablico o Processo de Escolha Unificado para Membros do<br>Conselho Tutelar para o quadri\u00eanio 2024\/2027, com base nas Leis Federais n\u00ba 8.069\/90 e<br>12.696\/2012 e suas altera\u00e7\u00f5es, na Lei Municipal n\u00ba 2.599, de 18 de julho de 2005 e suas<br>altera\u00e7\u00f5es, nas Resolu\u00e7\u00f5es n\u00ba 113\/2006, n\u00ba 152\/2012, n\u00ba 170\/2014 e 231\/2022 do CONANDA e,<br>com aprova\u00e7\u00e3o do Colegiado, em reuni\u00e3o realizada no dia 29 de Mar\u00e7o de 2023, sendo realizado<br>sob a responsabilidade deste Conselho e a fiscaliza\u00e7\u00e3o da Promotoria de Justi\u00e7a da Inf\u00e2ncia e<br>Juventude de Santa Rita do Passa Quatro, mediante as condi\u00e7\u00f5es estabelecidas neste edital.<\/p>\n\n\n\n<h2 class=\"wp-block-heading\">1 &#8211; DA DIVULGA\u00c7\u00c3O<\/h2>\n\n\n\n<p><strong>1.1<\/strong> Este Edital e a divulga\u00e7\u00e3o oficial das etapas do concurso dar-se-\u00e1 atrav\u00e9s do Di\u00e1rio Oficial<br>Eletr\u00f4nico do Munic\u00edpio, site da Prefeitura www.santaritadopassaquatro.sp.gov.br e, sempre<br>que poss\u00edvel por outros meios de publicidade do Munic\u00edpio, tais como jornais de circula\u00e7\u00e3o local;<br><\/p>\n\n\n\n<p><strong>1.2<\/strong> \u00c9 de inteira responsabilidade do candidato, acompanhar todas as divulga\u00e7\u00f5es relativas ao<br>Concurso, no local mencionado no item 1.1, tomando conhecimento de seu conte\u00fado, para<br>posteriormente n\u00e3o alegar desconhecimento de qualquer tipo ou natureza.<\/p>\n\n\n\n<h2 class=\"wp-block-heading\">2 &#8211; DAS DISPOSI\u00c7\u00d5ES PRELIMINARES<\/h2>\n\n\n\n<p><strong>2.1<\/strong> O Conselho Tutelar \u00e9 um \u00f3rg\u00e3o p\u00fablico permanente e aut\u00f4nomo, n\u00e3o jurisdicional,<br>encarregado de zelar pelo cumprimento dos direitos de crian\u00e7as e adolescentes, cumprindo as<br>atribui\u00e7\u00f5es previstas no Estatuto da Crian\u00e7a e do Adolescente, artigos 95 e 136.<br><\/p>\n\n\n\n<p><strong>2.2<\/strong> O processo de escolha para a fun\u00e7\u00e3o de conselheiro tutelar quadri\u00eanio 2024\/2027 ser\u00e1 para<br>o preenchimento de 05 (cinco) vagas para membros titulares mais votados e, todos os demais<br>candidatos ser\u00e3o considerados suplentes, seguindo-se a ordem decrescente da vota\u00e7\u00e3o, sendo<br>permitida recondu\u00e7\u00f5es, nos termos da Lei Federal n\u00ba 13.824, de 09 de Maio de 2019.<br><\/p>\n\n\n\n<p><strong>2.3<\/strong> A fun\u00e7\u00e3o de conselheiro tutelar ser\u00e1 em regime de dedica\u00e7\u00e3o exclusiva, vedado o exerc\u00edcio<br>concomitante de qualquer outra atividade p\u00fablica ou privada, observado o disposto no<br>par\u00e1grafo terceiro do art. 24 da Lei Municipal n\u00ba 2.599\/2005 e suas altera\u00e7\u00f5es.<br><\/p>\n\n\n\n<p><strong>2.4<\/strong> Os conselheiros tutelares, no exerc\u00edcio do mandato, ser\u00e3o regidos pela Lei Municipal n\u00ba<br>2.599 de Julho de 2005 e, suas altera\u00e7\u00f5es e, pela Lei Federal n\u00ba 8.069, de 13 de Julho de 1990.<br><\/p>\n\n\n\n<p><strong>2.5<\/strong> O processo de escolha de conselheiros tutelares, regulamentado e conduzido pelo Conselho<br>Municipal dos Direitos da Crian\u00e7a e Adolescente \u2013 CMDCA compreender\u00e1 as seguintes fases:<br>a) registro da candidatura e an\u00e1lise da documenta\u00e7\u00e3o do habilitante, de car\u00e1ter eliminat\u00f3rio;<br>b) exame de conhecimento espec\u00edfico, de car\u00e1ter eliminat\u00f3rio;<br>c) avalia\u00e7\u00e3o psicol\u00f3gica, de car\u00e1ter eliminat\u00f3rio;<br>d) escolha dos candidatos, por meio de voto direto, secreto e facultativo;<br>e) curso de forma\u00e7\u00e3o, com participa\u00e7\u00e3o obrigat\u00f3ria.<\/p>\n\n\n\n<p><br><strong>2.6<\/strong> O CMDCA, no uso de suas atribui\u00e7\u00f5es, publicar\u00e1 quando necess\u00e1rio, editais espec\u00edficos no<br>Di\u00e1rio Oficial Eletr\u00f4nico do Munic\u00edpio, site da Prefeitura www.santaritadopassaquatro.sp.gov.br<br>e, sempre que poss\u00edvel por outros meios de publicidade no Munic\u00edpio, bem como no local de<br>inscri\u00e7\u00e3o, sobre as fases do processo de escolha de conselheiros tutelares.<\/p>\n\n\n\n<h2 class=\"wp-block-heading\">3 &#8211; DOS REQUISITOS PARA CANDIDATAR-SE \u00c0 FUN\u00c7\u00c3O DE CONSELHEIRO TUTELAR<\/h2>\n\n\n\n<p><strong>3.1<\/strong> Para a fun\u00e7\u00e3o de conselheiro tutelar os cidad\u00e3os devem atender os seguintes requisitos, em<br>conson\u00e2ncia com a Lei Municipal n\u00ba 2.599\/2005 e suas altera\u00e7\u00f5es e, Lei Federal n\u00ba 8.069, de 13<br>de Julho de 1990;<br>a) Reconhecida idoneidade moral e social comprovada por certid\u00e3o negativa de distribui\u00e7\u00f5es<br>civis e criminais;<br>b) Idade superior a 21 anos, provando atrav\u00e9s da apresenta\u00e7\u00e3o de original e c\u00f3pias da C\u00e9dula<br>de Identidade (RG) e do Cadastro de Pessoa F\u00edsica (CPF);<br>c) Forma\u00e7\u00e3o m\u00ednima no Ensino M\u00e9dio (C\u00f3pia do Certificado do ensino m\u00e9dio (2\u00ba grau) e\/ou<br>diploma de Curso Superior e\/ou Declara\u00e7\u00e3o de conclus\u00e3o de Curso Superior);<br>d) Resid\u00eancia no m\u00ednimo de dois anos no Munic\u00edpio (C\u00f3pia do comprovante de resid\u00eancia e<br>declara\u00e7\u00e3o de pr\u00f3prio punho);<br>e) Pleno gozo dos direitos pol\u00edticos;<br>f) Estar inscrito como eleitor desta Comarca de Santa Rita do Passa Quatro\/SP, perante a Justi\u00e7a<br>Eleitoral, estando quites com as obriga\u00e7\u00f5es eleitorais (C\u00f3pia do T\u00edtulo Eleitoral e c\u00f3pia do<br>comprovante da \u00faltima elei\u00e7\u00e3o ou justificativa do \u00faltimo pleito eleitoral);<br>g) Pr\u00e1tica de computa\u00e7\u00e3o;<br>h) Apresenta\u00e7\u00e3o de 01 (uma) foto tamanho 5 x 7 cm (preto e branco ou colorida), para gerar<br>imagem na urna, caso o processo ocorra atrav\u00e9s de urnas eletr\u00f4nicas.<\/p>\n\n\n\n<h2 class=\"wp-block-heading\">4 &#8211; DA JORNADA DE TRABALHO E REMUNERA\u00c7\u00c3O<\/h2>\n\n\n\n<p><strong>4.1<\/strong> Para o exerc\u00edcio da fun\u00e7\u00e3o, o conselheiro tutelar receber\u00e1 por meio da escala de vencimentos<br>dos servidores p\u00fablicos municipais na refer\u00eancia 20, sendo hoje o valor mensal de R$ 2.136,90<br>(Dois Mil, Cento e Trinta e Seis Reais e Noventa Centavos). E ainda far\u00e3o jus ao Vale Alimenta\u00e7\u00e3o<br>concedido a t\u00edtulo de \u201cPr\u00eamio Assiduidade\u201d, institu\u00eddo pela Lei n\u00ba. 2.304, de 23 de novembro de<br>1999, nos moldes e condi\u00e7\u00f5es dos servidores da Prefeitura Municipal de Santa Rita do Passa<br>Quatro;<\/p>\n\n\n\n<p><br><strong>4.2<\/strong> Os conselheiros tutelares dever\u00e3o cumprir jornada semanal de 40 (quarenta) horas<br>semanais, sem preju\u00edzo da realiza\u00e7\u00e3o de plant\u00f5es, nos termos do artigo 39 da Lei Municipal n\u00ba 2.599, de 18 de julho de 2005 e suas altera\u00e7\u00f5es e, e, Lei Federal n\u00ba 8.069, de 13 de Julho de<br>1990.<\/p>\n\n\n\n<h2 class=\"wp-block-heading\">5 &#8211; DAS ATRIBUI\u00c7\u00d5ES DO CONSELHO TUTELAR E DAS CARACTER\u00cdSTICAS DO CARGO<\/h2>\n\n\n\n<p><strong>5.1<\/strong> S\u00e3o suas atribui\u00e7\u00f5es: atender \u00e0s crian\u00e7as e adolescentes nas hip\u00f3teses previstas nos artigos.<br>98 e 105, aplicando as medidas previstas no art. 101, incisos I a IX, todos do Estatuto da Crian\u00e7a<br>e do Adolescente; atender e aconselhar os pais ou respons\u00e1veis, aplicando as medidas previstas<br>no art. 129, incisos I a VII. Promover a execu\u00e7\u00e3o de suas decis\u00f5es, podendo para tanto requisitar<br>servi\u00e7os p\u00fablicos nas \u00e1reas de sa\u00fade, educa\u00e7\u00e3o, assist\u00eancia social, previd\u00eancia, trabalho e<br>seguran\u00e7a; representar junto \u00e0 autoridade judici\u00e1ria nos casos de descumprimento injustificado<br>de suas delibera\u00e7\u00f5es; encaminhar ao Minist\u00e9rio P\u00fablico, not\u00edcia de fato que constitua infra\u00e7\u00e3o<br>administrativa ou penal contra os direitos da crian\u00e7a e do adolescente; encaminhar \u00e0 autoridade<br>judici\u00e1ria os casos de sua compet\u00eancia; providenciar a medida estabelecida pela autoridade<br>judici\u00e1ria, dentre as previstas no art. 10, incisos I a VI, para o adolescente autor de ato<br>infracional; expedir notifica\u00e7\u00f5es; requisitar certid\u00f5es de nascimento e de \u00f3bito de crian\u00e7a ou<br>adolescente, quando necess\u00e1rio; assessorar o poder executivo local na elabora\u00e7\u00e3o da proposta<br>or\u00e7ament\u00e1ria para planos e programas de atendimento dos direitos da crian\u00e7a e do adolescente;<br>representar, em nome da pessoa e da fam\u00edlia, contra a viola\u00e7\u00e3o dos direitos previstos no art.<br>220, \u00a7 3\u00ba, inciso II, da Constitui\u00e7\u00e3o Federal; representar ao Minist\u00e9rio p\u00fablico para efeito das<br>a\u00e7\u00f5es de suspens\u00e3o do p\u00e1trio poder.<\/p>\n\n\n\n<h2 class=\"wp-block-heading\">6 &#8211; DAS ETAPAS DO PROCESSO DE ESCOLHA<\/h2>\n\n\n\n<p><strong>6.1<\/strong> As etapas do processo de Escolha Unificada dever\u00e3o ser organizadas da seguinte forma:<br><strong>I \u2013 Primeira Etapa<\/strong>: Inscri\u00e7\u00f5es e entrega de documentos;<br><strong>II \u2013 Segunda Etapa<\/strong>: An\u00e1lise da documenta\u00e7\u00e3o exigida:<br><strong>III \u2013 Terceira Etapa<\/strong>: Exame de conhecimento espec\u00edfico<br><strong>IV \u2013 Quarta Etapa<\/strong>: Avalia\u00e7\u00e3o Psicol\u00f3gica;<br><strong>V \u2013 Quinta Etapa<\/strong>: Dia do Processo de Escolha em Data Unificada;<br><strong>VII \u2013 Sexta Etapa<\/strong>: Forma\u00e7\u00e3o Inicial;<br><strong>VIII \u2013 S\u00e9tima Etapa<\/strong>: Diploma\u00e7\u00e3o e Posse.<\/p>\n\n\n\n<h2 class=\"wp-block-heading\">7 &#8211; DA PRIMEIRA ETAPA: DA INSCRI\u00c7\u00c3O\/ ENTREGA DOS DOCUMENTOS<\/h2>\n\n\n\n<p><strong>7.1<\/strong>. A participa\u00e7\u00e3o no presente Processo de Escolha iniciar-se-\u00e1 pela inscri\u00e7\u00e3o;<br><\/p>\n\n\n\n<p><strong>7.2<\/strong>. A inscri\u00e7\u00e3o somente ser\u00e1 efetuada pessoalmente na Casa dos Conselhos situada \u00e0 Rua<br>Francisco Aberto Porf\u00edrio n\u00ba 125, Jardim S\u00e3o Vicente, Santa Rita do Passa Quatro &#8211; SP, de segunda<br>a sexta-feira, no per\u00edodo de 10 de Abril de 2023 a 28 de Abril de 2023, no hor\u00e1rio das 8h30min<br>\u00e0s 10h30min e das 14h \u00e0s 16h30min.<br><strong>7.3<\/strong>. As informa\u00e7\u00f5es prestadas na inscri\u00e7\u00e3o s\u00e3o de total responsabilidade do candidato.<br><\/p>\n\n\n\n<p><strong>7.4<\/strong>. Ap\u00f3s realizar a inscri\u00e7\u00e3o, o candidato dever\u00e1 apresentar na Casa dos Conselhos Municipais<br>original e c\u00f3pia dos documentos a seguir:<br>a) Certid\u00e3o negativa de distribui\u00e7\u00f5es civil e criminal;<br>b) Certid\u00e3o de antecedentes criminais expedidas pela Pol\u00edcia Civil;<br>c) C\u00e9dula de Identidade (RG);d) Cadastro de Pessoa F\u00edsica (CPF);<br>e) Certificado de Conclus\u00e3o do Ensino M\u00e9dio emitido por institui\u00e7\u00e3o de ensino reconhecida pelo<br>Minist\u00e9rio da Educa\u00e7\u00e3o (MEC);<br>f) Comprova\u00e7\u00e3o que reside no Munic\u00edpio de Santa Rita do Passa Quatro h\u00e1 mais de 2 (dois) anos,<br>por meio de contas de \u00e1gua, luz ou telefone, sendo uma emitida em per\u00edodo superior a 2(dois)<br>anos e outra inferior a 60(sessenta) dias;<br>g) T\u00edtulo de eleitor e comprovante de quita\u00e7\u00e3o com as obriga\u00e7\u00f5es eleitorais;<br>h) Declara\u00e7\u00e3o de pr\u00f3prio punho com pr\u00e1tica de computa\u00e7\u00e3o;<br>i) Declara\u00e7\u00e3o de disponibilidade para o exerc\u00edcio da fun\u00e7\u00e3o p\u00fablica de conselheiro tutelar com<br>dedica\u00e7\u00e3o exclusiva, sob pena das san\u00e7\u00f5es legais.<\/p>\n\n\n\n<h2 class=\"wp-block-heading\">8 &#8211; DA SEGUNDA ETAPA \u2013 AN\u00c1LISE DA DOCUMENTA\u00c7\u00c3O EXIGIDA<\/h2>\n\n\n\n<p><strong>8.1<\/strong>. O CMDCA, por meio de sua Comiss\u00e3o Eleitoral do CMDCA, proceder\u00e1 \u00e0 an\u00e1lise dos<br>documentos apresentados em conson\u00e2ncia com o disposto no item 7.4 do presente Edital,<br>seguida da publica\u00e7\u00e3o da rela\u00e7\u00e3o dos candidatos inscritos dentro do prazo previsto.<br><\/p>\n\n\n\n<p><strong>8.2 <\/strong>A an\u00e1lise dos documentos ser\u00e1 realizada no prazo de 05 (cinco) dias ap\u00f3s o encerramento<br>do prazo para recebimento da documenta\u00e7\u00e3o.<br><\/p>\n\n\n\n<p><strong>8.3 <\/strong>Caso o n\u00famero de pretendentes habilitados seja inferior a 10 (dez), o CMDCA poder\u00e1<br>suspender o tr\u00e2mite do processo de escolha e prorrogar o prazo para inscri\u00e7\u00e3o de novas<br>candidaturas, sem preju\u00edzo da garantia de posse dos novos conselheiros ao t\u00e9rmino do mandato<br>em curso, conforme disposi\u00e7\u00e3o do art. 13, \u00a71\u00ba da Resolu\u00e7\u00e3o n\u00ba 231\/2022 \u2013 CONANDA. Caso n\u00e3o<br>se atinja o n\u00famero m\u00ednimo de 10 (dez) pretendentes habilitados, realizar-se-\u00e1 o certame com o<br>n\u00famero de inscri\u00e7\u00f5es que houver.<\/p>\n\n\n\n<h2 class=\"wp-block-heading\">9 &#8211; DA IMPUGNA\u00c7\u00c3O \u00c0S CANDIDATURAS<\/h2>\n\n\n\n<p><strong>9.1 <\/strong>A partir da publica\u00e7\u00e3o da lista definitiva dos candidatos inscritos poder\u00e1 qualquer cidad\u00e3o,<br>acima de 18 (dezoito) anos e dotado de capacidade civil, requerer, em at\u00e9 05 (cinco) dias, ao<br>Conselho Municipal dos Direitos da Crian\u00e7a e do Adolescente a impugna\u00e7\u00e3o de candidaturas,<br>em peti\u00e7\u00e3o fundamentada.<\/p>\n\n\n\n<p><br><strong>9.2 <\/strong>O candidato que teve sua candidatura impugnada poder\u00e1 apresentar defesa no prazo de 4<br>(quatro) dias.<\/p>\n\n\n\n<p><br><strong>9.3 <\/strong>A Comiss\u00e3o Eleitoral do CMDCA analisar\u00e1 a defesa apresentada, podendo ouvir<br>testemunhas, determinar a juntada de documentos e realizar dilig\u00eancias, conforme art. 11, \u00a73\u00ba,<br>I e II, da Res. 231\/2022 do CONANDA.<\/p>\n\n\n\n<h2 class=\"wp-block-heading\">10 &#8211; DA TERCEIRA ETAPA \u2013 EXAME DE CONHECIMENTO ESPEC\u00cdFICO<\/h2>\n\n\n\n<p><strong>10.1 <\/strong>O exame de conhecimento espec\u00edfico consistir\u00e1 em prova objetiva de car\u00e1ter eliminat\u00f3rio,<br>aplicada por empresa contratada, com as seguintes regras:<br>a) Prova de conhecimentos gerais sobre legisla\u00e7\u00e3o nacional dos direitos da crian\u00e7a e do<br>adolescente (eliminat\u00f3ria), cujo conte\u00fado cobrado ser\u00e1 apenas a Lei Federal n\u00ba. 8069\/90 \u2013 ECA.<br>b) A prova conter\u00e1 20 (vinte) quest\u00f5es objetivas, sendo atribu\u00eddos 2,0 (dois) pontos para cada<br>quest\u00e3o, considerando-se habilitados os candidatos que obtiverem nota igual ou superior a 50%<br>(cinquenta por cento) da prova;<\/p>\n\n\n\n<p>c) A prova mencionada ser\u00e1 realizada em dia e local definidos oportunamente pela empresa<br>respons\u00e1vel pela aplica\u00e7\u00e3o da prova;<br>d) O candidato dever\u00e1 comparecer ao local designado para a realiza\u00e7\u00e3o da prova escrita,<br>observando o previsto em Edital Espec\u00edfico para a Prova de conhecimentos Espec\u00edficos.<\/p>\n\n\n\n<h2 class=\"wp-block-heading\">11 &#8211; DA QUARTA ETAPA \u2013 AVALIA\u00c7\u00c3O PSICOL\u00d3GICA<\/h2>\n\n\n\n<p>Data, hora e local a serem definidos oportunamente pela empresa respons\u00e1vel por esta etapa.<\/p>\n\n\n\n<h2 class=\"wp-block-heading\">12 &#8211; DA QUINTA ETAPA: DIA DO PROCESSO DE ESCOLHA EM DATA UNIFICADA<\/h2>\n\n\n\n<p><strong>13.1 <\/strong>O dia da escolha dos conselheiros ocorrer\u00e1 em data unificada em todo o territ\u00f3rio nacional:<br>01 de outubro de 2023, das 8h \u00e0s 17h.<br><\/p>\n\n\n\n<p><strong>13.2 <\/strong>O voto ser\u00e1 facultativo e secreto.<br><\/p>\n\n\n\n<p><strong>13.3 <\/strong>A divulga\u00e7\u00e3o dos locais de escolha ocorrer\u00e1 com anteced\u00eancia m\u00ednima de 20 dias da data<br>da escolha unificada e caber\u00e1 ao CMDCA fazer ampla divulga\u00e7\u00e3o dos locais, utilizando todos os<br>meios de comunica\u00e7\u00e3o poss\u00edveis.<br><\/p>\n\n\n\n<p><strong>13.4 <\/strong>O resultado do processo de escolha unificada ser\u00e1 publicado no dia 02 de outubro de 2023,<br>no Di\u00e1rio Oficial Eletr\u00f4nico do Munic\u00edpio, em jornal local e afixado na Casa dos Conselhos<br>Municipais.<\/p>\n\n\n\n<h2 class=\"wp-block-heading\">14 &#8211; DAS CONDUTAS VEDADAS<\/h2>\n\n\n\n<p><strong>14.1 <\/strong>No processo de escolha dos membros do Conselho Tutelar \u00e9 vedado ao candidato doar,<br>oferecer, prometer ou entregar ao eleitor bem ou vantagem pessoal de qualquer natureza,<br>inclusive brindes de pequeno valor.<br><\/p>\n\n\n\n<p><strong>14.2 <\/strong>Os candidatos poder\u00e3o fazer campanha e solicitar votos livremente, impedidos, por\u00e9m, tr\u00eas<br>dias antes do dia da elei\u00e7\u00e3o, por si ou prepostos, de fazer qualquer tipo de propaganda eleitoral.<br>No dia da elei\u00e7\u00e3o \u00e9 expressamente proibido qualquer tipo de propagandas em carros de som ou<br>outros instrumentos sonoros, assim como conduzir eleitores utilizando-se de ve\u00edculos pr\u00f3prios,<br>p\u00fablicos ou utilit\u00e1rios, n\u00e3o caracterizando como tal a carona em ve\u00edculos particulares entre<br>eleitores ou transporte p\u00fablico autorizado; bem como aquelas que possam configurar abuso do<br>poder econ\u00f4mico, sob pena de cassa\u00e7\u00e3o da candidatura.<br><\/p>\n\n\n\n<p><strong>14.3 <\/strong>O per\u00edodo de propaganda ter\u00e1 in\u00edcio a partir da data em que forem homologadas as<br>candidaturas, encerrando-se tr\u00eas dias antes da data marcada para a elei\u00e7\u00e3o.<br><\/p>\n\n\n\n<p><strong>14.4 <\/strong>No dia da elei\u00e7\u00e3o \u00e9 vedado qualquer tipo de propaganda ou boca de urna, sujeitando-se o<br>candidato que promov\u00ea-la \u00e0 cassa\u00e7\u00e3o de seu registro de candidatura em procedimento a ser<br>apurado pelo Minist\u00e9rio P\u00fablico e o Conselho Municipal dos Direitos da Crian\u00e7a e do<br>Adolescente.<br><\/p>\n\n\n\n<p><strong>14.5 <\/strong>Fica vedada a propaganda eleitoral que comente ou critique outro candidato, devendo a<br>mesma se restringir a solicitar o voto e ressaltar as qualidades e qualifica\u00e7\u00f5es do pr\u00f3prio<br>candidato para o exerc\u00edcio ao cargo pleiteado.<br><\/p>\n\n\n\n<p><strong>14.6 <\/strong>\u00c9 vedada a vincula\u00e7\u00e3o pol\u00edtico-partid\u00e1ria das candidaturas, inserindo no material de<br>propaganda ou inser\u00e7\u00f5es em m\u00eddia, de legendas de partidos pol\u00edticos, s\u00edmbolos, slogans, nomes<br>ou fotografias de pessoas ou em companhia delas que, direta ou indiretamente, denotem tais<br>vincula\u00e7\u00f5es.<\/p>\n\n\n\n<p><strong>14.7 <\/strong>\u00c9 vedado o uso de camisetas estampadas, pintura em ve\u00edculos, outdoors, pintura em muros<br>e placas de qualquer esp\u00e9cie com alus\u00e3o \u00e0 candidatura.<br><\/p>\n\n\n\n<p><strong>14.8 <\/strong>Al\u00e9m dessas, s\u00e3o consideradas condutas vedadas aquelas previstas na legisla\u00e7\u00e3o eleitoral,<br>no que for cab\u00edvel, com o intuito de evitar o abuso do poder pol\u00edtico, econ\u00f4mico, religioso,<br>institucional e dos meios de comunica\u00e7\u00e3o, dentre outros.<\/p>\n\n\n\n<h2 class=\"wp-block-heading\">15 &#8211; DA S\u00c9TIMA ETAPA \u2013 FORMA\u00c7\u00c3O INICIAL<\/h2>\n\n\n\n<p><strong>15.1<\/strong>. Esta etapa consiste na capacita\u00e7\u00e3o dos conselheiros tutelares, sendo obrigat\u00f3ria a<br>presen\u00e7a de todos os candidatos classificados, em no m\u00ednimo 75% da carga hor\u00e1ria ofertada, o<br>que ser\u00e1 confirmado atrav\u00e9s de lista de presen\u00e7a, sob pena de sua elimina\u00e7\u00e3o.<br><\/p>\n\n\n\n<p><strong>15.2 <\/strong>A divulga\u00e7\u00e3o do local para capacita\u00e7\u00e3o ocorrer\u00e1 com anteced\u00eancia m\u00ednima de 20 dias e<br>caber\u00e1 ao CMDCA fazer a convoca\u00e7\u00e3o, utilizando todos os meios de comunica\u00e7\u00e3o poss\u00edveis.<\/p>\n\n\n\n<h2 class=\"wp-block-heading\">16 &#8211; EMPATE<\/h2>\n\n\n\n<p><strong>16.1 <\/strong>Em caso de empate, ter\u00e1 prefer\u00eancia na classifica\u00e7\u00e3o, sucessivamente: o candidato que<br>obtiver maior nota no Exame de Conhecimento Espec\u00edfico; com maior tempo de experi\u00eancia na<br>\u00e1rea de estudo e pesquisa ou atendimento, de promo\u00e7\u00e3o, de prote\u00e7\u00e3o e defesa de direitos de<br>crian\u00e7as e adolescentes ou, persistindo o empate, o candidato com idade mais elevada.<\/p>\n\n\n\n<h2 class=\"wp-block-heading\">17 &#8211; DIVULGA\u00c7\u00c3O DO RESULTADO FINAL<\/h2>\n\n\n\n<p><strong>17.1 <\/strong>Ao final de todo o processo, a Comiss\u00e3o Eleitoral do CMDCA divulgar\u00e1 no dia 06\/10\/2023<br>o nome dos 5 (cinco) conselheiros tutelares eleitos e dos suplentes, seguindo a ordem<br>decrescente dos eleitos.<\/p>\n\n\n\n<h2 class=\"wp-block-heading\">18 &#8211; DOS RECURSOS<\/h2>\n\n\n\n<p><strong>18.1<\/strong>. Os recursos, devidamente fundamentados, dever\u00e3o ser dirigidos \u00e0 Comiss\u00e3o Eleitoral do<br>CMDCA e protocolados na Casa dos Conselhos situada \u00e0 Rua Francisco Aberto Porf\u00edrio n\u00ba 125,<br>Jardim S\u00e3o Vicente, Santa Rita do Passa Quatro &#8211; SP, respeitados os prazos estabelecidos neste<br>Edital;<\/p>\n\n\n\n<p><br><strong>18.2<\/strong>. Julgados os recursos, o resultado final ser\u00e1 homologado pela Comiss\u00e3o Eleitoral do<br>CMDCA;<\/p>\n\n\n\n<p><br><strong>18.3<\/strong>. A decis\u00e3o exarada nos recursos pela Comiss\u00e3o Eleitoral do CMDCA \u00e9 irrecorr\u00edvel na esfera<br>administrativa.<\/p>\n\n\n\n<h2 class=\"wp-block-heading\">19 &#8211; <strong>DA OITAVA ETAPA: DIPLOMA\u00c7\u00c3O E POSSE<\/strong><\/h2>\n\n\n\n<p><strong>19.1 <\/strong>A posse dos conselheiros tutelares titulares, dar-se-\u00e1 pelo Senhor Prefeito Municipal,<br>conforme previsto no par\u00e1grafo 2\u00ba do artigo 139 do Estatuto da Crian\u00e7a e do Adolescente (ECA).<\/p>\n\n\n\n<h2 class=\"wp-block-heading\">20 &#8211; DISPOSI\u00c7\u00d5ES FINAIS<\/h2>\n\n\n\n<p><strong>20.1<\/strong>. A inscri\u00e7\u00e3o do candidato implicar\u00e1 a aceita\u00e7\u00e3o das normas para o processo de escolha de<br>conselheiros tutelares contidas nos comunicados, neste edital e em outros a serem publicados.<br><\/p>\n\n\n\n<p><strong>20.2<\/strong>. \u00c9 de inteira responsabilidade do candidato acompanhar a publica\u00e7\u00e3o de todos os atos,<br>editais e comunicados referentes a este processo de escolha dos conselheiros tutelares.<br><\/p>\n\n\n\n<p><strong>20.3 <\/strong>Os casos omissos ser\u00e3o resolvidos pela Comiss\u00e3o Eleitoral do CMDCA, observadas as<br>normas legais contidas na Lei Federal n\u00ba 8.069\/90 e, suas altera\u00e7\u00f5es e, na Lei Municipal n\u00ba<br>2.599\/05 e suas altera\u00e7\u00f5es.<br><\/p>\n\n\n\n<p><strong>20.4<\/strong>. N\u00e3o ser\u00e3o dadas, por telefone, informa\u00e7\u00f5es sobre o processo de escolha dos membros do<br>conselho tutelar. O candidato dever\u00e1 observar rigorosamente os editais e os comunicados<br>divulgados.<br><\/p>\n\n\n\n<p><strong>20.5<\/strong>. O descumprimento dos dispositivos legais previstos neste Edital implicar\u00e1 na exclus\u00e3o do<br>candidato ao pleito.<\/p>\n\n\n\n<h2 class=\"has-text-align-center wp-block-heading\">CRONOGRAMA REFERENTE AO EDITAL N\u00ba 001\/2023<\/h2>\n\n\n\n<ol class=\"wp-block-list\">\n<li>Inscri\u00e7\u00f5es e entrega de documentos para Registro da Candidatura: 10\/04\/2023 \u00e0 28\/04\/2023<\/li>\n\n\n\n<li>Publica\u00e7\u00e3o da rela\u00e7\u00e3o dos candidatos inscritos: 08\/05\/2023<\/li>\n\n\n\n<li>Prazo para impugna\u00e7\u00e3o de candidatura: 08\/05\/2023 \u00e0 12\/05\/2023<\/li>\n\n\n\n<li>Notifica\u00e7\u00e3o dos Candidatos Impugnados: 15\/05\/2023 \u00e0 17\/05\/2023<\/li>\n\n\n\n<li>Apresenta\u00e7\u00e3o de defesa pelo candidato impugnado: 18\/05\/2023 \u00e0 23\/05\/2023<\/li>\n\n\n\n<li>An\u00e1lise e decis\u00e3o dos pedidos de impugna\u00e7\u00e3o: 24\/05\/2023 \u00e0 26\/05\/2023<\/li>\n\n\n\n<li>Interposi\u00e7\u00e3o de recursos: 29\/05\/2023 \u00e0 02\/06\/2023<\/li>\n\n\n\n<li>An\u00e1lise e decis\u00e3o dos recursos: 05\/06\/2023 \u00e0 07\/06\/2023<\/li>\n\n\n\n<li>Publica\u00e7\u00e3o do julgamento da impugna\u00e7\u00e3o pela comiss\u00e3o eleitoral: 12\/06\/2023<\/li>\n\n\n\n<li>Publica\u00e7\u00e3o da rela\u00e7\u00e3o dos candidatos habilitados: 13\/06\/2023<\/li>\n\n\n\n<li>Divulga\u00e7\u00e3o do local do Exame de Conhecimento Espec\u00edfico: data a ser definida<br>oportunamente por empresa respons\u00e1vel pela execu\u00e7\u00e3o desta etapa<\/li>\n\n\n\n<li>Exame de conhecimentos espec\u00edficos com car\u00e1ter eliminat\u00f3rio, contendo 20 quest\u00f5es de<br>car\u00e1ter objetivo sobre a Lei Federal n\u00ba 8.069\/90 e, suas altera\u00e7\u00f5es, considerando-se apto o<br>candidato que acertar no m\u00ednimo 50% da prova: data a ser definida oportunamente por empresa<br>respons\u00e1vel pela execu\u00e7\u00e3o desta etapa<\/li>\n\n\n\n<li>Publica\u00e7\u00e3o do gabarito do exame de conhecimentos espec\u00edficos: data a ser definida<br>oportunamente por empresa respons\u00e1vel pela execu\u00e7\u00e3o desta etapa<\/li>\n\n\n\n<li>Interposi\u00e7\u00e3o de Recursos: data a ser definida oportunamente por empresa respons\u00e1vel pela<br>execu\u00e7\u00e3o desta etapa<\/li>\n\n\n\n<li>Publica\u00e7\u00e3o da rela\u00e7\u00e3o dos candidatos habilitados ap\u00f3s recursos: data a ser definida<br>oportunamente por empresa respons\u00e1vel pela execu\u00e7\u00e3o desta etapa<\/li>\n\n\n\n<li>Avalia\u00e7\u00e3o Psicol\u00f3gica: data a ser definida oportunamente por empresa respons\u00e1vel pela<br>execu\u00e7\u00e3o desta etapa<\/li>\n\n\n\n<li>Publica\u00e7\u00e3o do resultado dos candidatos na avalia\u00e7\u00e3o psicol\u00f3gica: data a ser definida<br>oportunamente por empresa respons\u00e1vel pela execu\u00e7\u00e3o desta etapa<\/li>\n\n\n\n<li>Prazo para recurso: data a ser definida oportunamente por empresa respons\u00e1vel pela<br>execu\u00e7\u00e3o desta etapa<\/li>\n\n\n\n<li>Publica\u00e7\u00e3o da rela\u00e7\u00e3o dos candidatos habilitados em todas as etapas: data a ser definida<br>oportunamente<\/li>\n\n\n\n<li>Campanha dos candidatos: 28\/08\/2023 \u00e0 27\/09\/2023<\/li>\n\n\n\n<li>Divulga\u00e7\u00e3o dos locais do processo de escolha unificada: 30\/08\/2023<\/li>\n\n\n\n<li>Data do processo de escolha unificada: 01\/10\/2023<\/li>\n\n\n\n<li>Publica\u00e7\u00e3o do resultado do processo de escolha unificada: imediatamente ap\u00f3s a apura\u00e7\u00e3o<br>no site da Prefeitura www.santaritadopassaquatro.sp.gov.br e demais meios, no dia 02\/10\/2023<\/li>\n\n\n\n<li>Capacita\u00e7\u00e3o: a ser definida com anteced\u00eancia m\u00ednima de 20 (vinte) dias<\/li>\n\n\n\n<li>Divulga\u00e7\u00e3o do resultado final: 06\/10\/2023<\/li>\n\n\n\n<li>Diploma\u00e7\u00e3o e Posse: 10\/01\/2024<\/li>\n<\/ol>\n\n\n\n<p>Publique-se e cumpra-se.                 <\/p>\n\n\n\n<p class=\"has-text-align-right\">Santa Rita do Passa Quatro, 31 de Mar\u00e7o de 2023.<\/p>\n\n\n\n<p class=\"has-text-align-center\"><strong>Roberta Baston Lioni Bergo<br>Presidente do CMDCA<\/strong><\/p>\n\n\n\n<p class=\"has-text-align-center\"><br><strong>Cristiane Regina Camargo do Prado<br>Presidente da Comiss\u00e3o de Elei\u00e7\u00e3o do Conselho Tutela<\/strong>r<\/p>\n","protected":false},"excerpt":{"rendered":"<p>CONSELHO MUNICIPAL DOS DIREITOS DA CRIAN\u00c7A E DO ADOLESCENTE &#8211; CMDCAEDITAL N\u00ba 001, DE 31 DE MAR\u00c7O DE 2023PROCESSO DE<\/p>\n","protected":false},"author":3,"featured_media":8922,"comment_status":"closed","ping_status":"open","sticky":false,"template":"","format":"standard","meta":{"footnotes":""},"categories":[45,61,37,48,41,52,63],"tags":[143,144,141,142,72,118],"class_list":["post-8921","post","type-post","status-publish","format-standard","has-post-thumbnail","hentry","category-comunicado","category-comunicados-importantes","category-conselhos-municipais","category-featured","category-lins-uteis","category-latest","category-servicos-municipais","tag-cmdca","tag-comunicado","tag-conselho-tutelar","tag-edital","tag-santa-rita-do-passa-quatro","tag-ultimas-noticias-2"],"_links":{"self":[{"href":"https:\/\/www.santaritadopassaquatro.sp.gov.br\/portal\/wp-json\/wp\/v2\/posts\/8921","targetHints":{"allow":["GET"]}}],"collection":[{"href":"https:\/\/www.santaritadopassaquatro.sp.gov.br\/portal\/wp-json\/wp\/v2\/posts"}],"about":[{"href":"https:\/\/www.santaritadopassaquatro.sp.gov.br\/portal\/wp-json\/wp\/v2\/types\/post"}],"author":[{"embeddable":true,"href":"https:\/\/www.santaritadopassaquatro.sp.gov.br\/portal\/wp-json\/wp\/v2\/users\/3"}],"replies":[{"embeddable":true,"href":"https:\/\/www.santaritadopassaquatro.sp.gov.br\/portal\/wp-json\/wp\/v2\/comments?post=8921"}],"version-history":[{"count":4,"href":"https:\/\/www.santaritadopassaquatro.sp.gov.br\/portal\/wp-json\/wp\/v2\/posts\/8921\/revisions"}],"predecessor-version":[{"id":8967,"href":"https:\/\/www.santaritadopassaquatro.sp.gov.br\/portal\/wp-json\/wp\/v2\/posts\/8921\/revisions\/8967"}],"wp:featuredmedia":[{"embeddable":true,"href":"https:\/\/www.santaritadopassaquatro.sp.gov.br\/portal\/wp-json\/wp\/v2\/media\/8922"}],"wp:attachment":[{"href":"https:\/\/www.santaritadopassaquatro.sp.gov.br\/portal\/wp-json\/wp\/v2\/media?parent=8921"}],"wp:term":[{"taxonomy":"category","embeddable":true,"href":"https:\/\/www.santaritadopassaquatro.sp.gov.br\/portal\/wp-json\/wp\/v2\/categories?post=8921"},{"taxonomy":"post_tag","embeddable":true,"href":"https:\/\/www.santaritadopassaquatro.sp.gov.br\/portal\/wp-json\/wp\/v2\/tags?post=8921"}],"curies":[{"name":"wp","href":"https:\/\/api.w.org\/{rel}","templated":true}]}}