{"id":900,"date":"2019-03-01T15:13:51","date_gmt":"2019-03-01T18:13:51","guid":{"rendered":"http:\/\/www.santaritadopassaquatro.sp.gov.br\/portal\/?p=900"},"modified":"2019-03-01T15:13:51","modified_gmt":"2019-03-01T18:13:51","slug":"fundo-social-abre-inscricoes-para-curso-de-pedreiro","status":"publish","type":"post","link":"https:\/\/www.santaritadopassaquatro.sp.gov.br\/portal\/fundo-social-abre-inscricoes-para-curso-de-pedreiro\/","title":{"rendered":"Fundo Social abre inscri\u00e7\u00f5es para curso de pedreiro"},"content":{"rendered":"<p><strong><em>Aulas noturnas no Centro Profissionalizante come\u00e7am em mar\u00e7o <\/em><\/strong><\/p>\n<p>&nbsp;<\/p>\n<figure id=\"attachment_901\" aria-describedby=\"caption-attachment-901\" style=\"width: 300px\" class=\"wp-caption alignleft\"><img decoding=\"async\" class=\"wp-image-901 size-medium\" src=\"http:\/\/www.santaritadopassaquatro.sp.gov.br\/portal\/wp-content\/uploads\/2019\/03\/curso_pedreiro-300x225.jpg\" alt=\"\" width=\"300\" height=\"225\" srcset=\"https:\/\/www.santaritadopassaquatro.sp.gov.br\/portal\/wp-content\/uploads\/2019\/03\/curso_pedreiro-300x225.jpg 300w, https:\/\/www.santaritadopassaquatro.sp.gov.br\/portal\/wp-content\/uploads\/2019\/03\/curso_pedreiro-768x576.jpg 768w, https:\/\/www.santaritadopassaquatro.sp.gov.br\/portal\/wp-content\/uploads\/2019\/03\/curso_pedreiro-1024x768.jpg 1024w\" sizes=\"(max-width: 300px) 100vw, 300px\" \/><figcaption id=\"caption-attachment-901\" class=\"wp-caption-text\"><span style=\"font-size: 8pt; color: #999999;\"><strong><em>Alunos em edi\u00e7\u00f5es anteriores do curso de pedreiro do Fundo Social (Arquivo\/Divulga\u00e7\u00e3o)<\/em><\/strong><\/span><\/figcaption><\/figure>\n<p>O Fundo Social de Solidariedade, da Prefeitura Municipal de Santa Rita do Passa Quatro, est\u00e1 com inscri\u00e7\u00f5es abertas para o curso de pedreiro. Os interessados devem procurar o no Centro Profissionalizante Professora M\u00e1rcia de Souza Menegassi, que fica na rua Visconde do Rio Branco, 1135, Jardim 22 de Maio (antiga sede do Sesi). Para fazer a inscri\u00e7\u00e3o \u00e9 necess\u00e1rio ser maior de 18 anos e apresentar CPF, RG e comprovante de resid\u00eancia.<\/p>\n<p>O curso ir\u00e1 acontecer no Centro Profissionalizante no per\u00edodo de 18 de mar\u00e7o \u00e0 30 de junho e as aulas ser\u00e3o noturnas, das 19h \u00e0s 22 horas, de segunda a quarta-feira.<\/p>\n<p>Trata-se de mais um curso promovido pelo Fundo Social de Solidariedade do munic\u00edpio em busca de qualifica\u00e7\u00e3o profissional. Em fevereiro, iniciaram as aulas do curso de eletricista instalador, em parceria com o Senai-SP, para mais uma turma.<\/p>\n<p>&nbsp;<\/p>\n<p>&nbsp;<\/p>\n","protected":false},"excerpt":{"rendered":"<p>Aulas noturnas no Centro Profissionalizante come\u00e7am em mar\u00e7o &nbsp; O Fundo Social de Solidariedade, da Prefeitura Municipal de Santa Rita<\/p>\n","protected":false},"author":1,"featured_media":901,"comment_status":"closed","ping_status":"open","sticky":false,"template":"","format":"standard","meta":{"footnotes":""},"categories":[43,48,56],"tags":[],"class_list":["post-900","post","type-post","status-publish","format-standard","has-post-thumbnail","hentry","category-assistenciasocial","category-featured","category-oportunidade"],"_links":{"self":[{"href":"https:\/\/www.santaritadopassaquatro.sp.gov.br\/portal\/wp-json\/wp\/v2\/posts\/900","targetHints":{"allow":["GET"]}}],"collection":[{"href":"https:\/\/www.santaritadopassaquatro.sp.gov.br\/portal\/wp-json\/wp\/v2\/posts"}],"about":[{"href":"https:\/\/www.santaritadopassaquatro.sp.gov.br\/portal\/wp-json\/wp\/v2\/types\/post"}],"author":[{"embeddable":true,"href":"https:\/\/www.santaritadopassaquatro.sp.gov.br\/portal\/wp-json\/wp\/v2\/users\/1"}],"replies":[{"embeddable":true,"href":"https:\/\/www.santaritadopassaquatro.sp.gov.br\/portal\/wp-json\/wp\/v2\/comments?post=900"}],"version-history":[{"count":0,"href":"https:\/\/www.santaritadopassaquatro.sp.gov.br\/portal\/wp-json\/wp\/v2\/posts\/900\/revisions"}],"wp:featuredmedia":[{"embeddable":true,"href":"https:\/\/www.santaritadopassaquatro.sp.gov.br\/portal\/wp-json\/wp\/v2\/media\/901"}],"wp:attachment":[{"href":"https:\/\/www.santaritadopassaquatro.sp.gov.br\/portal\/wp-json\/wp\/v2\/media?parent=900"}],"wp:term":[{"taxonomy":"category","embeddable":true,"href":"https:\/\/www.santaritadopassaquatro.sp.gov.br\/portal\/wp-json\/wp\/v2\/categories?post=900"},{"taxonomy":"post_tag","embeddable":true,"href":"https:\/\/www.santaritadopassaquatro.sp.gov.br\/portal\/wp-json\/wp\/v2\/tags?post=900"}],"curies":[{"name":"wp","href":"https:\/\/api.w.org\/{rel}","templated":true}]}}