{"id":9024,"date":"2023-04-27T14:24:01","date_gmt":"2023-04-27T17:24:01","guid":{"rendered":"https:\/\/www.santaritadopassaquatro.sp.gov.br\/portal\/?p=9024"},"modified":"2023-04-27T14:24:02","modified_gmt":"2023-04-27T17:24:02","slug":"assembleia-geral-ordinaria-2023","status":"publish","type":"post","link":"https:\/\/www.santaritadopassaquatro.sp.gov.br\/portal\/assembleia-geral-ordinaria-2023\/","title":{"rendered":"ASSEMBLEIA GERAL ORDIN\u00c1RIA &#8211; 2023"},"content":{"rendered":"\n<p>Edital de Convoca\u00e7\u00e3o para a Assembleia Geral Ordin\u00e1ria do Conselho Deliberativo da Escola Municipal de Educa\u00e7\u00e3o Infantil Creche &#8220;Ana Mardegan Scorsolini&#8221;<\/p>\n\n\n\n<div data-wp-interactive=\"core\/file\" class=\"wp-block-file\"><object data-wp-bind--hidden=\"!state.hasPdfPreview\" hidden class=\"wp-block-file__embed\" data=\"https:\/\/www.santaritadopassaquatro.sp.gov.br\/portal\/wp-content\/uploads\/2023\/04\/Convocacao-para-Assembleia-Ana-Mardegan.pdf\" type=\"application\/pdf\" style=\"width:100%;height:600px\" aria-label=\"Incorporado de Convocacao-para-Assembleia-Ana-Mardegan.\"><\/object><a id=\"wp-block-file--media-5a11b9d9-59ba-48b9-af4b-f149597051c6\" href=\"https:\/\/www.santaritadopassaquatro.sp.gov.br\/portal\/wp-content\/uploads\/2023\/04\/Convocacao-para-Assembleia-Ana-Mardegan.pdf\">Convocacao-para-Assembleia-Ana-Mardegan<\/a><a href=\"https:\/\/www.santaritadopassaquatro.sp.gov.br\/portal\/wp-content\/uploads\/2023\/04\/Convocacao-para-Assembleia-Ana-Mardegan.pdf\" class=\"wp-block-file__button wp-element-button\" download aria-describedby=\"wp-block-file--media-5a11b9d9-59ba-48b9-af4b-f149597051c6\">Baixar<\/a><\/div>\n\n\n\n<p><strong>ASSOCIA\u00c7\u00c3O DE PAIS E MESTRES DA ESCOLA MUNICIPAL DE EDUCA\u00c7\u00c3O INFANTIL<\/strong><\/p>\n\n\n\n<p><strong>CRECHE \u201cANA MARDEGAN SCORSOLINI\u201d<\/strong><\/p>\n\n\n\n<p><strong>CNPJ 25.007.497\/0001-09<\/strong><\/p>\n\n\n\n<p><strong>RUA CAETANO BARIONI, N\u00ba. 372 \u2013 BAIRRO SANTA MARIA<\/strong><\/p>\n\n\n\n<p><strong>SANTA RITA DO PASSA QUATRO\/SP \u2013 CEP 13670-000<\/strong><\/p>\n\n\n\n<h2 class=\"wp-block-heading\"><strong>EDITAL DE CONVOCA\u00c7\u00c3O<\/strong><\/h2>\n\n\n\n<h2 class=\"wp-block-heading\"><strong>ASSEMBLEIA GERAL ORDIN\u00c1RIA<\/strong><\/h2>\n\n\n\n<p>A Presidente do Conselho Deliberativo da Escola Municipal de Educa\u00e7\u00e3o Infantil Creche \u201cAna Mardegan Scorsolini\u201d JOANA D\u2019ARC CORREA DA SILVA ALVARES, convoca todos os associados da APM para comparecerem \u00e0 Assembleia Geral Ordin\u00e1ria que far\u00e1 realizar na sede da Associa\u00e7\u00e3o, situada a Rua Caetano Barioni, n\u00ba. 372 \u2013Bairro Santa Maria\u2013 na cidade de Santa Rita do Passa Quatro, Estado de S\u00e3o Paulo, no dia 28 (vinte e oito) de abril de 2023, em primeira convoca\u00e7\u00e3o \u00e0s 19 horas, com a presen\u00e7a de mais da metade dos s\u00f3cios, ou, em segunda convoca\u00e7\u00e3o, \u00e1s 19horas e 30 minutos com qualquer n\u00famero de associados, para tratar da seguinte:<\/p>\n\n\n\n<p><strong>ORDEM DO DIA<\/strong><\/p>\n\n\n\n<p>1 \u2013 Elei\u00e7\u00e3o dos membros do Conselho Deliberativo, do Conselho fiscal e da Diretoria Executiva.<\/p>\n\n\n\n<p>Santa Rita do Passa Quatro, 20 de abril de 2023.<\/p>\n\n\n\n<p>Joana D\u2019Arc Correa da Silva Alvarez<\/p>\n\n\n\n<p>&nbsp;Presidente do Conselho Deliberativo<\/p>\n","protected":false},"excerpt":{"rendered":"<p>Edital de Convoca\u00e7\u00e3o para a Assembleia Geral Ordin\u00e1ria do Conselho Deliberativo da Escola Municipal de Educa\u00e7\u00e3o Infantil Creche &#8220;Ana Mardegan<\/p>\n","protected":false},"author":3,"featured_media":9027,"comment_status":"closed","ping_status":"open","sticky":false,"template":"","format":"standard","meta":{"footnotes":""},"categories":[45,61,48,28],"tags":[68,64,72,118],"class_list":["post-9024","post","type-post","status-publish","format-standard","has-post-thumbnail","hentry","category-comunicado","category-comunicados-importantes","category-featured","category-educacao","tag-educacao","tag-santa-rita","tag-santa-rita-do-passa-quatro","tag-ultimas-noticias-2"],"_links":{"self":[{"href":"https:\/\/www.santaritadopassaquatro.sp.gov.br\/portal\/wp-json\/wp\/v2\/posts\/9024","targetHints":{"allow":["GET"]}}],"collection":[{"href":"https:\/\/www.santaritadopassaquatro.sp.gov.br\/portal\/wp-json\/wp\/v2\/posts"}],"about":[{"href":"https:\/\/www.santaritadopassaquatro.sp.gov.br\/portal\/wp-json\/wp\/v2\/types\/post"}],"author":[{"embeddable":true,"href":"https:\/\/www.santaritadopassaquatro.sp.gov.br\/portal\/wp-json\/wp\/v2\/users\/3"}],"replies":[{"embeddable":true,"href":"https:\/\/www.santaritadopassaquatro.sp.gov.br\/portal\/wp-json\/wp\/v2\/comments?post=9024"}],"version-history":[{"count":1,"href":"https:\/\/www.santaritadopassaquatro.sp.gov.br\/portal\/wp-json\/wp\/v2\/posts\/9024\/revisions"}],"predecessor-version":[{"id":9028,"href":"https:\/\/www.santaritadopassaquatro.sp.gov.br\/portal\/wp-json\/wp\/v2\/posts\/9024\/revisions\/9028"}],"wp:featuredmedia":[{"embeddable":true,"href":"https:\/\/www.santaritadopassaquatro.sp.gov.br\/portal\/wp-json\/wp\/v2\/media\/9027"}],"wp:attachment":[{"href":"https:\/\/www.santaritadopassaquatro.sp.gov.br\/portal\/wp-json\/wp\/v2\/media?parent=9024"}],"wp:term":[{"taxonomy":"category","embeddable":true,"href":"https:\/\/www.santaritadopassaquatro.sp.gov.br\/portal\/wp-json\/wp\/v2\/categories?post=9024"},{"taxonomy":"post_tag","embeddable":true,"href":"https:\/\/www.santaritadopassaquatro.sp.gov.br\/portal\/wp-json\/wp\/v2\/tags?post=9024"}],"curies":[{"name":"wp","href":"https:\/\/api.w.org\/{rel}","templated":true}]}}