{"id":9043,"date":"2023-05-04T13:23:28","date_gmt":"2023-05-04T16:23:28","guid":{"rendered":"https:\/\/www.santaritadopassaquatro.sp.gov.br\/portal\/?p=9043"},"modified":"2023-05-04T13:23:30","modified_gmt":"2023-05-04T16:23:30","slug":"prefeito-apresenta-programa-amigo-dos-animais-ofercendo-mais-seguranca-conforto-e-dignidade-aos-animais","status":"publish","type":"post","link":"https:\/\/www.santaritadopassaquatro.sp.gov.br\/portal\/prefeito-apresenta-programa-amigo-dos-animais-ofercendo-mais-seguranca-conforto-e-dignidade-aos-animais\/","title":{"rendered":"PREFEITO APRESENTA PROGRAMA AMIGO DOS ANIMAIS, OFERCENDO MAIS SEGURAN\u00c7A, CONFORTO E DIGNIDADE AOS ANIMAIS"},"content":{"rendered":"\n<p>O Centro Cultural Gov. M\u00e1rio Covas foi palco da apresenta\u00e7\u00e3o do Programa \u201cAmigo dos Animais\u201d, apresentado pelo Prefeito Marcelo Sim\u00e3o. Uma s\u00e9rie de a\u00e7\u00f5es foram trazidas ao p\u00fablico presente, que teve representantes de organiza\u00e7\u00f5es n\u00e3o-governamentais que prestam servi\u00e7os de acolhimento e cuidados animal, como a \u201cBicho Sem Teto\u201d e Alkimia, al\u00e9m dos vereadores Gilberto Bentlin Junior (Verdun) e Amadeu Louren\u00e7o.<\/p>\n\n\n\n<p>O Chefe de Gabinete da Prefeitura, Ronaldo Barioni Eluf indicou que algumas a\u00e7\u00f5es t\u00eam in\u00edcio imediato e outras ser\u00e3o projetos que precisar\u00e3o ser aprovados na C\u00e2mara Municipal.<\/p>\n\n\n\n<p><strong>COMBATE AOS MAUS TRATOS<\/strong><\/p>\n\n\n\n<p>O Prefeito Marcelo Sim\u00e3o enviar\u00e1 um Projeto de Lei para aprova\u00e7\u00e3o da C\u00e2mara Municipal que determinar\u00e1 o pagamento de multa aos atos de crueldade cometidos contra animais. Ser\u00e3o considerados maus tratos falta de condi\u00e7\u00f5es adequadas como alojamento, alimenta\u00e7\u00e3o, higiene, sa\u00fade e bem-estar, animais presos em correntes, cordas curtas ou espa\u00e7os pequenos que lhes impe\u00e7am respira\u00e7\u00e3o, movimenta\u00e7\u00e3o ou descanso, privando-os de luz. As multas podem chegar a 10 mil reais.<\/p>\n\n\n\n<p><strong>LAR TEMPOR\u00c1RIO<\/strong><\/p>\n\n\n\n<p>Outra lei que ser\u00e1 apresentada \u00e0 C\u00e2mara Municipal permitir\u00e1 o Centro de Zoonoses criar um banco de dados de \u201cLares Tempor\u00e1rios\u201d, cadastrando mun\u00edcipes que se disp\u00f5em a abrigar animais abandonados ou que sofreram maus tratos, recolhidos pelo Setor de Zoonoses. A fam\u00edlia ou indiv\u00edduo que abrigar um animal poder\u00e1 solicitar o \u201cAux\u00edlio Lar tempor\u00e1rio\u201d no valor de R$ 100,00.<\/p>\n\n\n\n<p>O crit\u00e9rio para o acolhimento tempor\u00e1rio ser\u00e1 avaliado pelo Setor de Zoonoses, n\u00e3o sendo permitida a disposi\u00e7\u00e3o de mais indiv\u00edduos do que comporte o espa\u00e7o disponibilizado pelo Lar tempor\u00e1rio.<\/p>\n\n\n\n<p><strong>BANCO DE RA\u00c7\u00c3O E UTENS\u00cdLIOS PARA ANIMAIS<\/strong><\/p>\n\n\n\n<p>Ser\u00e1 criado no munic\u00edpio, um \u201cBanco de Ra\u00e7\u00e3o e Utens\u00edlios\u201d para apoiar organiza\u00e7\u00f5es, como \u201cBicho Sem-Teto\u201d, Conselho de Prote\u00e7\u00e3o Animal e protetores individuais, que armazenar\u00e1 ra\u00e7\u00e3o, utens\u00edlios, roupas cir\u00fargicas, colares elisabetanos e rem\u00e9dios, provenientes de doa\u00e7\u00f5es ou apreens\u00f5es. A distribui\u00e7\u00e3o da ra\u00e7\u00e3o e dos utens\u00edlios coletados poder\u00e1 ser feita diretamente pelo Setor de Zoonoses do munic\u00edpio ou por entidades, organiza\u00e7\u00f5es n\u00e3o-governamentais, associa\u00e7\u00f5es ou protetores independentes previamente cadastrados.<\/p>\n\n\n\n<p><strong>SELO AMIGO DOS ANIMAIS<\/strong><\/p>\n\n\n\n<p>O Programa \u201cAmigo dos Animais\u201d visa coordenar a\u00e7\u00f5es de pol\u00edticas p\u00fablicas voltadas \u00e0 sa\u00fade, prote\u00e7\u00e3o, defesa e bem-estar dos animais dom\u00e9sticos e domesticados. O programa ser\u00e1 feito em conjunto com o Conselho de Prote\u00e7\u00e3o Animal, e promover\u00e1 campanhas de castra\u00e7\u00e3o, a capacita\u00e7\u00e3o de educadores ambientais, agentes de sa\u00fade e agentes de fiscaliza\u00e7\u00e3o para a difus\u00e3o e atua\u00e7\u00e3o de pol\u00edtica de prote\u00e7\u00e3o animal.<\/p>\n\n\n\n<p>I<strong>DENTIFICA\u00c7\u00c3O ELETR\u00d4NICA DE ANIMAIS ATRAV\u00c9S DE MICROCHIP<\/strong><\/p>\n\n\n\n<p>A Prefeitura realizar\u00e1 a\u00e7\u00f5es para rastrear todos os animais abandonados do munic\u00edpio, com a implanta\u00e7\u00e3o de microchip\u00b4s, um sistema eletr\u00f4nico, do tamanho de um gr\u00e3o de arroz, que \u00e9 implantado sob a pele do animal. Nele, consta um c\u00f3digo exclusivo e inalter\u00e1vel com todas as informa\u00e7\u00f5es de identifica\u00e7\u00e3o do animal.<\/p>\n\n\n\n<p><strong>CREDENCIAMENTO DE CL\u00cdNICAS VETERIN\u00c1RIAS PARA ATENDIMENTO \u00c0S FAM\u00cdLIAS DE BAIXA RENDA<\/strong><\/p>\n\n\n\n<p>A Prefeitura est\u00e1 realizando o credenciamento para atendimentos de urg\u00eancia e emerg\u00eancia de forma gratuita para animais de fam\u00edlias de baixa renda, cadastradas no Departamento de Promo\u00e7\u00e3o e Assist\u00eancia Social, com crit\u00e9rios avaliados pelo Setor de Zoonoses.<\/p>\n\n\n\n<p><strong>PET CONTAINER<\/strong><\/p>\n\n\n\n<p>Santa Rita do Passa Quatro foi contemplado pelo Governo Estadual com a implanta\u00e7\u00e3o do \u201cPet Container\u201d, desde o final de 2021, j\u00e1 possui todas as instala\u00e7\u00f5es el\u00e9tricas e hidr\u00e1ulicas prontas para a instala\u00e7\u00e3o no Jardim Boa Vista, por\u00e9m, a empresa vencedora da licita\u00e7\u00e3o do Governo Estadual n\u00e3o cumpriu com suas obriga\u00e7\u00f5es. O Prefeito Marcelo Sim\u00e3o foi informado pelo Secret\u00e1rio de Governo do Estado de S\u00e3o Paulo, Gilberto Kassab, que outro processo licitat\u00f3rio est\u00e1 sendo realizado para garantir a entrega do Container. Este Programa foi lan\u00e7ado para atender principalmente aqueles que t\u00eam seus animais, mas que n\u00e3o conseguem arcar com as despesas de atendimento m\u00e9dico veterin\u00e1rio.<\/p>\n\n\n\n<p><strong>CL\u00cdNICA VETERIN\u00c1RIA POPULAR<\/strong><\/p>\n\n\n\n<p>Al\u00e9m do \u201cPet Container\u201d e do credenciamento de cl\u00ednicas veterin\u00e1rias do munic\u00edpio, o Prefeito Marcelo Sim\u00e3o reafirmou o compromisso de campanha de construir a Cl\u00ednica Veterin\u00e1ria Popular, que atender\u00e1 animais para fam\u00edlia de baixa renda de forma gratuita.<\/p>\n\n\n\n<p><strong>CASTRAM\u00d3VEL<\/strong><\/p>\n\n\n\n<p>O prefeito afirmou que o \u201cCastram\u00f3vel\u201d est\u00e1 sendo completamente equipado para realizar campanhas de castra\u00e7\u00e3o gratuitas em animais abandonados e de fam\u00edlias de baixa renda. Foi confirmado que dentro de alguns dias, ser\u00e1 realizado a primeira campanha de castra\u00e7\u00e3o.<\/p>\n\n\n\n<p><strong>SELO AMIGO DOS ANIMAIS<\/strong><\/p>\n\n\n\n<p>Ser\u00e1 criado um Selo \u201cAmigo dos Animais\u201d para todas as empresas e indiv\u00edduos que contribua de alguma forma com o bem-estar dos animais abandonados ou que esteja abrigado em ONG\u2019s. O selo poder\u00e1 ser impresso e divulgado em a\u00e7\u00f5es dos com\u00e9rcios, garantindo assim que todos saibam que a empresa faz parte de um grupo de acolhimento e suporte dos animais.<\/p>\n\n\n\n<p><strong>REPASSE PARA ONG BICHO SEM TETO<\/strong><\/p>\n\n\n\n<p>Membros da organiza\u00e7\u00e3o n\u00e3o-governamental \u201cBicho Sem Teto\u201d esteviveram presentes na apresenta\u00e7\u00e3o do programa e foram informados pelo Prefeito Marcelo Sim\u00e3o que todo plano de trabalho desenvolvido pela organiza\u00e7\u00e3o ser\u00e1 apoiado pela Prefeitura. Ao longo de 2023, a organiza\u00e7\u00e3o ter\u00e1 um repasse de R$ 88.600,00 do poder executivo, al\u00e9m de duas emendas impositivas de 20 MIL REAIS cada, sendo uma do Vereador Gilberto Bentlin Junior (Verdun) e outra do Vereador Fl\u00e1vio Per\u00f3n. Segundo estimativa do Prefeito, ser\u00e3o mais de 400 MIL REAIS investidos na causa animal em um ano.<\/p>\n","protected":false},"excerpt":{"rendered":"<p>O Centro Cultural Gov. M\u00e1rio Covas foi palco da apresenta\u00e7\u00e3o do Programa \u201cAmigo dos Animais\u201d, apresentado pelo Prefeito Marcelo Sim\u00e3o.<\/p>\n","protected":false},"author":3,"featured_media":9050,"comment_status":"closed","ping_status":"open","sticky":false,"template":"","format":"standard","meta":{"footnotes":""},"categories":[44,47,48,49,52,18,57],"tags":[151,152,72,69],"class_list":["post-9043","post","type-post","status-publish","format-standard","has-post-thumbnail","hentry","category-cidades","category-desenvovimento","category-featured","category-diversos","category-latest","category-top-stories","category-politics","tag-causa-animal","tag-programa-amigo-dos-animais","tag-santa-rita-do-passa-quatro","tag-ultimas-noticias"],"_links":{"self":[{"href":"https:\/\/www.santaritadopassaquatro.sp.gov.br\/portal\/wp-json\/wp\/v2\/posts\/9043","targetHints":{"allow":["GET"]}}],"collection":[{"href":"https:\/\/www.santaritadopassaquatro.sp.gov.br\/portal\/wp-json\/wp\/v2\/posts"}],"about":[{"href":"https:\/\/www.santaritadopassaquatro.sp.gov.br\/portal\/wp-json\/wp\/v2\/types\/post"}],"author":[{"embeddable":true,"href":"https:\/\/www.santaritadopassaquatro.sp.gov.br\/portal\/wp-json\/wp\/v2\/users\/3"}],"replies":[{"embeddable":true,"href":"https:\/\/www.santaritadopassaquatro.sp.gov.br\/portal\/wp-json\/wp\/v2\/comments?post=9043"}],"version-history":[{"count":1,"href":"https:\/\/www.santaritadopassaquatro.sp.gov.br\/portal\/wp-json\/wp\/v2\/posts\/9043\/revisions"}],"predecessor-version":[{"id":9054,"href":"https:\/\/www.santaritadopassaquatro.sp.gov.br\/portal\/wp-json\/wp\/v2\/posts\/9043\/revisions\/9054"}],"wp:featuredmedia":[{"embeddable":true,"href":"https:\/\/www.santaritadopassaquatro.sp.gov.br\/portal\/wp-json\/wp\/v2\/media\/9050"}],"wp:attachment":[{"href":"https:\/\/www.santaritadopassaquatro.sp.gov.br\/portal\/wp-json\/wp\/v2\/media?parent=9043"}],"wp:term":[{"taxonomy":"category","embeddable":true,"href":"https:\/\/www.santaritadopassaquatro.sp.gov.br\/portal\/wp-json\/wp\/v2\/categories?post=9043"},{"taxonomy":"post_tag","embeddable":true,"href":"https:\/\/www.santaritadopassaquatro.sp.gov.br\/portal\/wp-json\/wp\/v2\/tags?post=9043"}],"curies":[{"name":"wp","href":"https:\/\/api.w.org\/{rel}","templated":true}]}}