{"id":906,"date":"2019-03-01T15:20:07","date_gmt":"2019-03-01T18:20:07","guid":{"rendered":"http:\/\/www.santaritadopassaquatro.sp.gov.br\/portal\/?p=906"},"modified":"2019-03-01T15:20:07","modified_gmt":"2019-03-01T18:20:07","slug":"santacarnafolia-2018-comeca-o-carnaval-da-familia-e-do-turismo","status":"publish","type":"post","link":"https:\/\/www.santaritadopassaquatro.sp.gov.br\/portal\/santacarnafolia-2018-comeca-o-carnaval-da-familia-e-do-turismo\/","title":{"rendered":"SANTACARNAFOLIA 2018 &#8211;\u00a0Come\u00e7a o carnaval da fam\u00edlia e do turismo"},"content":{"rendered":"<p><strong><em>Organizado pelo Departamento Municipal de Turismo, evento acontece a partir do s\u00e1bado na pra\u00e7a Poeta Mario Mattoso e traz de volta a magia da marchinhas<\/em><\/strong><\/p>\n<p><strong><em>Inciativa privada, #De Volta Atr\u00e1s Do Trio ter\u00e1 renda revertida \u00e0 Santa Casa de Miseric\u00f3rdia santa-ritense<\/em><\/strong><\/p>\n<p>&nbsp;<\/p>\n<figure id=\"attachment_908\" aria-describedby=\"caption-attachment-908\" style=\"width: 300px\" class=\"wp-caption alignleft\"><img decoding=\"async\" class=\"wp-image-908 size-medium\" src=\"http:\/\/www.santaritadopassaquatro.sp.gov.br\/portal\/wp-content\/uploads\/2019\/03\/carnaval_estrutura01-300x200.jpg\" alt=\"\" width=\"300\" height=\"200\" srcset=\"https:\/\/www.santaritadopassaquatro.sp.gov.br\/portal\/wp-content\/uploads\/2019\/03\/carnaval_estrutura01-300x200.jpg 300w, https:\/\/www.santaritadopassaquatro.sp.gov.br\/portal\/wp-content\/uploads\/2019\/03\/carnaval_estrutura01-768x512.jpg 768w, https:\/\/www.santaritadopassaquatro.sp.gov.br\/portal\/wp-content\/uploads\/2019\/03\/carnaval_estrutura01-1024x683.jpg 1024w\" sizes=\"(max-width: 300px) 100vw, 300px\" \/><figcaption id=\"caption-attachment-908\" class=\"wp-caption-text\"><span style=\"font-size: 8pt; color: #999999;\"><strong><em>Estrutura sendo montada na Pra\u00e7a Poeta Mario Mattoso para o Santacarnafolia 2019 (AssCom\/Divulga\u00e7\u00e3o)<\/em><\/strong><\/span><\/figcaption><\/figure>\n<p>Santa Rita do Passa Quatro \u00e9 sempre um dos destinos mais procurados pelo p\u00fablico da regi\u00e3o durante o Carnaval. A principal atra\u00e7\u00e3o na Est\u00e2ncia \u00e9 o Santacarnafolia, promovido pela Prefeitura Municipal, atrav\u00e9s do Departamento de Cultura e Turismo.<\/p>\n<p>Com entrada gratuita, o evento acontece nos dias 2, 3 4 e 5 de mar\u00e7o (s\u00e1bado \u00e0 ter\u00e7a-feira), \u00e0 partir das 17 horas, com t\u00e9rmino previsto para \u00e0s 23 horas, no s\u00e1bado, domingo e segunda-feira, e \u00e0s 22 horas, na ter\u00e7a-feira.<\/p>\n<p>Al\u00e9m de conforto e seguran\u00e7a, o Santacarnafolia 2019 promove uma verdadeira volta ao passado, com a magia das antigas marchinhas. A anima\u00e7\u00e3o ser\u00e1 da banda Canossiasom e m\u00fasicos convidados, que v\u00e3o tocar ao vivo todo um repert\u00f3rio que inclui, al\u00e9m das marchinhas, m\u00fasicas infantis, nas primeiras horas da festa. Depois, a banda ir\u00e1 apresentar as novidades do ano e os diversos estilos musicais que animam os carnavais em todo Brasil.<\/p>\n<figure id=\"attachment_907\" aria-describedby=\"caption-attachment-907\" style=\"width: 300px\" class=\"wp-caption alignright\"><img decoding=\"async\" class=\"wp-image-907 size-medium\" src=\"http:\/\/www.santaritadopassaquatro.sp.gov.br\/portal\/wp-content\/uploads\/2019\/03\/carnaval_estrutura-300x200.jpg\" alt=\"\" width=\"300\" height=\"200\" srcset=\"https:\/\/www.santaritadopassaquatro.sp.gov.br\/portal\/wp-content\/uploads\/2019\/03\/carnaval_estrutura-300x200.jpg 300w, https:\/\/www.santaritadopassaquatro.sp.gov.br\/portal\/wp-content\/uploads\/2019\/03\/carnaval_estrutura-768x512.jpg 768w, https:\/\/www.santaritadopassaquatro.sp.gov.br\/portal\/wp-content\/uploads\/2019\/03\/carnaval_estrutura-1024x683.jpg 1024w\" sizes=\"(max-width: 300px) 100vw, 300px\" \/><figcaption id=\"caption-attachment-907\" class=\"wp-caption-text\"><span style=\"font-size: 8pt; color: #999999;\"><strong><em>Estrutura sendo montada na Pra\u00e7a Poeta Mario Mattoso para o Santacarnafolia 2019 (AssCom\/Divulga\u00e7\u00e3o)<\/em><\/strong><\/span><\/figcaption><\/figure>\n<p>Por quest\u00f5es de seguran\u00e7a, n\u00e3o ser\u00e1 permitida a perman\u00eancia de pessoas com bebidas em embalagens de vidro, assim como copos ou canecas, do mesmo material, nas depend\u00eancias da pra\u00e7a. A solicita\u00e7\u00e3o \u00e9 que os foli\u00f5es que foram levar a pr\u00f3pria bebida, deem prefer\u00eancia \u00e0s latas ou embalagens pl\u00e1sticas.<\/p>\n<p>&nbsp;<\/p>\n<p><strong>TURISMO E SEGURAN\u00c7A<\/strong><\/p>\n<p>Al\u00e9m de controle de acesso e c\u00e2meras de monitoramento, a pra\u00e7a ir\u00e1 contar com o Espa\u00e7o Kids, reservado para as crian\u00e7as, inclusive com frald\u00e1rio, para as mam\u00e3es cuidarem dos filhos com muita tranquilidade.<\/p>\n<p>Para o Setor de Turismo, al\u00e9m de oferecer entretenimento gratuito \u00e0 popula\u00e7\u00e3o, tamb\u00e9m estimula toda a cadeia produtiva do turismo, j\u00e1 que o evento, ao longo dos anos vem ganhando destaque em toda a regi\u00e3o, colaborando com o desenvolvimento econ\u00f4mico do munic\u00edpio.<\/p>\n<p>Toda a programa\u00e7\u00e3o acontece com participa\u00e7\u00e3o da feira do Turismo, em uma completa pra\u00e7a de alimenta\u00e7\u00e3o. A Pol\u00edcia Militar ir\u00e1 atuar com seu efetivo no aux\u00edlio \u00e0 seguran\u00e7a, dentro do programa Atividade Delegada.<\/p>\n<p>&nbsp;<\/p>\n<p><strong>INICIATIVA PRIVADA<\/strong><\/p>\n<p>De acordo como Departamento Municipal de Turismo, a programa\u00e7\u00e3o do Santacarnafolia 2019 busca estar em sintonia com a realiza\u00e7\u00e3o de eventos pela iniciativa privada, com objetivo de criar mais op\u00e7\u00f5es para a popula\u00e7\u00e3o e turistas. O evento #De Volta Atr\u00e1s do Trio oferece op\u00e7\u00f5es como trio el\u00e9trico, baile de m\u00e1scaras e blocos, com cobran\u00e7a de ingressos e parte da renda revertida \u00e0 Santa Casa local.<\/p>\n<p>&nbsp;<\/p>\n<p><strong>PROGRAMA\u00c7\u00c3O<\/strong><\/p>\n<p><strong>SANTACARNAFOLIA 2019<br \/>\nDATA: <\/strong>2, 3, 4 e 5 de mar\u00e7o (s\u00e1bado e ter\u00e7a-feira).<br \/>\n<strong>LOCAL:<\/strong> Pra\u00e7a Poeta M\u00e1rio Mattoso (Esta\u00e7\u00e3o).<br \/>\n<strong>HOR\u00c1RIO:<\/strong> 17h \u00e0s 23 horas (segunda \u00e0 domingo) e 17h \u00e0s 22h (ter\u00e7a-feira).<br \/>\n<strong>ACESSO GRATUITO.<br \/>\nPROIBIDA A PERMAN\u00caNCIA NO LOCAL COM GARRAFAS, COPOS OU CANECAS DE VIDRO.<\/strong><\/p>\n<p><strong>#DE VOLTA ATR\u00c1S DO TRIO<br \/>\nBAILE DE M\u00c1SCARAS \u2013 <\/strong>S\u00e1bado (2\/3), \u00e0s 21 horas.<br \/>\n<strong>LOCAL:<\/strong> Delta Eventos.<br \/>\n<strong>ANIMA\u00c7\u00c3O:<\/strong> Banda Manga Rosa (marchinhas) e Escola de Samba Confraria do Samba (50 integrantes).<br \/>\n<strong>LOCAL:<\/strong> Delta Eventos (Av. Severino Meirelles, 1127 \u2013 Centro.<\/p>\n<p><strong>BLOCO CHOQUE EL\u00c9TRICO<br \/>\nDATA: <\/strong>Domingo (3\/3).<br \/>\n<strong>HOR\u00c1RIO:<\/strong> 13h30 \u00e0s 17h30<br \/>\n<strong>ANIMA\u00c7\u00c3O: <\/strong>Roda de samba com o grupo Doce Palavra e Trio el\u00e9trico com banda 100% Viola (samba e ax\u00e9).<br \/>\n<strong>LOCAL:<\/strong> Delta Eventos (Av. Severino Meirelles, 1127 \u2013 Centro.<\/p>\n<p><strong>BLOCO SOBREVIVENTES<br \/>\nDATA: <\/strong>Ter\u00e7a-feira (5\/3).<br \/>\n<strong>HOR\u00c1RIO:<\/strong> 13h30 \u00e0s 17h30<br \/>\n<strong>ANIMA\u00c7\u00c3O: <\/strong>Roda de samba com o grupo Doce Palavra e Trio el\u00e9trico com Ronald Vitor e banda (samba e ax\u00e9).<br \/>\n<strong>LOCAL:<\/strong> Delta Eventos (Av. Severino Meirelles, 1127 \u2013 Centro.<\/p>\n<p>&nbsp;<\/p>\n<p>&nbsp;<\/p>\n<p>&nbsp;<\/p>\n<p>&nbsp;<\/p>\n","protected":false},"excerpt":{"rendered":"<p>Organizado pelo Departamento Municipal de Turismo, evento acontece a partir do s\u00e1bado na pra\u00e7a Poeta Mario Mattoso e traz de<\/p>\n","protected":false},"author":1,"featured_media":908,"comment_status":"closed","ping_status":"open","sticky":false,"template":"","format":"standard","meta":{"footnotes":""},"categories":[52,60],"tags":[],"class_list":["post-906","post","type-post","status-publish","format-standard","has-post-thumbnail","hentry","category-latest","category-turismo"],"_links":{"self":[{"href":"https:\/\/www.santaritadopassaquatro.sp.gov.br\/portal\/wp-json\/wp\/v2\/posts\/906","targetHints":{"allow":["GET"]}}],"collection":[{"href":"https:\/\/www.santaritadopassaquatro.sp.gov.br\/portal\/wp-json\/wp\/v2\/posts"}],"about":[{"href":"https:\/\/www.santaritadopassaquatro.sp.gov.br\/portal\/wp-json\/wp\/v2\/types\/post"}],"author":[{"embeddable":true,"href":"https:\/\/www.santaritadopassaquatro.sp.gov.br\/portal\/wp-json\/wp\/v2\/users\/1"}],"replies":[{"embeddable":true,"href":"https:\/\/www.santaritadopassaquatro.sp.gov.br\/portal\/wp-json\/wp\/v2\/comments?post=906"}],"version-history":[{"count":0,"href":"https:\/\/www.santaritadopassaquatro.sp.gov.br\/portal\/wp-json\/wp\/v2\/posts\/906\/revisions"}],"wp:featuredmedia":[{"embeddable":true,"href":"https:\/\/www.santaritadopassaquatro.sp.gov.br\/portal\/wp-json\/wp\/v2\/media\/908"}],"wp:attachment":[{"href":"https:\/\/www.santaritadopassaquatro.sp.gov.br\/portal\/wp-json\/wp\/v2\/media?parent=906"}],"wp:term":[{"taxonomy":"category","embeddable":true,"href":"https:\/\/www.santaritadopassaquatro.sp.gov.br\/portal\/wp-json\/wp\/v2\/categories?post=906"},{"taxonomy":"post_tag","embeddable":true,"href":"https:\/\/www.santaritadopassaquatro.sp.gov.br\/portal\/wp-json\/wp\/v2\/tags?post=906"}],"curies":[{"name":"wp","href":"https:\/\/api.w.org\/{rel}","templated":true}]}}