{"id":9083,"date":"2023-05-10T10:08:01","date_gmt":"2023-05-10T13:08:01","guid":{"rendered":"https:\/\/www.santaritadopassaquatro.sp.gov.br\/portal\/?p=9083"},"modified":"2023-05-10T10:08:53","modified_gmt":"2023-05-10T13:08:53","slug":"edital-de-convocacao-para-as-provas-escritas","status":"publish","type":"post","link":"https:\/\/www.santaritadopassaquatro.sp.gov.br\/portal\/edital-de-convocacao-para-as-provas-escritas\/","title":{"rendered":"EDITAL DE CONVOCA\u00c7\u00c3O PARA AS PROVAS ESCRITAS<br>"},"content":{"rendered":"\n<p>O Prefeito do Munic\u00edpio da Est\u00e2ncia Clim\u00e1tica de Santa Rita do Passa Quatro, por meio da Aplicativa Servi\u00e7os de Apoio, Gest\u00e3o e Administra\u00e7\u00e3o EIRELI &#8211; EPP, torna p\u00fablico o EDITAL DE CONVOCA\u00c7\u00c3O PARA AS PROVAS ESCRITAS (OBJETIVAS E DISSERTATIVAS) no Concurso P\u00fablico n\u00ba 01\/2023, conforme segue:<br>As provas ser\u00e3o realizadas no dia 14 de maio de 2023, conforme os hor\u00e1rios e os locais abaixo informados, de acordo com o seguinte intervalo alfab\u00e9tico:<\/p>\n\n\n\n<p>VEJA O EDITAL COMPLETO NO LINK ABAIXO:<\/p>\n\n\n\n<p><a href=\"http:\/\/www.santaritadopassaquatro.sp.gov.br\/portal\/wp-content\/uploads\/2023\/05\/Santa-Rita-do-Passa-Quatro-Edital-de-Convocacao_CP-01_2023_04_05_23.pdf\">http:\/\/www.santaritadopassaquatro.sp.gov.br\/portal\/wp-content\/uploads\/2023\/05\/Santa-Rita-do-Passa-Quatro-Edital-de-Convocacao_CP-01_2023_04_05_23.pdf<\/a><\/p>\n","protected":false},"excerpt":{"rendered":"<p>O Prefeito do Munic\u00edpio da Est\u00e2ncia Clim\u00e1tica de Santa Rita do Passa Quatro, por meio da Aplicativa Servi\u00e7os de Apoio,<\/p>\n","protected":false},"author":1,"featured_media":9084,"comment_status":"closed","ping_status":"open","sticky":false,"template":"","format":"standard","meta":{"footnotes":""},"categories":[45],"tags":[],"class_list":["post-9083","post","type-post","status-publish","format-standard","has-post-thumbnail","hentry","category-comunicado"],"_links":{"self":[{"href":"https:\/\/www.santaritadopassaquatro.sp.gov.br\/portal\/wp-json\/wp\/v2\/posts\/9083","targetHints":{"allow":["GET"]}}],"collection":[{"href":"https:\/\/www.santaritadopassaquatro.sp.gov.br\/portal\/wp-json\/wp\/v2\/posts"}],"about":[{"href":"https:\/\/www.santaritadopassaquatro.sp.gov.br\/portal\/wp-json\/wp\/v2\/types\/post"}],"author":[{"embeddable":true,"href":"https:\/\/www.santaritadopassaquatro.sp.gov.br\/portal\/wp-json\/wp\/v2\/users\/1"}],"replies":[{"embeddable":true,"href":"https:\/\/www.santaritadopassaquatro.sp.gov.br\/portal\/wp-json\/wp\/v2\/comments?post=9083"}],"version-history":[{"count":2,"href":"https:\/\/www.santaritadopassaquatro.sp.gov.br\/portal\/wp-json\/wp\/v2\/posts\/9083\/revisions"}],"predecessor-version":[{"id":9086,"href":"https:\/\/www.santaritadopassaquatro.sp.gov.br\/portal\/wp-json\/wp\/v2\/posts\/9083\/revisions\/9086"}],"wp:featuredmedia":[{"embeddable":true,"href":"https:\/\/www.santaritadopassaquatro.sp.gov.br\/portal\/wp-json\/wp\/v2\/media\/9084"}],"wp:attachment":[{"href":"https:\/\/www.santaritadopassaquatro.sp.gov.br\/portal\/wp-json\/wp\/v2\/media?parent=9083"}],"wp:term":[{"taxonomy":"category","embeddable":true,"href":"https:\/\/www.santaritadopassaquatro.sp.gov.br\/portal\/wp-json\/wp\/v2\/categories?post=9083"},{"taxonomy":"post_tag","embeddable":true,"href":"https:\/\/www.santaritadopassaquatro.sp.gov.br\/portal\/wp-json\/wp\/v2\/tags?post=9083"}],"curies":[{"name":"wp","href":"https:\/\/api.w.org\/{rel}","templated":true}]}}