{"id":910,"date":"2019-03-01T15:24:41","date_gmt":"2019-03-01T18:24:41","guid":{"rendered":"http:\/\/www.santaritadopassaquatro.sp.gov.br\/portal\/?p=910"},"modified":"2019-03-01T15:24:41","modified_gmt":"2019-03-01T18:24:41","slug":"recapeamento-retorna-com-forca-total-em-ruas-do-botafogo-cinelandia-vila-moda-e-jd-america","status":"publish","type":"post","link":"https:\/\/www.santaritadopassaquatro.sp.gov.br\/portal\/recapeamento-retorna-com-forca-total-em-ruas-do-botafogo-cinelandia-vila-moda-e-jd-america\/","title":{"rendered":"Recapeamento retorna com for\u00e7a total em ruas do Botafogo, Cinel\u00e2ndia, Vila Moda e Jd. Am\u00e9rica"},"content":{"rendered":"<p><strong><em>Com recursos dos governos estadual e federal, o maior programa de recupera\u00e7\u00e3o de vias p\u00fablicas ir\u00e1 atender mais bairros nas pr\u00f3ximas semanas<\/em><\/strong><\/p>\n<p>&nbsp;<\/p>\n<figure id=\"attachment_911\" aria-describedby=\"caption-attachment-911\" style=\"width: 300px\" class=\"wp-caption alignleft\"><img decoding=\"async\" class=\"wp-image-911 size-medium\" src=\"http:\/\/www.santaritadopassaquatro.sp.gov.br\/portal\/wp-content\/uploads\/2019\/03\/recapeamento_01-300x200.jpg\" alt=\"\" width=\"300\" height=\"200\" srcset=\"https:\/\/www.santaritadopassaquatro.sp.gov.br\/portal\/wp-content\/uploads\/2019\/03\/recapeamento_01-300x200.jpg 300w, https:\/\/www.santaritadopassaquatro.sp.gov.br\/portal\/wp-content\/uploads\/2019\/03\/recapeamento_01-768x512.jpg 768w, https:\/\/www.santaritadopassaquatro.sp.gov.br\/portal\/wp-content\/uploads\/2019\/03\/recapeamento_01-1024x683.jpg 1024w\" sizes=\"(max-width: 300px) 100vw, 300px\" \/><figcaption id=\"caption-attachment-911\" class=\"wp-caption-text\"><span style=\"font-size: 8pt; color: #999999;\"><strong><em>O prefeito com a equipe da DGB em mais etapa do maior programa de recapeamento da hist\u00f3ria de Santa Rita (AssCom\/Divulga\u00e7\u00e3o)<\/em><\/strong><\/span><\/figcaption><\/figure>\n<p>Santa Rita do Passa Quatro vem recebendo um programa que pode ser considerado o maior j\u00e1 realizado para recupera\u00e7\u00e3o de vias p\u00fablicas na cidade. Esta semana, diversas ruas dos bairros Botafogo, Cinel\u00e2ndia, Vila Moda e Jardim Am\u00e9rica foram beneficiados com as obras.<\/p>\n<p>Com objetivo de proporcionar mais conforto e seguran\u00e7a para a popula\u00e7\u00e3o, foram recapeadas trechos mais danificados da ruas 7 de Setembro, Francisco Alves e Major Silva Lima, no Botafogo; Carlos Augusto Monteiro de Barros, na Cinel\u00e2ndia; Andr\u00e9 Gianquinto, Joaquim G. Siqueira e Santa Rita de C\u00e1ssia (Jd. Am\u00e9rica); Renato Cassoli, Visconde do Rio Branco, Professor Joaquim Jos\u00e9 Mariano e Antonio Moda, na Vila Moda.<\/p>\n<p>Al\u00e9m desses, outros bairros ser\u00e3o beneficiados nas pr\u00f3ximas semanas e nesta etapa do programa est\u00e3o sendo investidos R$ 2,3 milh\u00f5es em recursos dos governos Federal e Estadual, conquistados pelo prefeito Leandro Luciano dos Santos, atrav\u00e9s do deputado Federal Carlos Sampaio, que est\u00e1 sempre em busca de recursos para investimento em infraestrutura no munic\u00edpio.<\/p>\n<figure id=\"attachment_912\" aria-describedby=\"caption-attachment-912\" style=\"width: 300px\" class=\"wp-caption alignright\"><img decoding=\"async\" class=\"wp-image-912 size-medium\" src=\"http:\/\/www.santaritadopassaquatro.sp.gov.br\/portal\/wp-content\/uploads\/2019\/03\/recapeamento_02-300x200.jpg\" alt=\"\" width=\"300\" height=\"200\" srcset=\"https:\/\/www.santaritadopassaquatro.sp.gov.br\/portal\/wp-content\/uploads\/2019\/03\/recapeamento_02-300x200.jpg 300w, https:\/\/www.santaritadopassaquatro.sp.gov.br\/portal\/wp-content\/uploads\/2019\/03\/recapeamento_02-768x512.jpg 768w, https:\/\/www.santaritadopassaquatro.sp.gov.br\/portal\/wp-content\/uploads\/2019\/03\/recapeamento_02-1024x683.jpg 1024w\" sizes=\"(max-width: 300px) 100vw, 300px\" \/><figcaption id=\"caption-attachment-912\" class=\"wp-caption-text\"><span style=\"font-size: 8pt; color: #999999;\"><strong><em>Ruas dos bairros Jardim Am\u00e9rica e Vila Moda recebendo as obras durante esta semana (AssCom\/Divulga\u00e7\u00e3o)<\/em><\/strong><\/span><\/figcaption><\/figure>\n<p>O recapeamento est\u00e1 sendo realizada pela DGB Engenharia e Constru\u00e7\u00f5es Ltda., da cidade de Ribeir\u00e3o Preto, empresa vencedora da licita\u00e7\u00e3o para a realiza\u00e7\u00e3o do projeto.<\/p>\n<p>Iniciado em 2016, o programa de recupera\u00e7\u00e3o de vias p\u00fablicas j\u00e1 investiu quase R$ 6 milh\u00f5es em recapeamento de ruas. Para o segundo semestre, mais R$ 1,1 milh\u00e3o j\u00e1 foi aprovado, para dar continuidade ao projeto.<\/p>\n<p>\u201cEstamos sempre em busca de recursos para Santa Rita, para todas as \u00e1reas, nas duas esferas de governo federal e estadual, para que possamos investir na qualidade de vida da nossa popula\u00e7\u00e3o\u201d, disse o prefeito.<\/p>\n<p><strong>\u00a0<\/strong><\/p>\n<p><strong>\u00a0<\/strong><\/p>\n<p>&nbsp;<\/p>\n<p>&nbsp;<\/p>\n","protected":false},"excerpt":{"rendered":"<p>Com recursos dos governos estadual e federal, o maior programa de recupera\u00e7\u00e3o de vias p\u00fablicas ir\u00e1 atender mais bairros nas<\/p>\n","protected":false},"author":1,"featured_media":913,"comment_status":"closed","ping_status":"open","sticky":false,"template":"","format":"standard","meta":{"footnotes":""},"categories":[48,52,55],"tags":[],"class_list":["post-910","post","type-post","status-publish","format-standard","has-post-thumbnail","hentry","category-featured","category-latest","category-obras"],"_links":{"self":[{"href":"https:\/\/www.santaritadopassaquatro.sp.gov.br\/portal\/wp-json\/wp\/v2\/posts\/910","targetHints":{"allow":["GET"]}}],"collection":[{"href":"https:\/\/www.santaritadopassaquatro.sp.gov.br\/portal\/wp-json\/wp\/v2\/posts"}],"about":[{"href":"https:\/\/www.santaritadopassaquatro.sp.gov.br\/portal\/wp-json\/wp\/v2\/types\/post"}],"author":[{"embeddable":true,"href":"https:\/\/www.santaritadopassaquatro.sp.gov.br\/portal\/wp-json\/wp\/v2\/users\/1"}],"replies":[{"embeddable":true,"href":"https:\/\/www.santaritadopassaquatro.sp.gov.br\/portal\/wp-json\/wp\/v2\/comments?post=910"}],"version-history":[{"count":0,"href":"https:\/\/www.santaritadopassaquatro.sp.gov.br\/portal\/wp-json\/wp\/v2\/posts\/910\/revisions"}],"wp:featuredmedia":[{"embeddable":true,"href":"https:\/\/www.santaritadopassaquatro.sp.gov.br\/portal\/wp-json\/wp\/v2\/media\/913"}],"wp:attachment":[{"href":"https:\/\/www.santaritadopassaquatro.sp.gov.br\/portal\/wp-json\/wp\/v2\/media?parent=910"}],"wp:term":[{"taxonomy":"category","embeddable":true,"href":"https:\/\/www.santaritadopassaquatro.sp.gov.br\/portal\/wp-json\/wp\/v2\/categories?post=910"},{"taxonomy":"post_tag","embeddable":true,"href":"https:\/\/www.santaritadopassaquatro.sp.gov.br\/portal\/wp-json\/wp\/v2\/tags?post=910"}],"curies":[{"name":"wp","href":"https:\/\/api.w.org\/{rel}","templated":true}]}}