{"id":9127,"date":"2023-05-27T09:26:07","date_gmt":"2023-05-27T12:26:07","guid":{"rendered":"https:\/\/www.santaritadopassaquatro.sp.gov.br\/portal\/?p=9127"},"modified":"2023-05-27T09:26:09","modified_gmt":"2023-05-27T12:26:09","slug":"lei-paulo-gustavo-lei-complementar-195","status":"publish","type":"post","link":"https:\/\/www.santaritadopassaquatro.sp.gov.br\/portal\/lei-paulo-gustavo-lei-complementar-195\/","title":{"rendered":"Lei Paulo Gustavo (Lei Complementar 195)"},"content":{"rendered":"\n<p>No \u00faltimo dia 15, as conselheiras e conselheiros de cultura de nosso munic\u00edpio, juntamente com a gestora de cultura, Graziela de C\u00e1ssia Villela, se reuniram para tratar a respeito dos procedimentos e tr\u00e2mites a serem realizados para recebimento dos recursos provenientes da lei de Fomento \u00e0 Cultura: Lei Paulo Gustavo (Lei Complementar 195), que contempla em sua maior porcentagem a produ\u00e7\u00f5es de audiovisual, mas tamb\u00e9m outros seguimentos art\u00edsticos.<\/p>\n\n\n\n<p><br>A reuni\u00e3o contou com a media\u00e7\u00e3o de Adriana Scannavez. Adriana \u00e9 atriz, palha\u00e7a, produtora e ativista cultural. \u00c9 co-fundadora da ATUACIA e produtora executiva do Programa Pensar e Agir com Cultura no Estado de SP. Atualmente ocupa a cadeira de Teatro no Conselho Municipal de Pol\u00edtica Cultural de Ribeir\u00e3o Preto, \u00e9 integrante do F\u00f3rum Pr\u00f3 Cultura da Regi\u00e3o Metropolitana de Ribeir\u00e3o Preto e do F\u00f3rum do Litoral, Interior e Grande S\u00e3o Paulo (FLIGSP). Tamb\u00e9m se dedica a orienta\u00e7\u00e3o e forma\u00e7\u00e3o de novos produtoras e produtores pelo Estado.<\/p>\n\n\n\n<p><br>Os conselheiros receberam a forma\u00e7\u00e3o a respeito dos aspectos pr\u00e1ticos para captar a verba e j\u00e1 iniciaram os preparativos para realiza\u00e7\u00e3o da Escuta P\u00fablica, cujos detalhes ser\u00e3o informados nos pr\u00f3ximos posts.<br>Fiquem ligados!<\/p>\n","protected":false},"excerpt":{"rendered":"<p>No \u00faltimo dia 15, as conselheiras e conselheiros de cultura de nosso munic\u00edpio, juntamente com a gestora de cultura, Graziela<\/p>\n","protected":false},"author":1,"featured_media":9128,"comment_status":"closed","ping_status":"open","sticky":false,"template":"","format":"standard","meta":{"footnotes":""},"categories":[46,153],"tags":[],"class_list":["post-9127","post","type-post","status-publish","format-standard","has-post-thumbnail","hentry","category-cultura","category-paulo-gustavo"],"_links":{"self":[{"href":"https:\/\/www.santaritadopassaquatro.sp.gov.br\/portal\/wp-json\/wp\/v2\/posts\/9127","targetHints":{"allow":["GET"]}}],"collection":[{"href":"https:\/\/www.santaritadopassaquatro.sp.gov.br\/portal\/wp-json\/wp\/v2\/posts"}],"about":[{"href":"https:\/\/www.santaritadopassaquatro.sp.gov.br\/portal\/wp-json\/wp\/v2\/types\/post"}],"author":[{"embeddable":true,"href":"https:\/\/www.santaritadopassaquatro.sp.gov.br\/portal\/wp-json\/wp\/v2\/users\/1"}],"replies":[{"embeddable":true,"href":"https:\/\/www.santaritadopassaquatro.sp.gov.br\/portal\/wp-json\/wp\/v2\/comments?post=9127"}],"version-history":[{"count":1,"href":"https:\/\/www.santaritadopassaquatro.sp.gov.br\/portal\/wp-json\/wp\/v2\/posts\/9127\/revisions"}],"predecessor-version":[{"id":9129,"href":"https:\/\/www.santaritadopassaquatro.sp.gov.br\/portal\/wp-json\/wp\/v2\/posts\/9127\/revisions\/9129"}],"wp:featuredmedia":[{"embeddable":true,"href":"https:\/\/www.santaritadopassaquatro.sp.gov.br\/portal\/wp-json\/wp\/v2\/media\/9128"}],"wp:attachment":[{"href":"https:\/\/www.santaritadopassaquatro.sp.gov.br\/portal\/wp-json\/wp\/v2\/media?parent=9127"}],"wp:term":[{"taxonomy":"category","embeddable":true,"href":"https:\/\/www.santaritadopassaquatro.sp.gov.br\/portal\/wp-json\/wp\/v2\/categories?post=9127"},{"taxonomy":"post_tag","embeddable":true,"href":"https:\/\/www.santaritadopassaquatro.sp.gov.br\/portal\/wp-json\/wp\/v2\/tags?post=9127"}],"curies":[{"name":"wp","href":"https:\/\/api.w.org\/{rel}","templated":true}]}}