{"id":920,"date":"2019-03-01T15:32:06","date_gmt":"2019-03-01T18:32:06","guid":{"rendered":"http:\/\/www.santaritadopassaquatro.sp.gov.br\/portal\/?p=920"},"modified":"2019-03-01T15:33:46","modified_gmt":"2019-03-01T18:33:46","slug":"alimentacao-escolar-cardapio-marco-2019","status":"publish","type":"post","link":"https:\/\/www.santaritadopassaquatro.sp.gov.br\/portal\/alimentacao-escolar-cardapio-marco-2019\/","title":{"rendered":"ALIMENTA\u00c7\u00c3O ESCOLAR\u00a0CARD\u00c1PIO MAR\u00c7O 2019"},"content":{"rendered":"<p><img decoding=\"async\" class=\"alignnone size-medium wp-image-816 aligncenter\" src=\"http:\/\/www.santaritadopassaquatro.sp.gov.br\/portal\/wp-content\/uploads\/2019\/02\/ILAN60141-300x206.jpg\" alt=\"\" width=\"300\" height=\"206\" srcset=\"https:\/\/www.santaritadopassaquatro.sp.gov.br\/portal\/wp-content\/uploads\/2019\/02\/ILAN60141-300x206.jpg 300w, https:\/\/www.santaritadopassaquatro.sp.gov.br\/portal\/wp-content\/uploads\/2019\/02\/ILAN60141-130x90.jpg 130w, https:\/\/www.santaritadopassaquatro.sp.gov.br\/portal\/wp-content\/uploads\/2019\/02\/ILAN60141.jpg 463w\" sizes=\"(max-width: 300px) 100vw, 300px\" \/><\/p>\n<p>&nbsp;<\/p>\n<p><strong>Segunda-feira &#8211; 4 de mar\u00e7o:<br \/>\n<\/strong>Facultativo &#8211; Carnaval<\/p>\n<p><strong>Ter\u00e7a-feira &#8211; 5 de mar\u00e7o:<br \/>\n<\/strong>Facultativo &#8211; Carnaval<strong>. <\/strong><\/p>\n<p><strong>Quarta-feira &#8211; 6 de mar\u00e7o:<br \/>\n<\/strong>In\u00edcio de expediente \u00e0s 13 horas.<\/p>\n<p><strong>Quinta-feira &#8211; 7 de mar\u00e7o:<br \/>\n<\/strong>Risoto de salsicha e feij\u00e3o preto.<\/p>\n<p><strong>Sexta-feira &#8211; 8 de mar\u00e7o:<br \/>\n<\/strong>Macarr\u00e3o ao molho e frango desfiado.<\/p>\n<p><strong>\u00a0<\/strong><\/p>\n<p><strong>Segunda-feira &#8211; 11 de mar\u00e7o:<br \/>\n<\/strong>Arroz, feij\u00e3o e strogonoff de carne.<\/p>\n<p><strong>Ter\u00e7a-feira &#8211; 12 de mar\u00e7o:<br \/>\n<\/strong>Arroz, feij\u00e3o e pernil em cubos com batata<strong>. <\/strong><\/p>\n<p><strong>Quarta-feira &#8211; 13 de mar\u00e7o:<br \/>\n<\/strong>Arroz, feij\u00e3o e polenta ao molho bolonhesa.<\/p>\n<p><strong>Quinta-feira &#8211; 14 de mar\u00e7o:<br \/>\n<\/strong>Arroz, feij\u00e3o e frango com legumes.<\/p>\n<p><strong>Sexta-feira &#8211; 15 de mar\u00e7o:<br \/>\n<\/strong>Macarr\u00e3o ao molho com mini alm\u00f4ndegas.<\/p>\n<p>&nbsp;<\/p>\n<p><strong>Segunda-feira &#8211; 18 de mar\u00e7o:<br \/>\n<\/strong>Arroz de forno e feijoadinha.<\/p>\n<p><strong>Ter\u00e7a-feira &#8211; 19 de mar\u00e7o:<br \/>\n<\/strong>Arroz, feij\u00e3o, polenta ao molho e lingui\u00e7a toscana.<\/p>\n<p><strong>Quarta-feira &#8211; 20 de mar\u00e7o:<br \/>\n<\/strong>Arroz, feij\u00e3o, carne em cubos com batata.<\/p>\n<p><strong>Quinta-feira &#8211; 21 de mar\u00e7o:<br \/>\n<\/strong>Arroz, feij\u00e3o e salada de legumes.<\/p>\n<p><strong>Sexta-feira &#8211; 22 de mar\u00e7o:<br \/>\n<\/strong>Macarr\u00e3o ao molho de atum.<\/p>\n<p>&nbsp;<\/p>\n<p><strong>Segunda-feira &#8211; 25 de mar\u00e7o:<br \/>\n<\/strong>Arroz, feij\u00e3o e farofa primavera.<\/p>\n<p><strong>Ter\u00e7a-feira &#8211; 26 de mar\u00e7o:<br \/>\n<\/strong>Arroz, feij\u00e3o e salsicha com batata.<\/p>\n<p><strong>Quarta-feira &#8211; 27 de mar\u00e7o:<br \/>\n<\/strong>Arroz de forno, carne em tiras com cenoura, batata e ervilha e feij\u00e3o preto.<\/p>\n<p><strong>Quinta-feira &#8211; 28 de mar\u00e7o:<br \/>\n<\/strong>Arroz, feij\u00e3o e strogonoff de frango em cubos.<\/p>\n<p><strong>Sexta-feira &#8211; 29 de mar\u00e7o:<br \/>\n<\/strong>Macarr\u00e3o ao molho lingui\u00e7a calabresa.<\/p>\n<p><strong>\u00a0<\/strong><\/p>\n<p>1\u00aa semana: fruta: ma\u00e7\u00e3.<\/p>\n<p>2\u00aa semana: folha\/legumes: pepino &#8211;\u00a0 fruta: ameixa e abacaxi.<\/p>\n<p>3\u00aa semana: folha\/legumes: abobrinha &#8211; fruta: goiaba e p\u00eassego.<\/p>\n<p>4\u00aa semana: folhas\/legumes: repolho &#8211; fruta: banana nanica a e nectarina\u00a0\u00a0\u00a0\u00a0\u00a0\u00a0\u00a0\u00a0\u00a0\u00a0 .<\/p>\n<p>&nbsp;<\/p>\n<p><strong>Observa\u00e7\u00e3o: <\/strong><em>card\u00e1pio sujeito a altera\u00e7\u00f5es caso necess\u00e1rio\u00a0\u00a0\u00a0\u00a0\u00a0\u00a0\u00a0\u00a0\u00a0 .\u00a0\u00a0\u00a0\u00a0\u00a0\u00a0\u00a0\u00a0\u00a0\u00a0\u00a0\u00a0\u00a0\u00a0\u00a0\u00a0\u00a0\u00a0\u00a0\u00a0\u00a0\u00a0 <\/em><\/p>\n<p><strong>Nutricionista respons\u00e1vel t\u00e9cnica: <em>S\u00edlvia Regina Lorencetti (CRN 33915)<\/em>\u00a0\u00a0\u00a0\u00a0\u00a0\u00a0\u00a0\u00a0\u00a0\u00a0\u00a0\u00a0\u00a0\u00a0\u00a0\u00a0\u00a0\u00a0\u00a0\u00a0\u00a0\u00a0\u00a0\u00a0\u00a0\u00a0\u00a0\u00a0\u00a0\u00a0\u00a0\u00a0\u00a0 <\/strong><\/p>\n<p><strong>\u00a0<\/strong><\/p>\n<p>&nbsp;<\/p>\n<p>&nbsp;<\/p>\n","protected":false},"excerpt":{"rendered":"<p>&nbsp; Segunda-feira &#8211; 4 de mar\u00e7o: Facultativo &#8211; Carnaval Ter\u00e7a-feira &#8211; 5 de mar\u00e7o: Facultativo &#8211; Carnaval. Quarta-feira &#8211; 6<\/p>\n","protected":false},"author":1,"featured_media":816,"comment_status":"closed","ping_status":"open","sticky":false,"template":"","format":"standard","meta":{"footnotes":""},"categories":[32],"tags":[],"class_list":["post-920","post","type-post","status-publish","format-standard","has-post-thumbnail","hentry","category-merenda-escolar"],"_links":{"self":[{"href":"https:\/\/www.santaritadopassaquatro.sp.gov.br\/portal\/wp-json\/wp\/v2\/posts\/920","targetHints":{"allow":["GET"]}}],"collection":[{"href":"https:\/\/www.santaritadopassaquatro.sp.gov.br\/portal\/wp-json\/wp\/v2\/posts"}],"about":[{"href":"https:\/\/www.santaritadopassaquatro.sp.gov.br\/portal\/wp-json\/wp\/v2\/types\/post"}],"author":[{"embeddable":true,"href":"https:\/\/www.santaritadopassaquatro.sp.gov.br\/portal\/wp-json\/wp\/v2\/users\/1"}],"replies":[{"embeddable":true,"href":"https:\/\/www.santaritadopassaquatro.sp.gov.br\/portal\/wp-json\/wp\/v2\/comments?post=920"}],"version-history":[{"count":1,"href":"https:\/\/www.santaritadopassaquatro.sp.gov.br\/portal\/wp-json\/wp\/v2\/posts\/920\/revisions"}],"predecessor-version":[{"id":921,"href":"https:\/\/www.santaritadopassaquatro.sp.gov.br\/portal\/wp-json\/wp\/v2\/posts\/920\/revisions\/921"}],"wp:featuredmedia":[{"embeddable":true,"href":"https:\/\/www.santaritadopassaquatro.sp.gov.br\/portal\/wp-json\/wp\/v2\/media\/816"}],"wp:attachment":[{"href":"https:\/\/www.santaritadopassaquatro.sp.gov.br\/portal\/wp-json\/wp\/v2\/media?parent=920"}],"wp:term":[{"taxonomy":"category","embeddable":true,"href":"https:\/\/www.santaritadopassaquatro.sp.gov.br\/portal\/wp-json\/wp\/v2\/categories?post=920"},{"taxonomy":"post_tag","embeddable":true,"href":"https:\/\/www.santaritadopassaquatro.sp.gov.br\/portal\/wp-json\/wp\/v2\/tags?post=920"}],"curies":[{"name":"wp","href":"https:\/\/api.w.org\/{rel}","templated":true}]}}