{"id":9234,"date":"2023-07-25T08:50:40","date_gmt":"2023-07-25T11:50:40","guid":{"rendered":"https:\/\/www.santaritadopassaquatro.sp.gov.br\/portal\/?p=9234"},"modified":"2023-07-25T08:50:42","modified_gmt":"2023-07-25T11:50:42","slug":"2a-escuta-publica-lei-paulo-gustavo-lpgsanta-rita-do-passa-quatro-sp","status":"publish","type":"post","link":"https:\/\/www.santaritadopassaquatro.sp.gov.br\/portal\/2a-escuta-publica-lei-paulo-gustavo-lpgsanta-rita-do-passa-quatro-sp\/","title":{"rendered":"2\u00aa ESCUTA P\u00daBLICA &#8211; LEI PAULO GUSTAVO &#8220;LPG&#8221;<br>Santa Rita do Passa Quatro \u2013 SP"},"content":{"rendered":"\n<p>Com o objetivo de receber maiores contribui\u00e7\u00f5es e informa\u00e7\u00f5es para organiza\u00e7\u00e3o e planejamento da constru\u00e7\u00e3o dos Editais referentes \u00e0 &#8220;LPG&#8221;, o Departamento de Turismo, Cultura, Esporte e Lazer abre a 2\u00aa Escuta P\u00fablica, de forma on line, de car\u00e1ter consultivo, que ficar\u00e1 aberta para fazedores de cultura do setor audiovisual e de outras linguagens art\u00edstico-cultural at\u00e9 o dia 31 de julho de 2023 e que tenham interesse e possam propor projetos ( O Proponente \u00e9 a pessoa respons\u00e1vel pela gest\u00e3o do projeto \u2013 apresenta\u00e7\u00e3o, execu\u00e7\u00e3o e presta\u00e7\u00e3o de contas e deve ser maior de 18 anos e ser residente h\u00e1 no m\u00ednimo dois anos no munic\u00edpio). A participa\u00e7\u00e3o da sociedade na tomada de decis\u00f5es relativas \u00e0 essas formula\u00e7\u00f5es e defini\u00e7\u00f5es s\u00e3o de extrema import\u00e2ncia para constru\u00e7\u00e3o de Pol\u00edticas P\u00fablicas de Cultura do nosso munic\u00edpio.<br>*Esta consulta em hip\u00f3tese alguma estar\u00e1 avaliando ou contemplando projetos enviados, servir\u00e1 apenas como coleta de dados e informa\u00e7\u00f5es norteadoras.<\/p>\n\n\n\n<p>Link de acesso para participar da Escuta P\u00fablica<br><a href=\"https:\/\/forms.gle\/iQLYgiwuDCeJuDJQ7\" target=\"_blank\" rel=\"noreferrer noopener\">https:\/\/forms.gle\/iQLYgiwuDCeJuDJQ7<\/a><\/p>\n\n\n\n<p><strong>FIQUE POR DENTRO<\/strong><\/p>\n\n\n\n<p>No dia 03 de junho de 2023 foi realizada pelo Departamento de Turismo, Cultura, Esporte e Lazer e Conselho Municipal de Pol\u00edtica Cultural ( COMCULT) a 1\u00aa Escuta P\u00fablica de forma presencial no Centro Cultural Gov. M\u00e1rio Covas onde foram abordados informa\u00e7\u00f5es sobre o funcionamento da Lei Complementar n\u00ba 195, de 8 de julho de 2022, conhecida como Lei Paulo Gustavo (LPG) e o recolhimento de sugest\u00f5es dos participantes para a formula\u00e7\u00e3o do Plano de A\u00e7\u00e3o que atualmente j\u00e1 se encontra aprovado pelo Minist\u00e9rio de Cultura.<\/p>\n\n\n\n<p>Agora o passo seguinte \u00e9 colher informa\u00e7\u00f5es mais detalhadas por meio desta escuta p\u00fablica para a elabora\u00e7\u00e3o dos Editais que ser\u00e3o os mecanismos para o recebimento dos projetos e repasse dos recursos oriundos do Governo Federal ao munic\u00edpio.<\/p>\n\n\n\n<p>O valor total destinado pelo Minist\u00e9rio da Cultura do Governo Federal ao nosso munic\u00edpio \u00e9 o de R$ 261.247,31, sendo R$ 185.929,71 ao setor audiovisual e R$ 75.317,60 para demais \u00e1reas culturais exceto audiovisual.<\/p>\n","protected":false},"excerpt":{"rendered":"<p>Com o objetivo de receber maiores contribui\u00e7\u00f5es e informa\u00e7\u00f5es para organiza\u00e7\u00e3o e planejamento da constru\u00e7\u00e3o dos Editais referentes \u00e0 &#8220;LPG&#8221;,<\/p>\n","protected":false},"author":1,"featured_media":9235,"comment_status":"closed","ping_status":"open","sticky":false,"template":"","format":"standard","meta":{"footnotes":""},"categories":[153,52],"tags":[],"class_list":["post-9234","post","type-post","status-publish","format-standard","has-post-thumbnail","hentry","category-paulo-gustavo","category-latest"],"_links":{"self":[{"href":"https:\/\/www.santaritadopassaquatro.sp.gov.br\/portal\/wp-json\/wp\/v2\/posts\/9234","targetHints":{"allow":["GET"]}}],"collection":[{"href":"https:\/\/www.santaritadopassaquatro.sp.gov.br\/portal\/wp-json\/wp\/v2\/posts"}],"about":[{"href":"https:\/\/www.santaritadopassaquatro.sp.gov.br\/portal\/wp-json\/wp\/v2\/types\/post"}],"author":[{"embeddable":true,"href":"https:\/\/www.santaritadopassaquatro.sp.gov.br\/portal\/wp-json\/wp\/v2\/users\/1"}],"replies":[{"embeddable":true,"href":"https:\/\/www.santaritadopassaquatro.sp.gov.br\/portal\/wp-json\/wp\/v2\/comments?post=9234"}],"version-history":[{"count":1,"href":"https:\/\/www.santaritadopassaquatro.sp.gov.br\/portal\/wp-json\/wp\/v2\/posts\/9234\/revisions"}],"predecessor-version":[{"id":9236,"href":"https:\/\/www.santaritadopassaquatro.sp.gov.br\/portal\/wp-json\/wp\/v2\/posts\/9234\/revisions\/9236"}],"wp:featuredmedia":[{"embeddable":true,"href":"https:\/\/www.santaritadopassaquatro.sp.gov.br\/portal\/wp-json\/wp\/v2\/media\/9235"}],"wp:attachment":[{"href":"https:\/\/www.santaritadopassaquatro.sp.gov.br\/portal\/wp-json\/wp\/v2\/media?parent=9234"}],"wp:term":[{"taxonomy":"category","embeddable":true,"href":"https:\/\/www.santaritadopassaquatro.sp.gov.br\/portal\/wp-json\/wp\/v2\/categories?post=9234"},{"taxonomy":"post_tag","embeddable":true,"href":"https:\/\/www.santaritadopassaquatro.sp.gov.br\/portal\/wp-json\/wp\/v2\/tags?post=9234"}],"curies":[{"name":"wp","href":"https:\/\/api.w.org\/{rel}","templated":true}]}}