{"id":930,"date":"2019-03-08T16:37:17","date_gmt":"2019-03-08T19:37:17","guid":{"rendered":"http:\/\/www.santaritadopassaquatro.sp.gov.br\/portal\/?p=930"},"modified":"2019-03-08T16:37:17","modified_gmt":"2019-03-08T19:37:17","slug":"humor-visite-a-mostra-para-rir-2-no-museu-zequinha-de-abreu","status":"publish","type":"post","link":"https:\/\/www.santaritadopassaquatro.sp.gov.br\/portal\/humor-visite-a-mostra-para-rir-2-no-museu-zequinha-de-abreu\/","title":{"rendered":"HUMOR &#8211;\u00a0Visite a \u201cMostra Para Rir 2\u201d no Museu Zequinha de Abreu"},"content":{"rendered":"<p><strong><em>Exposi\u00e7\u00e3o com caricaturas de artistas consagrados do Sal\u00e3o de Humor de Piracicaba segue at\u00e9 o pr\u00f3ximo dia 30<\/em><\/strong><\/p>\n<p>&nbsp;<\/p>\n<figure id=\"attachment_931\" aria-describedby=\"caption-attachment-931\" style=\"width: 465px\" class=\"wp-caption alignleft\"><img decoding=\"async\" class=\"wp-image-931\" src=\"http:\/\/www.santaritadopassaquatro.sp.gov.br\/portal\/wp-content\/uploads\/2019\/03\/salao_humor-300x169.jpeg\" alt=\"\" width=\"465\" height=\"262\" srcset=\"https:\/\/www.santaritadopassaquatro.sp.gov.br\/portal\/wp-content\/uploads\/2019\/03\/salao_humor-300x169.jpeg 300w, https:\/\/www.santaritadopassaquatro.sp.gov.br\/portal\/wp-content\/uploads\/2019\/03\/salao_humor-768x432.jpeg 768w, https:\/\/www.santaritadopassaquatro.sp.gov.br\/portal\/wp-content\/uploads\/2019\/03\/salao_humor-1024x576.jpeg 1024w, https:\/\/www.santaritadopassaquatro.sp.gov.br\/portal\/wp-content\/uploads\/2019\/03\/salao_humor.jpeg 1280w\" sizes=\"(max-width: 465px) 100vw, 465px\" \/><figcaption id=\"caption-attachment-931\" class=\"wp-caption-text\"><span style=\"font-size: 8pt; color: #999999;\"><em><strong>Caricaturas de personalidades conhecidas do p\u00fablico expostas na \u201cMostra Para Rir 2\u201d, no Museu Zequinha de Abreu (Divulga\u00e7\u00e3o)<\/strong><\/em><\/span><\/figcaption><\/figure>\n<p>Ap\u00f3s o grande sucesso das exposi\u00e7\u00f5es \u201cMostra para Rir\u201d e \u201cEsta Sala \u00e9 uma Piada\u201d, Santa Rita do Passa Quatro volta a receber obras de artistas premiadas nos mais de 40 anos do Sal\u00e3o Internacional de Humor de Piracicaba, um dos maiores do mundo.<\/p>\n<p>Promovida pelo Departamento Municipal de Cultura e Turimso, a \u201cMostra Para Rir 2, com aproximadamente 100 novas caricaturas premiadas de artistas do Brasil e estrangeiros, est\u00e1 em cartaz no Museu Zequinha de Abreu.<\/p>\n<p>As obras s\u00e3o do acervo do CEDHU Piracicaba (Centro Nacional de Humor Gr\u00e1fico) e o p\u00fablico se diverte com a descoberta das caricaturas de personalidades da pol\u00edtica, m\u00fasica, artistas, esportistas entre outros.<\/p>\n<p>A exposi\u00e7\u00e3o ser\u00e1 aberta ao p\u00fablico de segunda \u00e0 sexta-feira, das 9h \u00e0s 11h e das 13h \u00e0s 17 horas, e aos s\u00e1bados e domingos, das 9h \u00e0s 12 horas.<\/p>\n<p>Escolas do munic\u00edpio tamb\u00e9m podem agendar visitas monitoradas com os alunos, para isso basta ligar para o n\u00famero 3584-5974.<\/p>\n<p>Esta \u00e9 a terceira exposi\u00e7\u00e3o do Sal\u00e3o Internacional de Humor de Piracicaba em Santa Rita. Em 2017 aconteceram a primeira edi\u00e7\u00e3o da \u201cMostra Para Rir\u201d, em fevereiro, que recebeu cerca de 1,5 mil visitantes, e a \u201cEsta Sala \u00e9 uma Piada\u201d, em agosto, com traz diversos cartuns premiados de v\u00e1rias edi\u00e7\u00f5es do Sal\u00e3o.<\/p>\n<p>O sal\u00e3o de Humor de Piracicaba \u00e9 considerado um dos maiores do mundo no g\u00eanero, que revelou v\u00e1rios artistas de renome internacional durante seus mais de 40 anos de exist\u00eancia.<\/p>\n<p>&nbsp;<\/p>\n<p>&nbsp;<\/p>\n","protected":false},"excerpt":{"rendered":"<p>Exposi\u00e7\u00e3o com caricaturas de artistas consagrados do Sal\u00e3o de Humor de Piracicaba segue at\u00e9 o pr\u00f3ximo dia 30 &nbsp; Ap\u00f3s<\/p>\n","protected":false},"author":1,"featured_media":0,"comment_status":"closed","ping_status":"open","sticky":false,"template":"","format":"standard","meta":{"footnotes":""},"categories":[46,48],"tags":[],"class_list":["post-930","post","type-post","status-publish","format-standard","hentry","category-cultura","category-featured"],"_links":{"self":[{"href":"https:\/\/www.santaritadopassaquatro.sp.gov.br\/portal\/wp-json\/wp\/v2\/posts\/930","targetHints":{"allow":["GET"]}}],"collection":[{"href":"https:\/\/www.santaritadopassaquatro.sp.gov.br\/portal\/wp-json\/wp\/v2\/posts"}],"about":[{"href":"https:\/\/www.santaritadopassaquatro.sp.gov.br\/portal\/wp-json\/wp\/v2\/types\/post"}],"author":[{"embeddable":true,"href":"https:\/\/www.santaritadopassaquatro.sp.gov.br\/portal\/wp-json\/wp\/v2\/users\/1"}],"replies":[{"embeddable":true,"href":"https:\/\/www.santaritadopassaquatro.sp.gov.br\/portal\/wp-json\/wp\/v2\/comments?post=930"}],"version-history":[{"count":0,"href":"https:\/\/www.santaritadopassaquatro.sp.gov.br\/portal\/wp-json\/wp\/v2\/posts\/930\/revisions"}],"wp:attachment":[{"href":"https:\/\/www.santaritadopassaquatro.sp.gov.br\/portal\/wp-json\/wp\/v2\/media?parent=930"}],"wp:term":[{"taxonomy":"category","embeddable":true,"href":"https:\/\/www.santaritadopassaquatro.sp.gov.br\/portal\/wp-json\/wp\/v2\/categories?post=930"},{"taxonomy":"post_tag","embeddable":true,"href":"https:\/\/www.santaritadopassaquatro.sp.gov.br\/portal\/wp-json\/wp\/v2\/tags?post=930"}],"curies":[{"name":"wp","href":"https:\/\/api.w.org\/{rel}","templated":true}]}}