{"id":9315,"date":"2023-08-10T16:29:37","date_gmt":"2023-08-10T19:29:37","guid":{"rendered":"https:\/\/www.santaritadopassaquatro.sp.gov.br\/portal\/?p=9315"},"modified":"2023-08-10T16:29:39","modified_gmt":"2023-08-10T19:29:39","slug":"mhp-zequinha-de-abreu","status":"publish","type":"post","link":"https:\/\/www.santaritadopassaquatro.sp.gov.br\/portal\/mhp-zequinha-de-abreu\/","title":{"rendered":"MHP Zequinha de Abreu"},"content":{"rendered":"\n<p>S\u00e1bado (05) tivemos o prazer de receber a visita dos alunos de M\u00fasica da escola &#8220;Ad Libtum&#8221; da cidade de Ribeir\u00e3o Preto sob responsabilidade da professora Isabel Cristina.<br>Sabendo do acervo sobre a hist\u00f3ria da cidade, ferrovia e sobretudo do compositor Zequinha de Abreu, agendaram este dia para desfrutar desta visita guiada recheada de conhecimento.<br>Viva nossa Cultura e nossa Hist\u00f3ria preservada e cuidada em nosso t\u00e3o estimado Museu Hist\u00f3rico e Pedag\u00f3gico Zequinha de Abreu que a cada dia recebe visita\u00e7\u00f5es tanto de nossos mun\u00edcipes quanto de diversos turistas, dos quais todos s\u00e3o sempre muito bem recebidos pelas queridas servidoras sempre t\u00e3o receptivas e preparadas para atender os visitantes.<\/p>\n\n\n\n<p><br><strong>Hor\u00e1rios de Visita\u00e7\u00e3o<br>3\u00aa a 6\u00aa 8:00 as 11:00 13:00 as 17:00<br>S\u00e1bado 11:00 as 15:00<br>Domingo 10:00 as 14:00<br>Segunda-feira fechado para manuten\u00e7\u00e3o.<br>Para agendamento em grupos ligue<br>19 3584 5974<\/strong><\/p>\n","protected":false},"excerpt":{"rendered":"<p>S\u00e1bado (05) tivemos o prazer de receber a visita dos alunos de M\u00fasica da escola &#8220;Ad Libtum&#8221; da cidade de<\/p>\n","protected":false},"author":1,"featured_media":9316,"comment_status":"closed","ping_status":"open","sticky":false,"template":"","format":"standard","meta":{"footnotes":""},"categories":[46,60],"tags":[],"class_list":["post-9315","post","type-post","status-publish","format-standard","has-post-thumbnail","hentry","category-cultura","category-turismo"],"_links":{"self":[{"href":"https:\/\/www.santaritadopassaquatro.sp.gov.br\/portal\/wp-json\/wp\/v2\/posts\/9315","targetHints":{"allow":["GET"]}}],"collection":[{"href":"https:\/\/www.santaritadopassaquatro.sp.gov.br\/portal\/wp-json\/wp\/v2\/posts"}],"about":[{"href":"https:\/\/www.santaritadopassaquatro.sp.gov.br\/portal\/wp-json\/wp\/v2\/types\/post"}],"author":[{"embeddable":true,"href":"https:\/\/www.santaritadopassaquatro.sp.gov.br\/portal\/wp-json\/wp\/v2\/users\/1"}],"replies":[{"embeddable":true,"href":"https:\/\/www.santaritadopassaquatro.sp.gov.br\/portal\/wp-json\/wp\/v2\/comments?post=9315"}],"version-history":[{"count":1,"href":"https:\/\/www.santaritadopassaquatro.sp.gov.br\/portal\/wp-json\/wp\/v2\/posts\/9315\/revisions"}],"predecessor-version":[{"id":9317,"href":"https:\/\/www.santaritadopassaquatro.sp.gov.br\/portal\/wp-json\/wp\/v2\/posts\/9315\/revisions\/9317"}],"wp:featuredmedia":[{"embeddable":true,"href":"https:\/\/www.santaritadopassaquatro.sp.gov.br\/portal\/wp-json\/wp\/v2\/media\/9316"}],"wp:attachment":[{"href":"https:\/\/www.santaritadopassaquatro.sp.gov.br\/portal\/wp-json\/wp\/v2\/media?parent=9315"}],"wp:term":[{"taxonomy":"category","embeddable":true,"href":"https:\/\/www.santaritadopassaquatro.sp.gov.br\/portal\/wp-json\/wp\/v2\/categories?post=9315"},{"taxonomy":"post_tag","embeddable":true,"href":"https:\/\/www.santaritadopassaquatro.sp.gov.br\/portal\/wp-json\/wp\/v2\/tags?post=9315"}],"curies":[{"name":"wp","href":"https:\/\/api.w.org\/{rel}","templated":true}]}}