{"id":9318,"date":"2023-08-10T16:31:20","date_gmt":"2023-08-10T19:31:20","guid":{"rendered":"https:\/\/www.santaritadopassaquatro.sp.gov.br\/portal\/?p=9318"},"modified":"2023-08-10T16:31:21","modified_gmt":"2023-08-10T19:31:21","slug":"vista-a-coordenadoria-executiva-de-politicas-etnico-raciais-o-centro-de-referencia-afro-mestre-jorge-e-a-casa-sp-afro-brasil-oswaldo-da-silva-boge-em-araraquara","status":"publish","type":"post","link":"https:\/\/www.santaritadopassaquatro.sp.gov.br\/portal\/vista-a-coordenadoria-executiva-de-politicas-etnico-raciais-o-centro-de-referencia-afro-mestre-jorge-e-a-casa-sp-afro-brasil-oswaldo-da-silva-boge-em-araraquara\/","title":{"rendered":"Vista a Coordenadoria Executiva de Pol\u00edticas \u00c9tnico-Raciais, o Centro de Refer\u00eancia Afro \u201cMestre Jorge\u201d e a Casa SP Afro Brasil \u201cOswaldo da Silva &#8211; Bog\u00e9\u201d em Araraquara."},"content":{"rendered":"\n<p>Na manh\u00e3 desta sexta-feira, 28 de julho, a Coordenadoria Municipal de Promo\u00e7\u00e3o da Igualdade Racial, o Conselho Municipal de Promo\u00e7\u00e3o da Igualdade Racial, o Fundo Social de Solidariedade e a Administra\u00e7\u00e3o Municipal de Santa Rita do Passa Quatro visitaram a Coordenadoria Executiva de Pol\u00edticas \u00c9tnico-Raciais, o Centro de Refer\u00eancia Afro \u201cMestre Jorge\u201d e a Casa SP Afro Brasil \u201cOswaldo da Silva &#8211; Bog\u00e9\u201d em Araraquara.<br>Santa Rita esteve representada pela Coordenadora Municipal de Promo\u00e7\u00e3o da Igualdade Racial, Denise Serafim, pelo Presidente do COMPIR, Jo\u00e3o V\u00edtor Frutuoso, pela Presidente do Fundo Social de Solidariedade, Mislene Milanez Candido dos Reis, e pelo Vice-prefeito, M\u00e1rcio Reis.<br>A visita foi recepcionada pela Coordenadora Executiva de Pol\u00edticas \u00c9tnico-Raciais e Coordenadora do Centro de Refer\u00eancia Afro \u201cMestre Jorge\u201d de Araraquara, Alessandra Laurindo.<br>Momentos de partilhas e aprendizados sobre as estruturas voltadas a comunidade negra em Araraquara, articulando constru\u00e7\u00f5es futuras e aprimoramento para as pol\u00edticas de promo\u00e7\u00e3o da igualdade racial em Santa Rita do Passa Quatro!<\/p>\n","protected":false},"excerpt":{"rendered":"<p>Na manh\u00e3 desta sexta-feira, 28 de julho, a Coordenadoria Municipal de Promo\u00e7\u00e3o da Igualdade Racial, o Conselho Municipal de Promo\u00e7\u00e3o<\/p>\n","protected":false},"author":1,"featured_media":9319,"comment_status":"closed","ping_status":"open","sticky":false,"template":"","format":"standard","meta":{"footnotes":""},"categories":[62,52],"tags":[],"class_list":["post-9318","post","type-post","status-publish","format-standard","has-post-thumbnail","hentry","category-fundo-social","category-latest"],"_links":{"self":[{"href":"https:\/\/www.santaritadopassaquatro.sp.gov.br\/portal\/wp-json\/wp\/v2\/posts\/9318","targetHints":{"allow":["GET"]}}],"collection":[{"href":"https:\/\/www.santaritadopassaquatro.sp.gov.br\/portal\/wp-json\/wp\/v2\/posts"}],"about":[{"href":"https:\/\/www.santaritadopassaquatro.sp.gov.br\/portal\/wp-json\/wp\/v2\/types\/post"}],"author":[{"embeddable":true,"href":"https:\/\/www.santaritadopassaquatro.sp.gov.br\/portal\/wp-json\/wp\/v2\/users\/1"}],"replies":[{"embeddable":true,"href":"https:\/\/www.santaritadopassaquatro.sp.gov.br\/portal\/wp-json\/wp\/v2\/comments?post=9318"}],"version-history":[{"count":1,"href":"https:\/\/www.santaritadopassaquatro.sp.gov.br\/portal\/wp-json\/wp\/v2\/posts\/9318\/revisions"}],"predecessor-version":[{"id":9320,"href":"https:\/\/www.santaritadopassaquatro.sp.gov.br\/portal\/wp-json\/wp\/v2\/posts\/9318\/revisions\/9320"}],"wp:featuredmedia":[{"embeddable":true,"href":"https:\/\/www.santaritadopassaquatro.sp.gov.br\/portal\/wp-json\/wp\/v2\/media\/9319"}],"wp:attachment":[{"href":"https:\/\/www.santaritadopassaquatro.sp.gov.br\/portal\/wp-json\/wp\/v2\/media?parent=9318"}],"wp:term":[{"taxonomy":"category","embeddable":true,"href":"https:\/\/www.santaritadopassaquatro.sp.gov.br\/portal\/wp-json\/wp\/v2\/categories?post=9318"},{"taxonomy":"post_tag","embeddable":true,"href":"https:\/\/www.santaritadopassaquatro.sp.gov.br\/portal\/wp-json\/wp\/v2\/tags?post=9318"}],"curies":[{"name":"wp","href":"https:\/\/api.w.org\/{rel}","templated":true}]}}