{"id":933,"date":"2019-03-08T16:39:06","date_gmt":"2019-03-08T19:39:06","guid":{"rendered":"http:\/\/www.santaritadopassaquatro.sp.gov.br\/portal\/?p=933"},"modified":"2019-03-08T16:39:06","modified_gmt":"2019-03-08T19:39:06","slug":"humor-santa-rita-volta-a-receber-comedia-stand-up-com-andre-massa","status":"publish","type":"post","link":"https:\/\/www.santaritadopassaquatro.sp.gov.br\/portal\/humor-santa-rita-volta-a-receber-comedia-stand-up-com-andre-massa\/","title":{"rendered":"HUMOR &#8211;\u00a0Santa Rita volta a receber com\u00e9dia stand up com Andr\u00e9 Massa"},"content":{"rendered":"<p><strong><em>Atra\u00e7\u00e3o acontece no Centro Cultural, no pr\u00f3ximo s\u00e1bado, em dois hor\u00e1rios, os ingressos devem ser trocados por 1 litro de leite em prol do Asilo<\/em><\/strong><\/p>\n<p>&nbsp;<\/p>\n<figure id=\"attachment_934\" aria-describedby=\"caption-attachment-934\" style=\"width: 412px\" class=\"wp-caption alignleft\"><img decoding=\"async\" class=\"wp-image-934\" src=\"http:\/\/www.santaritadopassaquatro.sp.gov.br\/portal\/wp-content\/uploads\/2019\/03\/03_andre_massa_asilo_out18-300x225.jpg\" alt=\"\" width=\"412\" height=\"305\" \/><figcaption id=\"caption-attachment-934\" class=\"wp-caption-text\"><span style=\"font-size: 8pt; color: #999999;\"><strong><em>Andr\u00e9 Massa, com a vice-prefeita Maria Rita Mondin de Oliveira e equipe Departamento Cultura, durante entrega dos alimentos \u00e0 diretoria do Asilo (Divulga\u00e7\u00e3o)<\/em><\/strong><\/span><\/figcaption><\/figure>\n<p>Pela terceira vez, Santa Rita do Passa Quatro ir\u00e1 receber a com\u00e9dia <em>stand up<\/em> Comediologia, com Andr\u00e9 Massa. Promovida com apoio do Departamento de Cultura e Turismo, da Prefeitura Municipal, a atra\u00e7\u00e3o, com expectativa de muitas gargalhadas, acontece no pr\u00f3ximo s\u00e1bado (16\/3) no Centro Cultural M\u00e1rio Covas, em dois hor\u00e1rios, \u00e0s 17h e \u00e0s 20 horas.<\/p>\n<p>Os ingressos s\u00e3o limitados e parra adquirir basta trocar por 1 litro de leite, no Museu Zequinha de Abreu (Pra\u00e7a Poeta Mario Mattoso &#8211; Esta\u00e7\u00e3o), de segunda a sexta-feira, das 8h \u00e0s 11h e 13h \u00e0s 17 horas. O leite arrecadado ser\u00e1 destinado ao Lar S\u00e3o Vicente de Paulo (Asilo).<\/p>\n<p>Com participa\u00e7\u00f5es especiais de Rafa Bonfim e Kadu Rams\u00e9s, no espet\u00e1culo, Andr\u00e9 Massa promete um show de humor repleto de alegria, sem pol\u00eamicas, sem palavr\u00f5es e sem ultrapassar os \u201climites sociais\u201d, com diversas performances e in\u00fameras gargalhadas.<\/p>\n<p>Este \u00e9 a terceira vez que comediante se apresenta em Santa Rita. Em agosto e outubro de 2018 Andr\u00e9 Massa proporcionou muitas gargalhadas aos presentes e ainda arrecadou alimentos que foram destinados ao Lar S\u00e3o Vicente de Paulo (Asilo).<\/p>\n<p>Andr\u00e9 Massa j\u00e1 soma mais de 90 mil seguidores em suas redes sociais e 300 mil visualiza\u00e7\u00f5es de v\u00eddeos no facebook. Hoje, o ator \u00e9 considerado uma das revela\u00e7\u00f5es do humor brasileiro. J\u00e1 passou por grandes r\u00e1dios e se consolida cada vez mais como apresentador no SBT de Ribeir\u00e3o Preto.<\/p>\n<p>&nbsp;<\/p>\n<blockquote><p><strong>SERVI\u00c7O<br \/>\nCOMEDIOLOGIA \u2013 <em>Stand up<\/em> com Andr\u00e9 Massa<br \/>\nQUANDO: <\/strong>s\u00e1bado, 16 de mar\u00e7o, \u00e0s 17h e 20 horas.<strong><br \/>\nONDE: <\/strong>Centro Cultural M\u00e1rio Covas.<br \/>\n<strong>Classifica\u00e7\u00e3o:<\/strong> 12 anos.<br \/>\n<strong>INGRESSOS: <\/strong>1 litro de leite (em benef\u00edcio ao Lar S\u00e3o Vicente de Paulo &#8211; Asilo). Trocar no Museu Zequinha de Abreu.<\/p><\/blockquote>\n<p>&nbsp;<\/p>\n<p>&nbsp;<\/p>\n<p><strong>\u00a0<\/strong><\/p>\n<p>&nbsp;<\/p>\n<p>&nbsp;<\/p>\n","protected":false},"excerpt":{"rendered":"<p>Atra\u00e7\u00e3o acontece no Centro Cultural, no pr\u00f3ximo s\u00e1bado, em dois hor\u00e1rios, os ingressos devem ser trocados por 1 litro de<\/p>\n","protected":false},"author":1,"featured_media":0,"comment_status":"closed","ping_status":"open","sticky":false,"template":"","format":"standard","meta":{"footnotes":""},"categories":[46,48],"tags":[],"class_list":["post-933","post","type-post","status-publish","format-standard","hentry","category-cultura","category-featured"],"_links":{"self":[{"href":"https:\/\/www.santaritadopassaquatro.sp.gov.br\/portal\/wp-json\/wp\/v2\/posts\/933","targetHints":{"allow":["GET"]}}],"collection":[{"href":"https:\/\/www.santaritadopassaquatro.sp.gov.br\/portal\/wp-json\/wp\/v2\/posts"}],"about":[{"href":"https:\/\/www.santaritadopassaquatro.sp.gov.br\/portal\/wp-json\/wp\/v2\/types\/post"}],"author":[{"embeddable":true,"href":"https:\/\/www.santaritadopassaquatro.sp.gov.br\/portal\/wp-json\/wp\/v2\/users\/1"}],"replies":[{"embeddable":true,"href":"https:\/\/www.santaritadopassaquatro.sp.gov.br\/portal\/wp-json\/wp\/v2\/comments?post=933"}],"version-history":[{"count":0,"href":"https:\/\/www.santaritadopassaquatro.sp.gov.br\/portal\/wp-json\/wp\/v2\/posts\/933\/revisions"}],"wp:attachment":[{"href":"https:\/\/www.santaritadopassaquatro.sp.gov.br\/portal\/wp-json\/wp\/v2\/media?parent=933"}],"wp:term":[{"taxonomy":"category","embeddable":true,"href":"https:\/\/www.santaritadopassaquatro.sp.gov.br\/portal\/wp-json\/wp\/v2\/categories?post=933"},{"taxonomy":"post_tag","embeddable":true,"href":"https:\/\/www.santaritadopassaquatro.sp.gov.br\/portal\/wp-json\/wp\/v2\/tags?post=933"}],"curies":[{"name":"wp","href":"https:\/\/api.w.org\/{rel}","templated":true}]}}