{"id":9377,"date":"2023-08-25T13:33:42","date_gmt":"2023-08-25T16:33:42","guid":{"rendered":"https:\/\/www.santaritadopassaquatro.sp.gov.br\/portal\/?p=9377"},"modified":"2023-08-25T17:04:38","modified_gmt":"2023-08-25T20:04:38","slug":"convite-especial","status":"publish","type":"post","link":"https:\/\/www.santaritadopassaquatro.sp.gov.br\/portal\/convite-especial\/","title":{"rendered":"CONVITE ESPECIAL!!!!"},"content":{"rendered":"\n<p>A Hora \u00e9 agora !!!! Vamos Participar, chamem os amigos e amigas. Compartilhem!!!<\/p>\n\n\n\n<p>2\u00aa CONFER\u00caNCIA MUNICIPAL DE CULTURA\ud83c\udfad<\/p>\n\n\n\n<p>A Confer\u00eancia Municipal de Cultura \u00e9 uma constru\u00e7\u00e3o fundamental dentro da Confer\u00eancia Nacional de Cultura. \u00c9 um momento de uni\u00e3o social, onde a gest\u00e3o municipal, a comunidade, a sociedade civil organizada, os artistas e os fazedores de cultura se re\u00fanem para analisar a situa\u00e7\u00e3o atual da \u00e1rea cultural e propor diretrizes para a cria\u00e7\u00e3o de pol\u00edticas p\u00fablicas em \u00e2mbito municipal, estadual e federal. Este ano, a Confer\u00eancia traz como tema: &#8216;Democracia e Direito \u00e0 Cultura&#8217; em conformidade com a Portaria do Minist\u00e9rio da Cultura n\u00ba 45 de 14 de julho de 2023.<\/p>\n\n\n\n<p>A 2\u00aa Confer\u00eancia Municipal de Cultura de Santa Rita do Passa Quatro acontecer\u00e1 no Centro Cultural Gov. M\u00e1rio Covas das 9h \u00e0s 19h (com pausa para lanche no local).<br>Para participar da Confer\u00eancia \u00e9 s\u00f3 chegar e se credenciar no local.<\/p>\n\n\n\n<p>Pedimos que respondam o link abaixo que cont\u00e9m um formul\u00e1rio simples e ficar\u00e1 aberto at\u00e9 dia 30 de agosto (4\u00aa feira), mas que \u00e9 parte importante para o planejamento da 2\u00aa Confer\u00eancia Municipal de Cultura que tamb\u00e9m contribuir\u00e1 para a elabora\u00e7\u00e3o participativa do Plano Municipal de Cultura de Santa Rita do Passa Quatro &#8211; SP.<br>https:\/\/forms.gle\/JULmZ35hUymgCdmH8<\/p>\n\n\n\n<p>A Confer\u00eancia \u00e9 uma realiza\u00e7\u00e3o do Departamento de Turismo, Cultura, Esporte e Lazer da Prefeitura Municipal de Santa Rita do Passa Quatro em conjunto com o Conselho Municipal de Pol\u00edtica Cultural ( COMCULT).<\/p>\n\n\n\n<p>Para obter mais informa\u00e7\u00f5es, fiquem atentos \u00e0s redes sociais instagram e facebook Cultura Santa Rita e Comcult srpq e canais oficiais da Prefeitura Municipal.<\/p>\n","protected":false},"excerpt":{"rendered":"<p>A Hora \u00e9 agora !!!! Vamos Participar, chamem os amigos e amigas. Compartilhem!!! 2\u00aa CONFER\u00caNCIA MUNICIPAL DE CULTURA\ud83c\udfad A Confer\u00eancia<\/p>\n","protected":false},"author":1,"featured_media":9378,"comment_status":"closed","ping_status":"open","sticky":false,"template":"","format":"standard","meta":{"footnotes":""},"categories":[46],"tags":[],"class_list":["post-9377","post","type-post","status-publish","format-standard","has-post-thumbnail","hentry","category-cultura"],"_links":{"self":[{"href":"https:\/\/www.santaritadopassaquatro.sp.gov.br\/portal\/wp-json\/wp\/v2\/posts\/9377","targetHints":{"allow":["GET"]}}],"collection":[{"href":"https:\/\/www.santaritadopassaquatro.sp.gov.br\/portal\/wp-json\/wp\/v2\/posts"}],"about":[{"href":"https:\/\/www.santaritadopassaquatro.sp.gov.br\/portal\/wp-json\/wp\/v2\/types\/post"}],"author":[{"embeddable":true,"href":"https:\/\/www.santaritadopassaquatro.sp.gov.br\/portal\/wp-json\/wp\/v2\/users\/1"}],"replies":[{"embeddable":true,"href":"https:\/\/www.santaritadopassaquatro.sp.gov.br\/portal\/wp-json\/wp\/v2\/comments?post=9377"}],"version-history":[{"count":1,"href":"https:\/\/www.santaritadopassaquatro.sp.gov.br\/portal\/wp-json\/wp\/v2\/posts\/9377\/revisions"}],"predecessor-version":[{"id":9379,"href":"https:\/\/www.santaritadopassaquatro.sp.gov.br\/portal\/wp-json\/wp\/v2\/posts\/9377\/revisions\/9379"}],"wp:featuredmedia":[{"embeddable":true,"href":"https:\/\/www.santaritadopassaquatro.sp.gov.br\/portal\/wp-json\/wp\/v2\/media\/9378"}],"wp:attachment":[{"href":"https:\/\/www.santaritadopassaquatro.sp.gov.br\/portal\/wp-json\/wp\/v2\/media?parent=9377"}],"wp:term":[{"taxonomy":"category","embeddable":true,"href":"https:\/\/www.santaritadopassaquatro.sp.gov.br\/portal\/wp-json\/wp\/v2\/categories?post=9377"},{"taxonomy":"post_tag","embeddable":true,"href":"https:\/\/www.santaritadopassaquatro.sp.gov.br\/portal\/wp-json\/wp\/v2\/tags?post=9377"}],"curies":[{"name":"wp","href":"https:\/\/api.w.org\/{rel}","templated":true}]}}