{"id":938,"date":"2019-03-08T16:43:04","date_gmt":"2019-03-08T19:43:04","guid":{"rendered":"http:\/\/www.santaritadopassaquatro.sp.gov.br\/portal\/?p=938"},"modified":"2019-03-08T16:43:04","modified_gmt":"2019-03-08T19:43:04","slug":"santa-rita-ira-receber-o-3o-torneio-atletismo-paulista","status":"publish","type":"post","link":"https:\/\/www.santaritadopassaquatro.sp.gov.br\/portal\/santa-rita-ira-receber-o-3o-torneio-atletismo-paulista\/","title":{"rendered":"Santa Rita ir\u00e1 receber o 3\u00ba Torneio Atletismo Paulista"},"content":{"rendered":"<p><strong><em>Promovida pela Confedera\u00e7\u00e3o Brasileira e Federa\u00e7\u00e3o Paulista de Atletismo, com Departamento de Esportes competi\u00e7\u00e3o acontece no pr\u00f3ximo s\u00e1bado <\/em><\/strong><\/p>\n<p>&nbsp;<\/p>\n<figure id=\"attachment_939\" aria-describedby=\"caption-attachment-939\" style=\"width: 456px\" class=\"wp-caption alignleft\"><img decoding=\"async\" class=\"wp-image-939\" src=\"http:\/\/www.santaritadopassaquatro.sp.gov.br\/portal\/wp-content\/uploads\/2019\/03\/camp_atletismo-300x169.jpeg\" alt=\"\" width=\"456\" height=\"267\" \/><figcaption id=\"caption-attachment-939\" class=\"wp-caption-text\"><span style=\"font-size: 8pt; color: #999999;\"><em><strong>Movimenta\u00e7\u00e3o de atletas no Centro Ol\u00edmpico durante realiza\u00e7\u00e3o do Camp de Atletismo em janeiro (divulga\u00e7\u00e3o)<\/strong><\/em><\/span><\/figcaption><\/figure>\n<p>O Centro Ol\u00edmpico de Santa Rita do Passa Quatro est\u00e1 cada vez mais se consolidando como um importante celeiro na forma\u00e7\u00e3o de atletas de alto desempenho. A prova disso, s\u00e3o os eventos que o munic\u00edpio vem recebendo desde sua inaugura\u00e7\u00e3o.<\/p>\n<p>No pr\u00f3ximo s\u00e1bado, o Centro Ol\u00edmpico ir\u00e1 receber uma competi\u00e7\u00e3o de n\u00edvel nacional e internacional, para atletas federados. O 3\u00ba Torneio Atletismo Paulista, promovida pela Confedera\u00e7\u00e3o Brasileira e Federa\u00e7\u00e3o Paulista de Atletismo, com Departamento de Esportes, acontece durante todo o dia, das 8h \u00e0s 18 horas. Ser\u00e3o provas de atletismo com homologa\u00e7\u00e3o de resultados para fins de obten\u00e7\u00e3o de \u00edndices para participa\u00e7\u00e3o em competi\u00e7\u00f5es de n\u00edvel nacional e internacional.<\/p>\n<p>A programa\u00e7\u00e3o come\u00e7a com Congresso T\u00e9cnico e logo em seguida acontecem as disputas de corridas de 60, 75, 100, 1000 e 5000 metros rasos; 80, 100, 110 e 400 metros com barreiras; salto triplo, salto em dist\u00e2ncia, salto em altura; arremesso do peso, lan\u00e7amento do disco, lan\u00e7amento do dardo e lan\u00e7amento do martelo, nas categorias masculino e feminino.<\/p>\n<p>Este \u00e9 o segundo grande evento do ano no Centro Ol\u00edmpico. Em janeiro o munic\u00edpio recebeu o 1\u00ba Camping de Atletismo Para Capacita\u00e7\u00e3o T\u00e9cnica e Treinamento, com a presen\u00e7a dos ex-atletas Edson Luciano Ribeiro (medalhista ol\u00edmpico em Atlanta e Sidney), Rosemar Maria Coelho (medalhista ol\u00edmpica em Pequin), o presidente da Federa\u00e7\u00e3o Paulista de Atletismo Joel Oliveira e cerca de 80 atletas.<\/p>\n<p>Na \u00e9poca tamb\u00e9m foi assinado um conv\u00eanio para implanta\u00e7\u00e3o no munic\u00edpio do Programa SESI-SP Atleta do Futuro, oferecido gratuitamente para crian\u00e7as e jovens de 6 a 17 anos.<\/p>\n<p><strong>\u00a0<\/strong><\/p>\n<p>&nbsp;<\/p>\n","protected":false},"excerpt":{"rendered":"<p>Promovida pela Confedera\u00e7\u00e3o Brasileira e Federa\u00e7\u00e3o Paulista de Atletismo, com Departamento de Esportes competi\u00e7\u00e3o acontece no pr\u00f3ximo s\u00e1bado &nbsp; O<\/p>\n","protected":false},"author":1,"featured_media":0,"comment_status":"closed","ping_status":"open","sticky":false,"template":"","format":"standard","meta":{"footnotes":""},"categories":[48,51,52],"tags":[],"class_list":["post-938","post","type-post","status-publish","format-standard","hentry","category-featured","category-sports","category-latest"],"_links":{"self":[{"href":"https:\/\/www.santaritadopassaquatro.sp.gov.br\/portal\/wp-json\/wp\/v2\/posts\/938","targetHints":{"allow":["GET"]}}],"collection":[{"href":"https:\/\/www.santaritadopassaquatro.sp.gov.br\/portal\/wp-json\/wp\/v2\/posts"}],"about":[{"href":"https:\/\/www.santaritadopassaquatro.sp.gov.br\/portal\/wp-json\/wp\/v2\/types\/post"}],"author":[{"embeddable":true,"href":"https:\/\/www.santaritadopassaquatro.sp.gov.br\/portal\/wp-json\/wp\/v2\/users\/1"}],"replies":[{"embeddable":true,"href":"https:\/\/www.santaritadopassaquatro.sp.gov.br\/portal\/wp-json\/wp\/v2\/comments?post=938"}],"version-history":[{"count":0,"href":"https:\/\/www.santaritadopassaquatro.sp.gov.br\/portal\/wp-json\/wp\/v2\/posts\/938\/revisions"}],"wp:attachment":[{"href":"https:\/\/www.santaritadopassaquatro.sp.gov.br\/portal\/wp-json\/wp\/v2\/media?parent=938"}],"wp:term":[{"taxonomy":"category","embeddable":true,"href":"https:\/\/www.santaritadopassaquatro.sp.gov.br\/portal\/wp-json\/wp\/v2\/categories?post=938"},{"taxonomy":"post_tag","embeddable":true,"href":"https:\/\/www.santaritadopassaquatro.sp.gov.br\/portal\/wp-json\/wp\/v2\/tags?post=938"}],"curies":[{"name":"wp","href":"https:\/\/api.w.org\/{rel}","templated":true}]}}