{"id":9398,"date":"2023-09-06T14:21:58","date_gmt":"2023-09-06T17:21:58","guid":{"rendered":"http:\/\/www.santaritadopassaquatro.sp.gov.br\/portal\/?p=9398"},"modified":"2023-09-06T14:22:26","modified_gmt":"2023-09-06T17:22:26","slug":"62o-festival-zequinha-de-abreu","status":"publish","type":"post","link":"https:\/\/www.santaritadopassaquatro.sp.gov.br\/portal\/62o-festival-zequinha-de-abreu\/","title":{"rendered":"62\u00ba FESTIVAL ZEQUINHA DE ABREU"},"content":{"rendered":"\n<p>Vem a\u00ed o festival de maior tradi\u00e7\u00e3o cultural do nosso munic\u00edpio, o 62\u00ba Festival Zequinha de Abreu, promovido pela Prefeitura Municipal por meio do Departamento de Turismo, Cultura, Esporte e Lazer.<\/p>\n\n\n\n<p>O Festival, vem sendo realizado desde 1961, uma reuni\u00e3o de eventos art\u00edstico-culturais onde contar\u00e1 com diversas atra\u00e7\u00f5es que passam pela m\u00fasica, dan\u00e7a e poesia, al\u00e9m do retorno da Banda Musical Zequinha de Abreu fazendo a abertura do Desfile de Bandas e Fanfarras, fomentando a nossa cultura e arte local garantindo que este importante \u201cPatrim\u00f4nio Cultural\u201d &#8211; Zequinha de Abreu &#8211; um dos maiores compositores da m\u00fasica popular brasileira e autor de Tico-Tico no fub\u00e1, n\u00e3o se perca no tempo sobretudo para as futuras gera\u00e7\u00f5es.<\/p>\n\n\n\n<p>CONFIRAM A PROGRAMA\u00c7\u00c3O COMPLETA!<\/p>\n\n\n\n<p>15\/09 (6\u00aa feira) \u2013 Pra\u00e7a Poeta Mario Mattoso (Esta\u00e7\u00e3o)<br>19h30 ABERTURA OFICIAL<br>20h00 DAN\u00c7A COM RODRIGO PIOVATTO E SHEILA MORAES<br>20h15 SHOW COM ZEZ\u00c9 MOTTA (atra\u00e7\u00e3o contemplada pelo Circuito Cult SP)<\/p>\n\n\n\n<p>16\/09 (s\u00e1bado) \u2013 Pra\u00e7a Volunt\u00e1rio Silvano (Ros\u00e1rio)<br>11h00 GRUPO MUSICAL \u201cCHORO DA CASA\u201d<\/p>\n\n\n\n<p>16\/09 (s\u00e1bado) &#8211; Pra\u00e7a Poeta Mario Mattoso (Esta\u00e7\u00e3o)<br>20h00 GRUPO MUSICAL \u201cAS CHORONAS\u201d (atra\u00e7\u00e3o contemplada pelo Proac Editais)<\/p>\n\n\n\n<p>17\/09 (domingo) &#8211; Santu\u00e1rio Santa Rita de C\u00e1ssia<br>9h00 MISSA \u00c0 ZEQUINHA DE ABREU<\/p>\n\n\n\n<p>17\/09 (domingo) &#8211; Morro Itatiaia<br>16h GRUPO MUSICAL \u201cREGIONAL GINGA LIGEIRA\u201d<\/p>\n\n\n\n<p>19\/09 (3\u00aa feira) &#8211; Pra\u00e7a Zequinha de Abreu<br>9h30 HOMENAGEM NO BUSTO COM O GRUPO DE CHORO \u201cSURURU NA CIDADE\u201d E INTERVEN\u00c7\u00d5ES ART\u00cdSTICAS.<\/p>\n\n\n\n<p>21\/09 (5\u00aa feira) \u2013 Esta\u00e7\u00e3o Sesi de Cultura<br>9h00, 10h30 e 14h00 N\u00daCLEO DE M\u00daSICA DO SESI S\u00c3O CARLOS &#8211; CAMERATA<\/p>\n\n\n\n<p>21\/09 (5\u00aa Feira) &#8211; Centro Cultural Gov. M\u00e1rio Covas<br>19h30 A HIST\u00d3RIA DE ZEQUINHA. DAS BRINCADEIRAS DE CRIAN\u00c7A AO RENOMADO COMPOSITOR. (Abevec)<\/p>\n\n\n\n<p>22\/09 (6\u00aa feira) &#8211; Centro Cultural Gov. M\u00e1rio Covas<br>19h30 COM A PALAVRA: \u201c A PALAVRA\u201d &#8211; ENCONTRO DE LITERATURA, M\u00daSICA E POESIA E POSSE DOS NOVOS MEMBROS DA ACADEMIA SANTARRITENSE DE LETRAS COM A PRESEN\u00c7A DO ESCRITOR PREMIADO, GILBERTO DE ABREU.<\/p>\n\n\n\n<p>23\/09 (s\u00e1bado) &#8211; Pra\u00e7a Poeta M\u00e1rio Mattoso<br>20h00 CONCERTO DE BANDAS SINF\u00d4NICAS<\/p>\n\n\n\n<p>24\/09 (domingo) &#8211; Avenida Severino Meirelles<br>16h00 DESFILE DE BANDAS E FANFARRAS<\/p>\n","protected":false},"excerpt":{"rendered":"<p>Vem a\u00ed o festival de maior tradi\u00e7\u00e3o cultural do nosso munic\u00edpio, o 62\u00ba Festival Zequinha de Abreu, promovido pela Prefeitura<\/p>\n","protected":false},"author":1,"featured_media":9400,"comment_status":"closed","ping_status":"open","sticky":false,"template":"","format":"standard","meta":{"footnotes":""},"categories":[46,52],"tags":[],"class_list":["post-9398","post","type-post","status-publish","format-standard","has-post-thumbnail","hentry","category-cultura","category-latest"],"_links":{"self":[{"href":"https:\/\/www.santaritadopassaquatro.sp.gov.br\/portal\/wp-json\/wp\/v2\/posts\/9398","targetHints":{"allow":["GET"]}}],"collection":[{"href":"https:\/\/www.santaritadopassaquatro.sp.gov.br\/portal\/wp-json\/wp\/v2\/posts"}],"about":[{"href":"https:\/\/www.santaritadopassaquatro.sp.gov.br\/portal\/wp-json\/wp\/v2\/types\/post"}],"author":[{"embeddable":true,"href":"https:\/\/www.santaritadopassaquatro.sp.gov.br\/portal\/wp-json\/wp\/v2\/users\/1"}],"replies":[{"embeddable":true,"href":"https:\/\/www.santaritadopassaquatro.sp.gov.br\/portal\/wp-json\/wp\/v2\/comments?post=9398"}],"version-history":[{"count":1,"href":"https:\/\/www.santaritadopassaquatro.sp.gov.br\/portal\/wp-json\/wp\/v2\/posts\/9398\/revisions"}],"predecessor-version":[{"id":9399,"href":"https:\/\/www.santaritadopassaquatro.sp.gov.br\/portal\/wp-json\/wp\/v2\/posts\/9398\/revisions\/9399"}],"wp:featuredmedia":[{"embeddable":true,"href":"https:\/\/www.santaritadopassaquatro.sp.gov.br\/portal\/wp-json\/wp\/v2\/media\/9400"}],"wp:attachment":[{"href":"https:\/\/www.santaritadopassaquatro.sp.gov.br\/portal\/wp-json\/wp\/v2\/media?parent=9398"}],"wp:term":[{"taxonomy":"category","embeddable":true,"href":"https:\/\/www.santaritadopassaquatro.sp.gov.br\/portal\/wp-json\/wp\/v2\/categories?post=9398"},{"taxonomy":"post_tag","embeddable":true,"href":"https:\/\/www.santaritadopassaquatro.sp.gov.br\/portal\/wp-json\/wp\/v2\/tags?post=9398"}],"curies":[{"name":"wp","href":"https:\/\/api.w.org\/{rel}","templated":true}]}}