{"id":9422,"date":"2023-09-22T13:31:00","date_gmt":"2023-09-22T16:31:00","guid":{"rendered":"http:\/\/www.santaritadopassaquatro.sp.gov.br\/portal\/?p=9422"},"modified":"2023-09-22T13:31:01","modified_gmt":"2023-09-22T16:31:01","slug":"vacinacao-antirrabica-no-proximo-dia-24","status":"publish","type":"post","link":"https:\/\/www.santaritadopassaquatro.sp.gov.br\/portal\/vacinacao-antirrabica-no-proximo-dia-24\/","title":{"rendered":"VACINA\u00c7\u00c3O ANTIRR\u00c1BICA NO PR\u00d3XIMO DIA 24"},"content":{"rendered":"\n<p><\/p>\n\n\n\n<p>No dia 24 de Setembro, teremos mais uma etapa de Vacina\u00e7\u00e3o Contra Raiva.<\/p>\n\n\n\n<p>A vacina\u00e7\u00e3o acontecer\u00e1 na pra\u00e7a Lauro Costa (Madre Carmelita) , Jardim Coronel Victor Meirelles<\/p>\n\n\n\n<p>Por determina\u00e7\u00e3o da Diretoria Regional de Sa\u00fade &#8211; DRS &#8211; n\u00e3o \u00e9 permitido que o mun\u00edcipe leve a dose para vacina\u00e7\u00e3o em casa.<\/p>\n\n\n\n<p>A vacina antirr\u00e1bica \u00e9 ainda a \u00fanica forma de prevenir a enfermidade e manter os pets saud\u00e1veis. Fatal em quase 100% dos casos, a raiva \u00e9 uma zoonose que pode tamb\u00e9m afetar o ser humano, por isso os cuidados se redobram no combate e preven\u00e7\u00e3o.<\/p>\n\n\n\n<p><a href=\"https:\/\/www.facebook.com\/hashtag\/antirr%C3%A1bica?__eep__=6&amp;__cft__[0]=AZWCloJ8q1nhtjr_-AZTLBUNa0jZuCDejSIn5hgbA9DcDzGEmvi90Yb3QT1vWlXbWBzvE90JiVLOcJnf3qod9cThJeo5UWfhpkO305sADORTnQlQBZxftLqg3-W-wsM8hTqQ4QhgP1hKqoWiwO3M0XkN&amp;__tn__=*NK-R\">#antirr\u00e1bica<\/a><a href=\"https:\/\/www.facebook.com\/hashtag\/santarita?__eep__=6&amp;__cft__[0]=AZWCloJ8q1nhtjr_-AZTLBUNa0jZuCDejSIn5hgbA9DcDzGEmvi90Yb3QT1vWlXbWBzvE90JiVLOcJnf3qod9cThJeo5UWfhpkO305sADORTnQlQBZxftLqg3-W-wsM8hTqQ4QhgP1hKqoWiwO3M0XkN&amp;__tn__=*NK-R\">#santarita<\/a><\/p>\n","protected":false},"excerpt":{"rendered":"<p>No dia 24 de Setembro, teremos mais uma etapa de Vacina\u00e7\u00e3o Contra Raiva. A vacina\u00e7\u00e3o acontecer\u00e1 na pra\u00e7a Lauro Costa<\/p>\n","protected":false},"author":1,"featured_media":9423,"comment_status":"closed","ping_status":"open","sticky":false,"template":"","format":"standard","meta":{"footnotes":""},"categories":[61],"tags":[],"class_list":["post-9422","post","type-post","status-publish","format-standard","has-post-thumbnail","hentry","category-comunicados-importantes"],"_links":{"self":[{"href":"https:\/\/www.santaritadopassaquatro.sp.gov.br\/portal\/wp-json\/wp\/v2\/posts\/9422","targetHints":{"allow":["GET"]}}],"collection":[{"href":"https:\/\/www.santaritadopassaquatro.sp.gov.br\/portal\/wp-json\/wp\/v2\/posts"}],"about":[{"href":"https:\/\/www.santaritadopassaquatro.sp.gov.br\/portal\/wp-json\/wp\/v2\/types\/post"}],"author":[{"embeddable":true,"href":"https:\/\/www.santaritadopassaquatro.sp.gov.br\/portal\/wp-json\/wp\/v2\/users\/1"}],"replies":[{"embeddable":true,"href":"https:\/\/www.santaritadopassaquatro.sp.gov.br\/portal\/wp-json\/wp\/v2\/comments?post=9422"}],"version-history":[{"count":1,"href":"https:\/\/www.santaritadopassaquatro.sp.gov.br\/portal\/wp-json\/wp\/v2\/posts\/9422\/revisions"}],"predecessor-version":[{"id":9424,"href":"https:\/\/www.santaritadopassaquatro.sp.gov.br\/portal\/wp-json\/wp\/v2\/posts\/9422\/revisions\/9424"}],"wp:featuredmedia":[{"embeddable":true,"href":"https:\/\/www.santaritadopassaquatro.sp.gov.br\/portal\/wp-json\/wp\/v2\/media\/9423"}],"wp:attachment":[{"href":"https:\/\/www.santaritadopassaquatro.sp.gov.br\/portal\/wp-json\/wp\/v2\/media?parent=9422"}],"wp:term":[{"taxonomy":"category","embeddable":true,"href":"https:\/\/www.santaritadopassaquatro.sp.gov.br\/portal\/wp-json\/wp\/v2\/categories?post=9422"},{"taxonomy":"post_tag","embeddable":true,"href":"https:\/\/www.santaritadopassaquatro.sp.gov.br\/portal\/wp-json\/wp\/v2\/tags?post=9422"}],"curies":[{"name":"wp","href":"https:\/\/api.w.org\/{rel}","templated":true}]}}